{"id":99927,"date":"2024-01-02T23:18:29","date_gmt":"2024-01-03T03:18:29","guid":{"rendered":"https:\/\/elversiculodeldia.com\/?p=99927"},"modified":"2024-01-08T08:51:29","modified_gmt":"2024-01-08T12:51:29","slug":"actitud-correcta-para-el-nuevo-ano","status":"publish","type":"post","link":"https:\/\/elversiculodeldia.com\/blog\/actitud-correcta-para-el-nuevo-ano\/","title":{"rendered":"Actitud correcta para el nuevo a\u00f1o"},"content":{"rendered":"<p><img loading=\"lazy\" decoding=\"async\" class=\"alignnone size-full wp-image-99928\" src=\"https:\/\/elversiculodeldia.com\/blog\/wp-content\/uploads\/2024\/01\/Actitud-correcta-para-el-nuevo-ano-cover-copy.jpg\" alt=\"\" width=\"1920\" height=\"1080\" srcset=\"https:\/\/elversiculodeldia.com\/blog\/wp-content\/uploads\/2024\/01\/Actitud-correcta-para-el-nuevo-ano-cover-copy.jpg 1920w, https:\/\/elversiculodeldia.com\/blog\/wp-content\/uploads\/2024\/01\/Actitud-correcta-para-el-nuevo-ano-cover-copy-768x432.jpg 768w, https:\/\/elversiculodeldia.com\/blog\/wp-content\/uploads\/2024\/01\/Actitud-correcta-para-el-nuevo-ano-cover-copy-1536x864.jpg 1536w\" sizes=\"auto, (max-width: 1920px) 100vw, 1920px\" \/><\/p>\n<!--[if lt IE 9]><script>document.createElement('audio');<\/script><![endif]-->\n<audio class=\"wp-audio-shortcode\" id=\"audio-99927-1\" preload=\"none\" style=\"width: 100%;\" controls=\"controls\"><source type=\"audio\/mpeg\" src=\"https:\/\/elversiculodeldia.com\/blog\/wp-content\/uploads\/2024\/01\/Actitud-correcta-para-el-nuevo-ano.mp3?_=1\" \/><a href=\"https:\/\/elversiculodeldia.com\/blog\/wp-content\/uploads\/2024\/01\/Actitud-correcta-para-el-nuevo-ano.mp3\">https:\/\/elversiculodeldia.com\/blog\/wp-content\/uploads\/2024\/01\/Actitud-correcta-para-el-nuevo-ano.mp3<\/a><\/audio>\n<p style=\"font-weight: 400;\">Una canci\u00f3n popular dice\u00a0<em>\u201ca\u00f1o nuevo, vida nueva\u201d<\/em>. Realmente no es as\u00ed porque, aunque tenemos un nuevo a\u00f1o por delante, la vida sigue, las situaciones contin\u00faan, los compromisos est\u00e1n activos, hay deudas pendientes, etc., es decir, que estas cosas sigues como vienen.<\/p>\n<p style=\"font-weight: 400;\">Pero si hay algo que podemos tener nuevo, tiene que ver con la actitud y con la forma en la que llevamos nuestra vida.<\/p>\n<p style=\"font-weight: 400;\">Cada persona tiene la oportunidad para cambiar lo que no sirve y lo que no funciona en sus vidas, es decir, que tenemos la capacidad para tomar mejores decisiones en lugar de seguir viviendo, repitiendo lo que no sirve.<\/p>\n<p style=\"font-weight: 400;\">En la Biblia en la segunda carta a Timoteo, capitulo 1, verso 7, dice as\u00ed,\u00a0<em>\u201cPues Dios no nos ha dado un esp\u00edritu de timidez, sino de poder, de amor y de dominio propio\u201d.<\/em>\u00a0(NVI)<\/p>\n<p style=\"font-weight: 400;\">En el Se\u00f1or cambia a quien quiere cambiar, porque, tal y como lo dice el vers\u00edculo, Dios nos ha dado el poder para vencer, para tener el dominio propio necesario para decidir vivir una vida renovada.<\/p>\n<p style=\"font-weight: 400;\">Es claro que nuestros pensamientos influyen en la forma en la que nos sentimos, en la que hablamos, e incluso en nuestros actos. Por eso es tan importante llenar nuestra mente con la Palabra de Dios.<\/p>\n<p style=\"font-weight: 400;\">Cuando lo hacemos le damos la oportunidad a Dios de que cambie la forma de ver la vida, y por lo tanto los pensamientos y las actitudes.<\/p>\n<p style=\"font-weight: 400;\">Decide desde hoy empezar a cambiar tu actitud, ll\u00e9nate del poder que da la Palabra de Dios; pero cuando te equivoques o cuando caigas en el error, no te maltrates, pide perd\u00f3n, perd\u00f3nate y clama por la ayuda del Esp\u00edritu Santo para levantarte y continuar.<\/p>\n<p style=\"font-weight: 400;\">Nunca olvides que no existe el triunfo total sin haber sufrido derrotas parciales.<\/p>\n<p style=\"font-weight: 400;\">Este puede ser tu mejor a\u00f1o si decides vivirlo a la manera de Dios<\/p>\n<p style=\"font-weight: 400;\">Oremos\u00a0<em>\u201cAmado Se\u00f1or, gracias por darme nuevas oportunidades, veo este a\u00f1o que comienza como el inicio para cambiar lo que hasta ahora no he cambiado y que me impide avanzar. Ay\u00fadame a tener la actitud correcta y la visi\u00f3n clara porque me dispongo a tener el mejor a\u00f1o de toda mi vida, lo pido en el Nombre de Jes\u00fas, Am\u00e9n\u201d<\/em><\/p>\n<p>Buen Dia<br \/>\nJuan C Quintero<br \/>\n<a href=\"http:\/\/tinyurl.com\/Devo616V\" target=\"_blank\" rel=\"noopener\">www.buendiatodoslosdias.com<\/a><\/p>\n<p>&nbsp;<\/p>\n","protected":false},"excerpt":{"rendered":"<p>Una canci\u00f3n popular dice\u00a0\u201ca\u00f1o nuevo, vida nueva\u201d. Realmente no es as\u00ed porque, aunque tenemos un nuevo a\u00f1o por delante, la vida sigue, las situaciones contin\u00faan, los compromisos est\u00e1n activos, hay deudas pendientes, etc., es decir, que estas cosas sigues como vienen. Pero si hay algo que podemos tener nuevo, tiene que ver con la actitud [&hellip;]<\/p>\n","protected":false},"author":30,"featured_media":99928,"comment_status":"open","ping_status":"open","sticky":false,"template":"","format":"standard","meta":{"tdm_status":"","tdm_grid_status":"","footnotes":""},"categories":[7,958,1326,2152,1139,5,2293,1328],"tags":[8749,9,8746,8747,117,1617,8,1341,8748,8744,50,2281,38,3272,462,2923,2922,3322],"class_list":{"0":"post-99927","1":"post","2":"type-post","3":"status-publish","4":"format-standard","5":"has-post-thumbnail","7":"category-devocionales","8":"category-el-versiculo-del-dia","9":"category-imagenes-3","10":"category-mensajes-cristianos","11":"category-pensamiento-del-dia","12":"category-reflexiones","13":"category-uncategorized-en","14":"category-varios","15":"tag-bendicionesdedios","16":"tag-biblia","17":"tag-citas-de-la-biblia","18":"tag-consejos-espirituales","19":"tag-cristo","20":"tag-devocional","21":"tag-dios","22":"tag-espiritu-santo","23":"tag-fortalezaespiritual","24":"tag-frases-inspiradoras-cristianas","25":"tag-iglesia","26":"tag-imagenes-con-versiculos","27":"tag-jesus","28":"tag-juan-c-quintero","29":"tag-pastor","30":"tag-pensamiento-del-dia-de-hoy","31":"tag-pensamiento-del-dia-positivo","32":"tag-vida-worship-center"},"yoast_head":"<!-- This site is optimized with the Yoast SEO plugin v27.5 - https:\/\/yoast.com\/product\/yoast-seo-wordpress\/ -->\n<title>Actitud correcta para el nuevo a\u00f1o<\/title>\n<meta name=\"description\" content=\"Actitud correcta para el nuevo a\u00f1o - El vers\u00edculo del d\u00eda\" \/>\n<meta name=\"robots\" content=\"index, follow, max-snippet:-1, max-image-preview:large, max-video-preview:-1\" \/>\n<link rel=\"canonical\" href=\"https:\/\/elversiculodeldia.com\/blog\/actitud-correcta-para-el-nuevo-ano\/\" \/>\n<meta property=\"og:locale\" content=\"en_US\" \/>\n<meta property=\"og:type\" content=\"article\" \/>\n<meta property=\"og:title\" content=\"Actitud correcta para el nuevo a\u00f1o\" \/>\n<meta property=\"og:description\" content=\"Actitud correcta para el nuevo a\u00f1o - El vers\u00edculo del d\u00eda\" \/>\n<meta property=\"og:url\" content=\"https:\/\/elversiculodeldia.com\/blog\/actitud-correcta-para-el-nuevo-ano\/\" \/>\n<meta property=\"og:site_name\" content=\"El vers\u00edculo del d\u00eda\" \/>\n<meta property=\"article:publisher\" content=\"https:\/\/www.facebook.com\/elversiculodeldia\" \/>\n<meta property=\"article:author\" content=\"https:\/\/www.facebook.com\/pastorjuanquintero\/\" \/>\n<meta property=\"article:published_time\" content=\"2024-01-03T03:18:29+00:00\" \/>\n<meta property=\"article:modified_time\" content=\"2024-01-08T12:51:29+00:00\" \/>\n<meta property=\"og:image\" content=\"https:\/\/elversiculodeldia.com\/blog\/wp-content\/uploads\/2024\/01\/Actitud-correcta-para-el-nuevo-ano-cover-copy.jpg\" \/>\n\t<meta property=\"og:image:width\" content=\"1920\" \/>\n\t<meta property=\"og:image:height\" content=\"1080\" \/>\n\t<meta property=\"og:image:type\" content=\"image\/jpeg\" \/>\n<meta name=\"author\" content=\"Juan Quintero\" \/>\n<meta name=\"twitter:card\" content=\"summary_large_image\" \/>\n<meta name=\"twitter:creator\" content=\"@elversiculo\" \/>\n<meta name=\"twitter:site\" content=\"@elversiculo\" \/>\n<meta name=\"twitter:label1\" content=\"Written by\" \/>\n\t<meta name=\"twitter:data1\" content=\"Juan Quintero\" \/>\n\t<meta name=\"twitter:label2\" content=\"Est. reading time\" \/>\n\t<meta name=\"twitter:data2\" content=\"2 minutes\" \/>\n<script type=\"application\/ld+json\" class=\"yoast-schema-graph\">{\"@context\":\"https:\\\/\\\/schema.org\",\"@graph\":[{\"@type\":\"Article\",\"@id\":\"https:\\\/\\\/elversiculodeldia.com\\\/blog\\\/actitud-correcta-para-el-nuevo-ano\\\/#article\",\"isPartOf\":{\"@id\":\"https:\\\/\\\/elversiculodeldia.com\\\/blog\\\/actitud-correcta-para-el-nuevo-ano\\\/\"},\"author\":{\"name\":\"Juan Quintero\",\"@id\":\"https:\\\/\\\/elversiculodeldia.com\\\/blog\\\/#\\\/schema\\\/person\\\/bead3290281db357e2b7d33ebdc876d2\"},\"headline\":\"Actitud correcta para el nuevo a\u00f1o\",\"datePublished\":\"2024-01-03T03:18:29+00:00\",\"dateModified\":\"2024-01-08T12:51:29+00:00\",\"mainEntityOfPage\":{\"@id\":\"https:\\\/\\\/elversiculodeldia.com\\\/blog\\\/actitud-correcta-para-el-nuevo-ano\\\/\"},\"wordCount\":416,\"commentCount\":0,\"publisher\":{\"@id\":\"https:\\\/\\\/elversiculodeldia.com\\\/blog\\\/#organization\"},\"image\":{\"@id\":\"https:\\\/\\\/elversiculodeldia.com\\\/blog\\\/actitud-correcta-para-el-nuevo-ano\\\/#primaryimage\"},\"thumbnailUrl\":\"https:\\\/\\\/elversiculodeldia.com\\\/blog\\\/wp-content\\\/uploads\\\/2024\\\/01\\\/Actitud-correcta-para-el-nuevo-ano-cover-copy.jpg\",\"keywords\":[\"BendicionesDeDios\",\"biblia\",\"Citas de la Biblia\",\"Consejos espirituales\",\"Cristo\",\"Devocional\",\"Dios\",\"Espiritu Santo\",\"FortalezaEspiritual\",\"Frases inspiradoras cristianas\",\"iglesia\",\"imagenes con versiculos\",\"Jesus\",\"JUAN C QUINTERO\",\"Pastor\",\"pensamiento del dia de hoy\",\"pensamiento del dia positivo\",\"VIDA WORSHIP CENTER\"],\"articleSection\":{\"0\":\"Devocionales\",\"1\":\"El Versiculo del dia\",\"2\":\"Imagenes\",\"3\":\"Mensajes\",\"4\":\"Pensamiento del dia\",\"5\":\"Reflexiones\",\"7\":\"Varios\"},\"inLanguage\":\"en-US\",\"potentialAction\":[{\"@type\":\"CommentAction\",\"name\":\"Comment\",\"target\":[\"https:\\\/\\\/elversiculodeldia.com\\\/blog\\\/actitud-correcta-para-el-nuevo-ano\\\/#respond\"]}]},{\"@type\":\"WebPage\",\"@id\":\"https:\\\/\\\/elversiculodeldia.com\\\/blog\\\/actitud-correcta-para-el-nuevo-ano\\\/\",\"url\":\"https:\\\/\\\/elversiculodeldia.com\\\/blog\\\/actitud-correcta-para-el-nuevo-ano\\\/\",\"name\":\"Actitud correcta para el nuevo a\u00f1o\",\"isPartOf\":{\"@id\":\"https:\\\/\\\/elversiculodeldia.com\\\/blog\\\/#website\"},\"primaryImageOfPage\":{\"@id\":\"https:\\\/\\\/elversiculodeldia.com\\\/blog\\\/actitud-correcta-para-el-nuevo-ano\\\/#primaryimage\"},\"image\":{\"@id\":\"https:\\\/\\\/elversiculodeldia.com\\\/blog\\\/actitud-correcta-para-el-nuevo-ano\\\/#primaryimage\"},\"thumbnailUrl\":\"https:\\\/\\\/elversiculodeldia.com\\\/blog\\\/wp-content\\\/uploads\\\/2024\\\/01\\\/Actitud-correcta-para-el-nuevo-ano-cover-copy.jpg\",\"datePublished\":\"2024-01-03T03:18:29+00:00\",\"dateModified\":\"2024-01-08T12:51:29+00:00\",\"description\":\"Actitud correcta para el nuevo a\u00f1o - El vers\u00edculo del d\u00eda\",\"inLanguage\":\"en-US\",\"potentialAction\":[{\"@type\":\"ReadAction\",\"target\":[\"https:\\\/\\\/elversiculodeldia.com\\\/blog\\\/actitud-correcta-para-el-nuevo-ano\\\/\"]}]},{\"@type\":\"ImageObject\",\"inLanguage\":\"en-US\",\"@id\":\"https:\\\/\\\/elversiculodeldia.com\\\/blog\\\/actitud-correcta-para-el-nuevo-ano\\\/#primaryimage\",\"url\":\"https:\\\/\\\/elversiculodeldia.com\\\/blog\\\/wp-content\\\/uploads\\\/2024\\\/01\\\/Actitud-correcta-para-el-nuevo-ano-cover-copy.jpg\",\"contentUrl\":\"https:\\\/\\\/elversiculodeldia.com\\\/blog\\\/wp-content\\\/uploads\\\/2024\\\/01\\\/Actitud-correcta-para-el-nuevo-ano-cover-copy.jpg\",\"width\":1920,\"height\":1080},{\"@type\":\"WebSite\",\"@id\":\"https:\\\/\\\/elversiculodeldia.com\\\/blog\\\/#website\",\"url\":\"https:\\\/\\\/elversiculodeldia.com\\\/blog\\\/\",\"name\":\"El Vers\u00edculo del D\u00eda\",\"description\":\"Llevando un vers\u00edculo de salvaci\u00f3n a cada coraz\u00f3n!\",\"publisher\":{\"@id\":\"https:\\\/\\\/elversiculodeldia.com\\\/blog\\\/#organization\"},\"potentialAction\":[{\"@type\":\"SearchAction\",\"target\":{\"@type\":\"EntryPoint\",\"urlTemplate\":\"https:\\\/\\\/elversiculodeldia.com\\\/blog\\\/?s={search_term_string}\"},\"query-input\":{\"@type\":\"PropertyValueSpecification\",\"valueRequired\":true,\"valueName\":\"search_term_string\"}}],\"inLanguage\":\"en-US\"},{\"@type\":\"Organization\",\"@id\":\"https:\\\/\\\/elversiculodeldia.com\\\/blog\\\/#organization\",\"name\":\"El Versiculo del Dia\",\"url\":\"https:\\\/\\\/elversiculodeldia.com\\\/blog\\\/\",\"logo\":{\"@type\":\"ImageObject\",\"inLanguage\":\"en-US\",\"@id\":\"https:\\\/\\\/elversiculodeldia.com\\\/blog\\\/#\\\/schema\\\/logo\\\/image\\\/\",\"url\":\"https:\\\/\\\/elversiculodeldia.com\\\/blog\\\/wp-content\\\/uploads\\\/2017\\\/04\\\/logoOficialEVD.png\",\"contentUrl\":\"https:\\\/\\\/elversiculodeldia.com\\\/blog\\\/wp-content\\\/uploads\\\/2017\\\/04\\\/logoOficialEVD.png\",\"width\":400,\"height\":100,\"caption\":\"El Versiculo del Dia\"},\"image\":{\"@id\":\"https:\\\/\\\/elversiculodeldia.com\\\/blog\\\/#\\\/schema\\\/logo\\\/image\\\/\"},\"sameAs\":[\"https:\\\/\\\/www.facebook.com\\\/elversiculodeldia\",\"https:\\\/\\\/x.com\\\/elversiculo\",\"https:\\\/\\\/www.instagram.com\\\/elversiculo\",\"https:\\\/\\\/www.youtube.com\\\/user\\\/elversiculodeldia\",\"https:\\\/\\\/chat.whatsapp.com\\\/HreYiXZFT8e0tZUmqriKfb\"]},{\"@type\":\"Person\",\"@id\":\"https:\\\/\\\/elversiculodeldia.com\\\/blog\\\/#\\\/schema\\\/person\\\/bead3290281db357e2b7d33ebdc876d2\",\"name\":\"Juan Quintero\",\"image\":{\"@type\":\"ImageObject\",\"inLanguage\":\"en-US\",\"@id\":\"https:\\\/\\\/elversiculodeldia.com\\\/blog\\\/wp-content\\\/uploads\\\/2021\\\/02\\\/JCQ-BIBLIA.png\",\"url\":\"https:\\\/\\\/elversiculodeldia.com\\\/blog\\\/wp-content\\\/uploads\\\/2021\\\/02\\\/JCQ-BIBLIA.png\",\"contentUrl\":\"https:\\\/\\\/elversiculodeldia.com\\\/blog\\\/wp-content\\\/uploads\\\/2021\\\/02\\\/JCQ-BIBLIA.png\",\"caption\":\"Juan Quintero\"},\"description\":\"Me llamo Juan C Quintero, soy pastor y coach en Coral Springs, Florida, en este lugar compartir\u00e9 mucho contenido gratuito de fe, de exhortaci\u00f3n y motivacional, para brindar crecimiento espiritual y personal. Encontraras videos con informaci\u00f3n relevante, interesante, actual, as\u00ed como tambi\u00e9n predicaciones cristianas, para toda la familia. Tengo la misi\u00f3n de empoderar tu vida, para que alcances todo el potencial que Dios a determinado para ti. Creo que somos seres integrales en alma, cuerpo y esp\u00edritu y que, con la ayuda de Jes\u00fas, con el poder del Esp\u00edritu Santo y con el amor de Dios el Padre llegaras a alcanzar niveles insospechados en tu vida. Todos los mensajes, art\u00edculos, videos y comentarios est\u00e1n enfocados en lograr cuatro cosas: - Que seas edificado a la manera de Jes\u00fas - Que tu familia sea cuidada - Que cumplas tu prop\u00f3sito en esta vida - Que crezcamos y nos multipliquemos como personas, entidades, organismos y como comunidad de fe Gracias por ver estos estudios y mensajes de fe y esperanza. Sinceramente Juan C Quintero Senior Pastor Vida Worship Center 10303 Royal Palm Blvd, Coral Springs, Fl 33065 email: pastor@vidawc.com Web: www.VidaWC.com\",\"sameAs\":[\"http:\\\/\\\/www.buendiatodoslosdias.com\",\"https:\\\/\\\/www.facebook.com\\\/pastorjuanquintero\\\/\",\"https:\\\/\\\/www.instagram.com\\\/vidawc\\\/\",\"https:\\\/\\\/www.youtube.com\\\/playlist?list=PLqlmwAuBIF8qNKALCu9VGBtAmN7t3Enz0\"],\"url\":\"https:\\\/\\\/elversiculodeldia.com\\\/blog\\\/author\\\/jcqpastor\\\/\"}]}<\/script>\n<!-- \/ Yoast SEO plugin. -->","yoast_head_json":{"title":"Actitud correcta para el nuevo a\u00f1o","description":"Actitud correcta para el nuevo a\u00f1o - El vers\u00edculo del d\u00eda","robots":{"index":"index","follow":"follow","max-snippet":"max-snippet:-1","max-image-preview":"max-image-preview:large","max-video-preview":"max-video-preview:-1"},"canonical":"https:\/\/elversiculodeldia.com\/blog\/actitud-correcta-para-el-nuevo-ano\/","og_locale":"en_US","og_type":"article","og_title":"Actitud correcta para el nuevo a\u00f1o","og_description":"Actitud correcta para el nuevo a\u00f1o - El vers\u00edculo del d\u00eda","og_url":"https:\/\/elversiculodeldia.com\/blog\/actitud-correcta-para-el-nuevo-ano\/","og_site_name":"El vers\u00edculo del d\u00eda","article_publisher":"https:\/\/www.facebook.com\/elversiculodeldia","article_author":"https:\/\/www.facebook.com\/pastorjuanquintero\/","article_published_time":"2024-01-03T03:18:29+00:00","article_modified_time":"2024-01-08T12:51:29+00:00","og_image":[{"width":1920,"height":1080,"url":"https:\/\/elversiculodeldia.com\/blog\/wp-content\/uploads\/2024\/01\/Actitud-correcta-para-el-nuevo-ano-cover-copy.jpg","type":"image\/jpeg"}],"author":"Juan Quintero","twitter_card":"summary_large_image","twitter_creator":"@elversiculo","twitter_site":"@elversiculo","twitter_misc":{"Written by":"Juan Quintero","Est. reading time":"2 minutes"},"schema":{"@context":"https:\/\/schema.org","@graph":[{"@type":"Article","@id":"https:\/\/elversiculodeldia.com\/blog\/actitud-correcta-para-el-nuevo-ano\/#article","isPartOf":{"@id":"https:\/\/elversiculodeldia.com\/blog\/actitud-correcta-para-el-nuevo-ano\/"},"author":{"name":"Juan Quintero","@id":"https:\/\/elversiculodeldia.com\/blog\/#\/schema\/person\/bead3290281db357e2b7d33ebdc876d2"},"headline":"Actitud correcta para el nuevo a\u00f1o","datePublished":"2024-01-03T03:18:29+00:00","dateModified":"2024-01-08T12:51:29+00:00","mainEntityOfPage":{"@id":"https:\/\/elversiculodeldia.com\/blog\/actitud-correcta-para-el-nuevo-ano\/"},"wordCount":416,"commentCount":0,"publisher":{"@id":"https:\/\/elversiculodeldia.com\/blog\/#organization"},"image":{"@id":"https:\/\/elversiculodeldia.com\/blog\/actitud-correcta-para-el-nuevo-ano\/#primaryimage"},"thumbnailUrl":"https:\/\/elversiculodeldia.com\/blog\/wp-content\/uploads\/2024\/01\/Actitud-correcta-para-el-nuevo-ano-cover-copy.jpg","keywords":["BendicionesDeDios","biblia","Citas de la Biblia","Consejos espirituales","Cristo","Devocional","Dios","Espiritu Santo","FortalezaEspiritual","Frases inspiradoras cristianas","iglesia","imagenes con versiculos","Jesus","JUAN C QUINTERO","Pastor","pensamiento del dia de hoy","pensamiento del dia positivo","VIDA WORSHIP CENTER"],"articleSection":{"0":"Devocionales","1":"El Versiculo del dia","2":"Imagenes","3":"Mensajes","4":"Pensamiento del dia","5":"Reflexiones","7":"Varios"},"inLanguage":"en-US","potentialAction":[{"@type":"CommentAction","name":"Comment","target":["https:\/\/elversiculodeldia.com\/blog\/actitud-correcta-para-el-nuevo-ano\/#respond"]}]},{"@type":"WebPage","@id":"https:\/\/elversiculodeldia.com\/blog\/actitud-correcta-para-el-nuevo-ano\/","url":"https:\/\/elversiculodeldia.com\/blog\/actitud-correcta-para-el-nuevo-ano\/","name":"Actitud correcta para el nuevo a\u00f1o","isPartOf":{"@id":"https:\/\/elversiculodeldia.com\/blog\/#website"},"primaryImageOfPage":{"@id":"https:\/\/elversiculodeldia.com\/blog\/actitud-correcta-para-el-nuevo-ano\/#primaryimage"},"image":{"@id":"https:\/\/elversiculodeldia.com\/blog\/actitud-correcta-para-el-nuevo-ano\/#primaryimage"},"thumbnailUrl":"https:\/\/elversiculodeldia.com\/blog\/wp-content\/uploads\/2024\/01\/Actitud-correcta-para-el-nuevo-ano-cover-copy.jpg","datePublished":"2024-01-03T03:18:29+00:00","dateModified":"2024-01-08T12:51:29+00:00","description":"Actitud correcta para el nuevo a\u00f1o - El vers\u00edculo del d\u00eda","inLanguage":"en-US","potentialAction":[{"@type":"ReadAction","target":["https:\/\/elversiculodeldia.com\/blog\/actitud-correcta-para-el-nuevo-ano\/"]}]},{"@type":"ImageObject","inLanguage":"en-US","@id":"https:\/\/elversiculodeldia.com\/blog\/actitud-correcta-para-el-nuevo-ano\/#primaryimage","url":"https:\/\/elversiculodeldia.com\/blog\/wp-content\/uploads\/2024\/01\/Actitud-correcta-para-el-nuevo-ano-cover-copy.jpg","contentUrl":"https:\/\/elversiculodeldia.com\/blog\/wp-content\/uploads\/2024\/01\/Actitud-correcta-para-el-nuevo-ano-cover-copy.jpg","width":1920,"height":1080},{"@type":"WebSite","@id":"https:\/\/elversiculodeldia.com\/blog\/#website","url":"https:\/\/elversiculodeldia.com\/blog\/","name":"El Vers\u00edculo del D\u00eda","description":"Llevando un vers\u00edculo de salvaci\u00f3n a cada coraz\u00f3n!","publisher":{"@id":"https:\/\/elversiculodeldia.com\/blog\/#organization"},"potentialAction":[{"@type":"SearchAction","target":{"@type":"EntryPoint","urlTemplate":"https:\/\/elversiculodeldia.com\/blog\/?s={search_term_string}"},"query-input":{"@type":"PropertyValueSpecification","valueRequired":true,"valueName":"search_term_string"}}],"inLanguage":"en-US"},{"@type":"Organization","@id":"https:\/\/elversiculodeldia.com\/blog\/#organization","name":"El Versiculo del Dia","url":"https:\/\/elversiculodeldia.com\/blog\/","logo":{"@type":"ImageObject","inLanguage":"en-US","@id":"https:\/\/elversiculodeldia.com\/blog\/#\/schema\/logo\/image\/","url":"https:\/\/elversiculodeldia.com\/blog\/wp-content\/uploads\/2017\/04\/logoOficialEVD.png","contentUrl":"https:\/\/elversiculodeldia.com\/blog\/wp-content\/uploads\/2017\/04\/logoOficialEVD.png","width":400,"height":100,"caption":"El Versiculo del Dia"},"image":{"@id":"https:\/\/elversiculodeldia.com\/blog\/#\/schema\/logo\/image\/"},"sameAs":["https:\/\/www.facebook.com\/elversiculodeldia","https:\/\/x.com\/elversiculo","https:\/\/www.instagram.com\/elversiculo","https:\/\/www.youtube.com\/user\/elversiculodeldia","https:\/\/chat.whatsapp.com\/HreYiXZFT8e0tZUmqriKfb"]},{"@type":"Person","@id":"https:\/\/elversiculodeldia.com\/blog\/#\/schema\/person\/bead3290281db357e2b7d33ebdc876d2","name":"Juan Quintero","image":{"@type":"ImageObject","inLanguage":"en-US","@id":"https:\/\/elversiculodeldia.com\/blog\/wp-content\/uploads\/2021\/02\/JCQ-BIBLIA.png","url":"https:\/\/elversiculodeldia.com\/blog\/wp-content\/uploads\/2021\/02\/JCQ-BIBLIA.png","contentUrl":"https:\/\/elversiculodeldia.com\/blog\/wp-content\/uploads\/2021\/02\/JCQ-BIBLIA.png","caption":"Juan Quintero"},"description":"Me llamo Juan C Quintero, soy pastor y coach en Coral Springs, Florida, en este lugar compartir\u00e9 mucho contenido gratuito de fe, de exhortaci\u00f3n y motivacional, para brindar crecimiento espiritual y personal. Encontraras videos con informaci\u00f3n relevante, interesante, actual, as\u00ed como tambi\u00e9n predicaciones cristianas, para toda la familia. Tengo la misi\u00f3n de empoderar tu vida, para que alcances todo el potencial que Dios a determinado para ti. Creo que somos seres integrales en alma, cuerpo y esp\u00edritu y que, con la ayuda de Jes\u00fas, con el poder del Esp\u00edritu Santo y con el amor de Dios el Padre llegaras a alcanzar niveles insospechados en tu vida. Todos los mensajes, art\u00edculos, videos y comentarios est\u00e1n enfocados en lograr cuatro cosas: - Que seas edificado a la manera de Jes\u00fas - Que tu familia sea cuidada - Que cumplas tu prop\u00f3sito en esta vida - Que crezcamos y nos multipliquemos como personas, entidades, organismos y como comunidad de fe Gracias por ver estos estudios y mensajes de fe y esperanza. Sinceramente Juan C Quintero Senior Pastor Vida Worship Center 10303 Royal Palm Blvd, Coral Springs, Fl 33065 email: pastor@vidawc.com Web: www.VidaWC.com","sameAs":["http:\/\/www.buendiatodoslosdias.com","https:\/\/www.facebook.com\/pastorjuanquintero\/","https:\/\/www.instagram.com\/vidawc\/","https:\/\/www.youtube.com\/playlist?list=PLqlmwAuBIF8qNKALCu9VGBtAmN7t3Enz0"],"url":"https:\/\/elversiculodeldia.com\/blog\/author\/jcqpastor\/"}]}},"amp_enabled":true,"_links":{"self":[{"href":"https:\/\/elversiculodeldia.com\/blog\/wp-json\/wp\/v2\/posts\/99927","targetHints":{"allow":["GET"]}}],"collection":[{"href":"https:\/\/elversiculodeldia.com\/blog\/wp-json\/wp\/v2\/posts"}],"about":[{"href":"https:\/\/elversiculodeldia.com\/blog\/wp-json\/wp\/v2\/types\/post"}],"author":[{"embeddable":true,"href":"https:\/\/elversiculodeldia.com\/blog\/wp-json\/wp\/v2\/users\/30"}],"replies":[{"embeddable":true,"href":"https:\/\/elversiculodeldia.com\/blog\/wp-json\/wp\/v2\/comments?post=99927"}],"version-history":[{"count":0,"href":"https:\/\/elversiculodeldia.com\/blog\/wp-json\/wp\/v2\/posts\/99927\/revisions"}],"wp:featuredmedia":[{"embeddable":true,"href":"https:\/\/elversiculodeldia.com\/blog\/wp-json\/wp\/v2\/media\/99928"}],"wp:attachment":[{"href":"https:\/\/elversiculodeldia.com\/blog\/wp-json\/wp\/v2\/media?parent=99927"}],"wp:term":[{"taxonomy":"category","embeddable":true,"href":"https:\/\/elversiculodeldia.com\/blog\/wp-json\/wp\/v2\/categories?post=99927"},{"taxonomy":"post_tag","embeddable":true,"href":"https:\/\/elversiculodeldia.com\/blog\/wp-json\/wp\/v2\/tags?post=99927"}],"curies":[{"name":"wp","href":"https:\/\/api.w.org\/{rel}","templated":true}]}}