{"id":98424,"date":"2023-10-13T23:31:23","date_gmt":"2023-10-14T03:31:23","guid":{"rendered":"https:\/\/elversiculodeldia.com\/?p=98424"},"modified":"2023-10-14T15:25:56","modified_gmt":"2023-10-14T19:25:56","slug":"es-vital-pasar-tiempo-con-dios","status":"publish","type":"post","link":"https:\/\/elversiculodeldia.com\/blog\/es-vital-pasar-tiempo-con-dios\/","title":{"rendered":"Es vital pasar tiempo con Dios"},"content":{"rendered":"<p><img loading=\"lazy\" decoding=\"async\" class=\"alignnone size-full wp-image-98425\" src=\"https:\/\/elversiculodeldia.com\/blog\/wp-content\/uploads\/2023\/10\/Es-vital-pasar-tiempo-con-Dios-cover-copy.jpg\" alt=\"\" width=\"1920\" height=\"1080\" srcset=\"https:\/\/elversiculodeldia.com\/blog\/wp-content\/uploads\/2023\/10\/Es-vital-pasar-tiempo-con-Dios-cover-copy.jpg 1920w, https:\/\/elversiculodeldia.com\/blog\/wp-content\/uploads\/2023\/10\/Es-vital-pasar-tiempo-con-Dios-cover-copy-768x432.jpg 768w, https:\/\/elversiculodeldia.com\/blog\/wp-content\/uploads\/2023\/10\/Es-vital-pasar-tiempo-con-Dios-cover-copy-1536x864.jpg 1536w\" sizes=\"auto, (max-width: 1920px) 100vw, 1920px\" \/><\/p>\n<!--[if lt IE 9]><script>document.createElement('audio');<\/script><![endif]-->\n<audio class=\"wp-audio-shortcode\" id=\"audio-98424-1\" preload=\"none\" style=\"width: 100%;\" controls=\"controls\"><source type=\"audio\/mpeg\" src=\"https:\/\/elversiculodeldia.com\/blog\/wp-content\/uploads\/2023\/10\/Es-vital-pasar-tiempo-con-Dios.mp3?_=1\" \/><a href=\"https:\/\/elversiculodeldia.com\/blog\/wp-content\/uploads\/2023\/10\/Es-vital-pasar-tiempo-con-Dios.mp3\">https:\/\/elversiculodeldia.com\/blog\/wp-content\/uploads\/2023\/10\/Es-vital-pasar-tiempo-con-Dios.mp3<\/a><\/audio>\n<p style=\"font-weight: 400;\">En varias oportunidades he comentado sobre la importancia de\u00a0<em>\u201cpasar tiempo con Dios\u201d<\/em>, hoy quiero darte una idea sobre\u00a0<em>\u201cc\u00f3mo hacerlo\u201d<\/em>, es decir sobre c\u00f3mo desarrollar un h\u00e1bito para fortalecer tu fe.<\/p>\n<p style=\"font-weight: 400;\">En la Biblia, en el libro de los Salmos, cap\u00edtulo 145, verso 18, dice as\u00ed,\u00a0<em>\u201cEl Se\u00f1or est\u00e1 cerca de quienes lo invocan, de quienes lo invocan en verdad\u201d<\/em>. (NVI)<\/p>\n<p style=\"font-weight: 400;\">El tiempo con Dios es decirle a \u00c9l,\u00a0<em>\u201cSe\u00f1or, aqu\u00ed estoy, acepto tu invitaci\u00f3n a estar contigo, invoco tu nombre porque s\u00e9 que estas cerca m\u00edo\u201d<\/em>.<\/p>\n<p style=\"font-weight: 400;\">Cuando pasamos tiempo con Dios, nuestra fe crece y le damos a \u00c9l m\u00e1s oportunidades conscientes para moverse en nuestra vida cotidiana.<\/p>\n<p style=\"font-weight: 400;\">Este tiempo reservado para el Se\u00f1or puede variar en la medida en la que vas aprendiendo y recibiendo m\u00e1s. Tambi\u00e9n la forma de hacerlo, por ejemplo, algunos colocar\u00e1n m\u00fasica de alabanzas, otros preferir\u00e1n el silencio completo, o tal vez conectarse mientras hace una caminata; puede ser en la ma\u00f1ana o en cualquier otra hora del d\u00eda.<\/p>\n<p style=\"font-weight: 400;\">Es decir, que no hay una f\u00f3rmula espec\u00edfica, sino que lo importante es que reserves tiempo para llenar tu mente con la verdad de Jes\u00fas y la revelaci\u00f3n que trae el Esp\u00edritu Santo.<\/p>\n<p style=\"font-weight: 400;\">Te sugiero que apliques esta din\u00e1mica, es decir que en tu tiempo de intimidad con Dios tengas estos elementos, Escritura, An\u00e1lisis, Meditaci\u00f3n y Oraci\u00f3n.<\/p>\n<p style=\"font-weight: 400;\">Escritura, lo primero es encontrar un verso o un pasaje B\u00edblico para leer. (pues usar varias traducciones para comprenderlo mejor), te sugiero que escribas el (los) verso(s) en un cuaderno para que los recuerdes. Puesto que mientras m\u00e1s Escritura leamos y conservamos, m\u00e1s podr\u00e1 el Esp\u00edritu Santo recordarnos la verdad cuando la necesitamos.<\/p>\n<p style=\"font-weight: 400;\">An\u00e1lisis, luego h\u00e1gase preguntas y observe, por ejemplo,\u00a0<em>\u00bfQu\u00e9 me llam\u00f3 la atenci\u00f3n? \u00bfPor qu\u00e9 me parece importante? \u00bfCu\u00e1l la intenci\u00f3n del autor?<\/em>, etc.<\/p>\n<p style=\"font-weight: 400;\">Meditaci\u00f3n, este es un paso muy importante, porque es cuando tomas un tiempo para reflexionar sobre c\u00f3mo podr\u00edas aplicar la lectura en tu vida. Te dar\u00e1s cuenta de que empezar\u00e1s a recibir revelaci\u00f3n del Esp\u00edritu Santo relacionada con el verso y la forma de aplicarlo.<\/p>\n<p style=\"font-weight: 400;\">Oraci\u00f3n, finalmente ora, es decir, habla con Dios, usando la reflexi\u00f3n sobre el vers\u00edculo, repitiendo lo que ya esta escrito en la Palabra de Dios, por ejemplo, si el vers\u00edculo es sobre amar a los dem\u00e1s, usa tu tiempo de oraci\u00f3n para orar a Dios para que te ayude a amar mejor a los que te rodean. Si el vers\u00edculo era sobre generosidad, p\u00eddale a Dios que te ayude a ver cada oportunidad en la que \u00c9l quiere que seas generoso(a).<\/p>\n<p style=\"font-weight: 400;\">Oremos\u00a0<em>\u201cSe\u00f1or, gracias por estar siempre presente en mi vida, quiero de coraz\u00f3n pasar tiempo contigo, para adorarte y tambi\u00e9n para recibir tu gu\u00eda y la revelaci\u00f3n de tu voluntad. Te pido que me ense\u00f1es y hagas que yo anhele pasar tiempo diario en Tu presencia, lo pido en el Nombre de Jes\u00fas, Am\u00e9n\u201d<\/em><\/p>\n<p style=\"font-weight: 400;\">Vers\u00edculo,\u00a0<em>\u201cEl Se\u00f1or est\u00e1 cerca de quienes lo invocan, de quienes lo invocan en verdad\u201d<\/em>.\u00a0\u00a0Salmos 145:18 (NVI)<\/p>\n<p>Buen Dia<br \/>\nJuan C Quintero<br \/>\n<a href=\"https:\/\/tinyurl.com\/Devo564\" target=\"_blank\" rel=\"noopener\">www.buendiatodoslosdias.com<\/a><\/p>\n","protected":false},"excerpt":{"rendered":"<p>En varias oportunidades he comentado sobre la importancia de\u00a0\u201cpasar tiempo con Dios\u201d, hoy quiero darte una idea sobre\u00a0\u201cc\u00f3mo hacerlo\u201d, es decir sobre c\u00f3mo desarrollar un h\u00e1bito para fortalecer tu fe. En la Biblia, en el libro de los Salmos, cap\u00edtulo 145, verso 18, dice as\u00ed,\u00a0\u201cEl Se\u00f1or est\u00e1 cerca de quienes lo invocan, de quienes lo [&hellip;]<\/p>\n","protected":false},"author":30,"featured_media":98425,"comment_status":"open","ping_status":"open","sticky":false,"template":"","format":"standard","meta":{"tdm_status":"","tdm_grid_status":"","footnotes":""},"categories":[7,958,2839,2152,2384,749,5,2293,1328],"tags":[29,8749,9,8746,8747,117,1617,8,1341,8748,2921,38,3272,8745,462,2924,2926,3322],"class_list":{"0":"post-98424","1":"post","2":"type-post","3":"status-publish","4":"format-standard","5":"has-post-thumbnail","7":"category-devocionales","8":"category-el-versiculo-del-dia","9":"category-lecturas","10":"category-mensajes-cristianos","11":"category-nuestro-pan-diario","12":"category-recursos","13":"category-reflexiones","14":"category-uncategorized-en","15":"category-varios","16":"tag-amor","17":"tag-bendicionesdedios","18":"tag-biblia","19":"tag-citas-de-la-biblia","20":"tag-consejos-espirituales","21":"tag-cristo","22":"tag-devocional","23":"tag-dios","24":"tag-espiritu-santo","25":"tag-fortalezaespiritual","26":"tag-frase-del-dia","27":"tag-jesus","28":"tag-juan-c-quintero","29":"tag-palabras-de-fe","30":"tag-pastor","31":"tag-pensamientos-biblicos","32":"tag-versiculo-biblico-de-bendicion","33":"tag-vida-worship-center"},"yoast_head":"<!-- This site is optimized with the Yoast SEO plugin v27.5 - https:\/\/yoast.com\/product\/yoast-seo-wordpress\/ -->\n<title>Es vital pasar tiempo con Dios<\/title>\n<meta name=\"description\" content=\"Es vital pasar tiempo con Dios - El vers\u00edculo del d\u00eda\" \/>\n<meta name=\"robots\" content=\"index, follow, max-snippet:-1, max-image-preview:large, max-video-preview:-1\" \/>\n<link rel=\"canonical\" href=\"https:\/\/elversiculodeldia.com\/blog\/es-vital-pasar-tiempo-con-dios\/\" \/>\n<meta property=\"og:locale\" content=\"en_US\" \/>\n<meta property=\"og:type\" content=\"article\" \/>\n<meta property=\"og:title\" content=\"Es vital pasar tiempo con Dios\" \/>\n<meta property=\"og:description\" content=\"Es vital pasar tiempo con Dios - El vers\u00edculo del d\u00eda\" \/>\n<meta property=\"og:url\" content=\"https:\/\/elversiculodeldia.com\/blog\/es-vital-pasar-tiempo-con-dios\/\" \/>\n<meta property=\"og:site_name\" content=\"El vers\u00edculo del d\u00eda\" \/>\n<meta property=\"article:publisher\" content=\"https:\/\/www.facebook.com\/elversiculodeldia\" \/>\n<meta property=\"article:author\" content=\"https:\/\/www.facebook.com\/pastorjuanquintero\/\" \/>\n<meta property=\"article:published_time\" content=\"2023-10-14T03:31:23+00:00\" \/>\n<meta property=\"article:modified_time\" content=\"2023-10-14T19:25:56+00:00\" \/>\n<meta property=\"og:image\" content=\"https:\/\/elversiculodeldia.com\/blog\/wp-content\/uploads\/2023\/10\/Es-vital-pasar-tiempo-con-Dios-cover-copy.jpg\" \/>\n\t<meta property=\"og:image:width\" content=\"1920\" \/>\n\t<meta property=\"og:image:height\" content=\"1080\" \/>\n\t<meta property=\"og:image:type\" content=\"image\/jpeg\" \/>\n<meta name=\"author\" content=\"Juan Quintero\" \/>\n<meta name=\"twitter:card\" content=\"summary_large_image\" \/>\n<meta name=\"twitter:creator\" content=\"@elversiculo\" \/>\n<meta name=\"twitter:site\" content=\"@elversiculo\" \/>\n<meta name=\"twitter:label1\" content=\"Written by\" \/>\n\t<meta name=\"twitter:data1\" content=\"Juan Quintero\" \/>\n\t<meta name=\"twitter:label2\" content=\"Est. reading time\" \/>\n\t<meta name=\"twitter:data2\" content=\"3 minutes\" \/>\n<script type=\"application\/ld+json\" class=\"yoast-schema-graph\">{\"@context\":\"https:\\\/\\\/schema.org\",\"@graph\":[{\"@type\":\"Article\",\"@id\":\"https:\\\/\\\/elversiculodeldia.com\\\/blog\\\/es-vital-pasar-tiempo-con-dios\\\/#article\",\"isPartOf\":{\"@id\":\"https:\\\/\\\/elversiculodeldia.com\\\/blog\\\/es-vital-pasar-tiempo-con-dios\\\/\"},\"author\":{\"name\":\"Juan Quintero\",\"@id\":\"https:\\\/\\\/elversiculodeldia.com\\\/blog\\\/#\\\/schema\\\/person\\\/bead3290281db357e2b7d33ebdc876d2\"},\"headline\":\"Es vital pasar tiempo con Dios\",\"datePublished\":\"2023-10-14T03:31:23+00:00\",\"dateModified\":\"2023-10-14T19:25:56+00:00\",\"mainEntityOfPage\":{\"@id\":\"https:\\\/\\\/elversiculodeldia.com\\\/blog\\\/es-vital-pasar-tiempo-con-dios\\\/\"},\"wordCount\":582,\"commentCount\":0,\"publisher\":{\"@id\":\"https:\\\/\\\/elversiculodeldia.com\\\/blog\\\/#organization\"},\"image\":{\"@id\":\"https:\\\/\\\/elversiculodeldia.com\\\/blog\\\/es-vital-pasar-tiempo-con-dios\\\/#primaryimage\"},\"thumbnailUrl\":\"https:\\\/\\\/elversiculodeldia.com\\\/blog\\\/wp-content\\\/uploads\\\/2023\\\/10\\\/Es-vital-pasar-tiempo-con-Dios-cover-copy.jpg\",\"keywords\":[\"amor\",\"BendicionesDeDios\",\"biblia\",\"Citas de la Biblia\",\"Consejos espirituales\",\"Cristo\",\"Devocional\",\"Dios\",\"Espiritu Santo\",\"FortalezaEspiritual\",\"frase del dia\",\"Jesus\",\"JUAN C QUINTERO\",\"Palabras de fe\",\"Pastor\",\"pensamientos biblicos\",\"versiculo biblico de bendicion\",\"VIDA WORSHIP CENTER\"],\"articleSection\":{\"0\":\"Devocionales\",\"1\":\"El Versiculo del dia\",\"2\":\"Lecturas\",\"3\":\"Mensajes\",\"4\":\"Nuestro Pan Diario\",\"5\":\"Recursos\",\"6\":\"Reflexiones\",\"8\":\"Varios\"},\"inLanguage\":\"en-US\",\"potentialAction\":[{\"@type\":\"CommentAction\",\"name\":\"Comment\",\"target\":[\"https:\\\/\\\/elversiculodeldia.com\\\/blog\\\/es-vital-pasar-tiempo-con-dios\\\/#respond\"]}]},{\"@type\":\"WebPage\",\"@id\":\"https:\\\/\\\/elversiculodeldia.com\\\/blog\\\/es-vital-pasar-tiempo-con-dios\\\/\",\"url\":\"https:\\\/\\\/elversiculodeldia.com\\\/blog\\\/es-vital-pasar-tiempo-con-dios\\\/\",\"name\":\"Es vital pasar tiempo con Dios\",\"isPartOf\":{\"@id\":\"https:\\\/\\\/elversiculodeldia.com\\\/blog\\\/#website\"},\"primaryImageOfPage\":{\"@id\":\"https:\\\/\\\/elversiculodeldia.com\\\/blog\\\/es-vital-pasar-tiempo-con-dios\\\/#primaryimage\"},\"image\":{\"@id\":\"https:\\\/\\\/elversiculodeldia.com\\\/blog\\\/es-vital-pasar-tiempo-con-dios\\\/#primaryimage\"},\"thumbnailUrl\":\"https:\\\/\\\/elversiculodeldia.com\\\/blog\\\/wp-content\\\/uploads\\\/2023\\\/10\\\/Es-vital-pasar-tiempo-con-Dios-cover-copy.jpg\",\"datePublished\":\"2023-10-14T03:31:23+00:00\",\"dateModified\":\"2023-10-14T19:25:56+00:00\",\"description\":\"Es vital pasar tiempo con Dios - El vers\u00edculo del d\u00eda\",\"inLanguage\":\"en-US\",\"potentialAction\":[{\"@type\":\"ReadAction\",\"target\":[\"https:\\\/\\\/elversiculodeldia.com\\\/blog\\\/es-vital-pasar-tiempo-con-dios\\\/\"]}]},{\"@type\":\"ImageObject\",\"inLanguage\":\"en-US\",\"@id\":\"https:\\\/\\\/elversiculodeldia.com\\\/blog\\\/es-vital-pasar-tiempo-con-dios\\\/#primaryimage\",\"url\":\"https:\\\/\\\/elversiculodeldia.com\\\/blog\\\/wp-content\\\/uploads\\\/2023\\\/10\\\/Es-vital-pasar-tiempo-con-Dios-cover-copy.jpg\",\"contentUrl\":\"https:\\\/\\\/elversiculodeldia.com\\\/blog\\\/wp-content\\\/uploads\\\/2023\\\/10\\\/Es-vital-pasar-tiempo-con-Dios-cover-copy.jpg\",\"width\":1920,\"height\":1080},{\"@type\":\"WebSite\",\"@id\":\"https:\\\/\\\/elversiculodeldia.com\\\/blog\\\/#website\",\"url\":\"https:\\\/\\\/elversiculodeldia.com\\\/blog\\\/\",\"name\":\"El Vers\u00edculo del D\u00eda\",\"description\":\"Llevando un vers\u00edculo de salvaci\u00f3n a cada coraz\u00f3n!\",\"publisher\":{\"@id\":\"https:\\\/\\\/elversiculodeldia.com\\\/blog\\\/#organization\"},\"potentialAction\":[{\"@type\":\"SearchAction\",\"target\":{\"@type\":\"EntryPoint\",\"urlTemplate\":\"https:\\\/\\\/elversiculodeldia.com\\\/blog\\\/?s={search_term_string}\"},\"query-input\":{\"@type\":\"PropertyValueSpecification\",\"valueRequired\":true,\"valueName\":\"search_term_string\"}}],\"inLanguage\":\"en-US\"},{\"@type\":\"Organization\",\"@id\":\"https:\\\/\\\/elversiculodeldia.com\\\/blog\\\/#organization\",\"name\":\"El Versiculo del Dia\",\"url\":\"https:\\\/\\\/elversiculodeldia.com\\\/blog\\\/\",\"logo\":{\"@type\":\"ImageObject\",\"inLanguage\":\"en-US\",\"@id\":\"https:\\\/\\\/elversiculodeldia.com\\\/blog\\\/#\\\/schema\\\/logo\\\/image\\\/\",\"url\":\"https:\\\/\\\/elversiculodeldia.com\\\/blog\\\/wp-content\\\/uploads\\\/2017\\\/04\\\/logoOficialEVD.png\",\"contentUrl\":\"https:\\\/\\\/elversiculodeldia.com\\\/blog\\\/wp-content\\\/uploads\\\/2017\\\/04\\\/logoOficialEVD.png\",\"width\":400,\"height\":100,\"caption\":\"El Versiculo del Dia\"},\"image\":{\"@id\":\"https:\\\/\\\/elversiculodeldia.com\\\/blog\\\/#\\\/schema\\\/logo\\\/image\\\/\"},\"sameAs\":[\"https:\\\/\\\/www.facebook.com\\\/elversiculodeldia\",\"https:\\\/\\\/x.com\\\/elversiculo\",\"https:\\\/\\\/www.instagram.com\\\/elversiculo\",\"https:\\\/\\\/www.youtube.com\\\/user\\\/elversiculodeldia\",\"https:\\\/\\\/chat.whatsapp.com\\\/HreYiXZFT8e0tZUmqriKfb\"]},{\"@type\":\"Person\",\"@id\":\"https:\\\/\\\/elversiculodeldia.com\\\/blog\\\/#\\\/schema\\\/person\\\/bead3290281db357e2b7d33ebdc876d2\",\"name\":\"Juan Quintero\",\"image\":{\"@type\":\"ImageObject\",\"inLanguage\":\"en-US\",\"@id\":\"https:\\\/\\\/elversiculodeldia.com\\\/blog\\\/wp-content\\\/uploads\\\/2021\\\/02\\\/JCQ-BIBLIA.png\",\"url\":\"https:\\\/\\\/elversiculodeldia.com\\\/blog\\\/wp-content\\\/uploads\\\/2021\\\/02\\\/JCQ-BIBLIA.png\",\"contentUrl\":\"https:\\\/\\\/elversiculodeldia.com\\\/blog\\\/wp-content\\\/uploads\\\/2021\\\/02\\\/JCQ-BIBLIA.png\",\"caption\":\"Juan Quintero\"},\"description\":\"Me llamo Juan C Quintero, soy pastor y coach en Coral Springs, Florida, en este lugar compartir\u00e9 mucho contenido gratuito de fe, de exhortaci\u00f3n y motivacional, para brindar crecimiento espiritual y personal. Encontraras videos con informaci\u00f3n relevante, interesante, actual, as\u00ed como tambi\u00e9n predicaciones cristianas, para toda la familia. Tengo la misi\u00f3n de empoderar tu vida, para que alcances todo el potencial que Dios a determinado para ti. Creo que somos seres integrales en alma, cuerpo y esp\u00edritu y que, con la ayuda de Jes\u00fas, con el poder del Esp\u00edritu Santo y con el amor de Dios el Padre llegaras a alcanzar niveles insospechados en tu vida. Todos los mensajes, art\u00edculos, videos y comentarios est\u00e1n enfocados en lograr cuatro cosas: - Que seas edificado a la manera de Jes\u00fas - Que tu familia sea cuidada - Que cumplas tu prop\u00f3sito en esta vida - Que crezcamos y nos multipliquemos como personas, entidades, organismos y como comunidad de fe Gracias por ver estos estudios y mensajes de fe y esperanza. Sinceramente Juan C Quintero Senior Pastor Vida Worship Center 10303 Royal Palm Blvd, Coral Springs, Fl 33065 email: pastor@vidawc.com Web: www.VidaWC.com\",\"sameAs\":[\"http:\\\/\\\/www.buendiatodoslosdias.com\",\"https:\\\/\\\/www.facebook.com\\\/pastorjuanquintero\\\/\",\"https:\\\/\\\/www.instagram.com\\\/vidawc\\\/\",\"https:\\\/\\\/www.youtube.com\\\/playlist?list=PLqlmwAuBIF8qNKALCu9VGBtAmN7t3Enz0\"],\"url\":\"https:\\\/\\\/elversiculodeldia.com\\\/blog\\\/author\\\/jcqpastor\\\/\"}]}<\/script>\n<!-- \/ Yoast SEO plugin. -->","yoast_head_json":{"title":"Es vital pasar tiempo con Dios","description":"Es vital pasar tiempo con Dios - El vers\u00edculo del d\u00eda","robots":{"index":"index","follow":"follow","max-snippet":"max-snippet:-1","max-image-preview":"max-image-preview:large","max-video-preview":"max-video-preview:-1"},"canonical":"https:\/\/elversiculodeldia.com\/blog\/es-vital-pasar-tiempo-con-dios\/","og_locale":"en_US","og_type":"article","og_title":"Es vital pasar tiempo con Dios","og_description":"Es vital pasar tiempo con Dios - El vers\u00edculo del d\u00eda","og_url":"https:\/\/elversiculodeldia.com\/blog\/es-vital-pasar-tiempo-con-dios\/","og_site_name":"El vers\u00edculo del d\u00eda","article_publisher":"https:\/\/www.facebook.com\/elversiculodeldia","article_author":"https:\/\/www.facebook.com\/pastorjuanquintero\/","article_published_time":"2023-10-14T03:31:23+00:00","article_modified_time":"2023-10-14T19:25:56+00:00","og_image":[{"width":1920,"height":1080,"url":"https:\/\/elversiculodeldia.com\/blog\/wp-content\/uploads\/2023\/10\/Es-vital-pasar-tiempo-con-Dios-cover-copy.jpg","type":"image\/jpeg"}],"author":"Juan Quintero","twitter_card":"summary_large_image","twitter_creator":"@elversiculo","twitter_site":"@elversiculo","twitter_misc":{"Written by":"Juan Quintero","Est. reading time":"3 minutes"},"schema":{"@context":"https:\/\/schema.org","@graph":[{"@type":"Article","@id":"https:\/\/elversiculodeldia.com\/blog\/es-vital-pasar-tiempo-con-dios\/#article","isPartOf":{"@id":"https:\/\/elversiculodeldia.com\/blog\/es-vital-pasar-tiempo-con-dios\/"},"author":{"name":"Juan Quintero","@id":"https:\/\/elversiculodeldia.com\/blog\/#\/schema\/person\/bead3290281db357e2b7d33ebdc876d2"},"headline":"Es vital pasar tiempo con Dios","datePublished":"2023-10-14T03:31:23+00:00","dateModified":"2023-10-14T19:25:56+00:00","mainEntityOfPage":{"@id":"https:\/\/elversiculodeldia.com\/blog\/es-vital-pasar-tiempo-con-dios\/"},"wordCount":582,"commentCount":0,"publisher":{"@id":"https:\/\/elversiculodeldia.com\/blog\/#organization"},"image":{"@id":"https:\/\/elversiculodeldia.com\/blog\/es-vital-pasar-tiempo-con-dios\/#primaryimage"},"thumbnailUrl":"https:\/\/elversiculodeldia.com\/blog\/wp-content\/uploads\/2023\/10\/Es-vital-pasar-tiempo-con-Dios-cover-copy.jpg","keywords":["amor","BendicionesDeDios","biblia","Citas de la Biblia","Consejos espirituales","Cristo","Devocional","Dios","Espiritu Santo","FortalezaEspiritual","frase del dia","Jesus","JUAN C QUINTERO","Palabras de fe","Pastor","pensamientos biblicos","versiculo biblico de bendicion","VIDA WORSHIP CENTER"],"articleSection":{"0":"Devocionales","1":"El Versiculo del dia","2":"Lecturas","3":"Mensajes","4":"Nuestro Pan Diario","5":"Recursos","6":"Reflexiones","8":"Varios"},"inLanguage":"en-US","potentialAction":[{"@type":"CommentAction","name":"Comment","target":["https:\/\/elversiculodeldia.com\/blog\/es-vital-pasar-tiempo-con-dios\/#respond"]}]},{"@type":"WebPage","@id":"https:\/\/elversiculodeldia.com\/blog\/es-vital-pasar-tiempo-con-dios\/","url":"https:\/\/elversiculodeldia.com\/blog\/es-vital-pasar-tiempo-con-dios\/","name":"Es vital pasar tiempo con Dios","isPartOf":{"@id":"https:\/\/elversiculodeldia.com\/blog\/#website"},"primaryImageOfPage":{"@id":"https:\/\/elversiculodeldia.com\/blog\/es-vital-pasar-tiempo-con-dios\/#primaryimage"},"image":{"@id":"https:\/\/elversiculodeldia.com\/blog\/es-vital-pasar-tiempo-con-dios\/#primaryimage"},"thumbnailUrl":"https:\/\/elversiculodeldia.com\/blog\/wp-content\/uploads\/2023\/10\/Es-vital-pasar-tiempo-con-Dios-cover-copy.jpg","datePublished":"2023-10-14T03:31:23+00:00","dateModified":"2023-10-14T19:25:56+00:00","description":"Es vital pasar tiempo con Dios - El vers\u00edculo del d\u00eda","inLanguage":"en-US","potentialAction":[{"@type":"ReadAction","target":["https:\/\/elversiculodeldia.com\/blog\/es-vital-pasar-tiempo-con-dios\/"]}]},{"@type":"ImageObject","inLanguage":"en-US","@id":"https:\/\/elversiculodeldia.com\/blog\/es-vital-pasar-tiempo-con-dios\/#primaryimage","url":"https:\/\/elversiculodeldia.com\/blog\/wp-content\/uploads\/2023\/10\/Es-vital-pasar-tiempo-con-Dios-cover-copy.jpg","contentUrl":"https:\/\/elversiculodeldia.com\/blog\/wp-content\/uploads\/2023\/10\/Es-vital-pasar-tiempo-con-Dios-cover-copy.jpg","width":1920,"height":1080},{"@type":"WebSite","@id":"https:\/\/elversiculodeldia.com\/blog\/#website","url":"https:\/\/elversiculodeldia.com\/blog\/","name":"El Vers\u00edculo del D\u00eda","description":"Llevando un vers\u00edculo de salvaci\u00f3n a cada coraz\u00f3n!","publisher":{"@id":"https:\/\/elversiculodeldia.com\/blog\/#organization"},"potentialAction":[{"@type":"SearchAction","target":{"@type":"EntryPoint","urlTemplate":"https:\/\/elversiculodeldia.com\/blog\/?s={search_term_string}"},"query-input":{"@type":"PropertyValueSpecification","valueRequired":true,"valueName":"search_term_string"}}],"inLanguage":"en-US"},{"@type":"Organization","@id":"https:\/\/elversiculodeldia.com\/blog\/#organization","name":"El Versiculo del Dia","url":"https:\/\/elversiculodeldia.com\/blog\/","logo":{"@type":"ImageObject","inLanguage":"en-US","@id":"https:\/\/elversiculodeldia.com\/blog\/#\/schema\/logo\/image\/","url":"https:\/\/elversiculodeldia.com\/blog\/wp-content\/uploads\/2017\/04\/logoOficialEVD.png","contentUrl":"https:\/\/elversiculodeldia.com\/blog\/wp-content\/uploads\/2017\/04\/logoOficialEVD.png","width":400,"height":100,"caption":"El Versiculo del Dia"},"image":{"@id":"https:\/\/elversiculodeldia.com\/blog\/#\/schema\/logo\/image\/"},"sameAs":["https:\/\/www.facebook.com\/elversiculodeldia","https:\/\/x.com\/elversiculo","https:\/\/www.instagram.com\/elversiculo","https:\/\/www.youtube.com\/user\/elversiculodeldia","https:\/\/chat.whatsapp.com\/HreYiXZFT8e0tZUmqriKfb"]},{"@type":"Person","@id":"https:\/\/elversiculodeldia.com\/blog\/#\/schema\/person\/bead3290281db357e2b7d33ebdc876d2","name":"Juan Quintero","image":{"@type":"ImageObject","inLanguage":"en-US","@id":"https:\/\/elversiculodeldia.com\/blog\/wp-content\/uploads\/2021\/02\/JCQ-BIBLIA.png","url":"https:\/\/elversiculodeldia.com\/blog\/wp-content\/uploads\/2021\/02\/JCQ-BIBLIA.png","contentUrl":"https:\/\/elversiculodeldia.com\/blog\/wp-content\/uploads\/2021\/02\/JCQ-BIBLIA.png","caption":"Juan Quintero"},"description":"Me llamo Juan C Quintero, soy pastor y coach en Coral Springs, Florida, en este lugar compartir\u00e9 mucho contenido gratuito de fe, de exhortaci\u00f3n y motivacional, para brindar crecimiento espiritual y personal. Encontraras videos con informaci\u00f3n relevante, interesante, actual, as\u00ed como tambi\u00e9n predicaciones cristianas, para toda la familia. Tengo la misi\u00f3n de empoderar tu vida, para que alcances todo el potencial que Dios a determinado para ti. Creo que somos seres integrales en alma, cuerpo y esp\u00edritu y que, con la ayuda de Jes\u00fas, con el poder del Esp\u00edritu Santo y con el amor de Dios el Padre llegaras a alcanzar niveles insospechados en tu vida. Todos los mensajes, art\u00edculos, videos y comentarios est\u00e1n enfocados en lograr cuatro cosas: - Que seas edificado a la manera de Jes\u00fas - Que tu familia sea cuidada - Que cumplas tu prop\u00f3sito en esta vida - Que crezcamos y nos multipliquemos como personas, entidades, organismos y como comunidad de fe Gracias por ver estos estudios y mensajes de fe y esperanza. Sinceramente Juan C Quintero Senior Pastor Vida Worship Center 10303 Royal Palm Blvd, Coral Springs, Fl 33065 email: pastor@vidawc.com Web: www.VidaWC.com","sameAs":["http:\/\/www.buendiatodoslosdias.com","https:\/\/www.facebook.com\/pastorjuanquintero\/","https:\/\/www.instagram.com\/vidawc\/","https:\/\/www.youtube.com\/playlist?list=PLqlmwAuBIF8qNKALCu9VGBtAmN7t3Enz0"],"url":"https:\/\/elversiculodeldia.com\/blog\/author\/jcqpastor\/"}]}},"amp_enabled":true,"_links":{"self":[{"href":"https:\/\/elversiculodeldia.com\/blog\/wp-json\/wp\/v2\/posts\/98424","targetHints":{"allow":["GET"]}}],"collection":[{"href":"https:\/\/elversiculodeldia.com\/blog\/wp-json\/wp\/v2\/posts"}],"about":[{"href":"https:\/\/elversiculodeldia.com\/blog\/wp-json\/wp\/v2\/types\/post"}],"author":[{"embeddable":true,"href":"https:\/\/elversiculodeldia.com\/blog\/wp-json\/wp\/v2\/users\/30"}],"replies":[{"embeddable":true,"href":"https:\/\/elversiculodeldia.com\/blog\/wp-json\/wp\/v2\/comments?post=98424"}],"version-history":[{"count":0,"href":"https:\/\/elversiculodeldia.com\/blog\/wp-json\/wp\/v2\/posts\/98424\/revisions"}],"wp:featuredmedia":[{"embeddable":true,"href":"https:\/\/elversiculodeldia.com\/blog\/wp-json\/wp\/v2\/media\/98425"}],"wp:attachment":[{"href":"https:\/\/elversiculodeldia.com\/blog\/wp-json\/wp\/v2\/media?parent=98424"}],"wp:term":[{"taxonomy":"category","embeddable":true,"href":"https:\/\/elversiculodeldia.com\/blog\/wp-json\/wp\/v2\/categories?post=98424"},{"taxonomy":"post_tag","embeddable":true,"href":"https:\/\/elversiculodeldia.com\/blog\/wp-json\/wp\/v2\/tags?post=98424"}],"curies":[{"name":"wp","href":"https:\/\/api.w.org\/{rel}","templated":true}]}}