{"id":8180,"date":"2012-05-16T07:40:44","date_gmt":"2012-05-16T11:40:44","guid":{"rendered":"http:\/\/www.elversiculodeldia.com\/?p=8180"},"modified":"2015-09-12T23:08:47","modified_gmt":"2015-09-13T03:08:47","slug":"reflexiones-gratitud-silenciosa","status":"publish","type":"post","link":"https:\/\/elversiculodeldia.com\/blog\/reflexiones-gratitud-silenciosa\/","title":{"rendered":"Reflexiones &#8211; Gratitud silenciosa"},"content":{"rendered":"<div><strong><strong><img loading=\"lazy\" decoding=\"async\" class=\"alignleft size-full wp-image-8182\" title=\"gratitud\" src=\"http:\/\/www.elversiculodeldia.com\/wp-content\/uploads\/2012\/05\/gratitud.png\" alt=\"\" width=\"240\" height=\"206\" \/>Reflexiones &#8211; Gratitud silenciosa<\/strong><\/strong>&nbsp;<\/p>\n<p>Y la paz de Dios gobierne en vuestros corazones, [\u2026] y sed agradecidos.<br \/>\n\u2014Colosenses 3:15Decir \u00abgracias\u00bb es permitir que el dador de un regalo sepa cu\u00e1nto apreciamos su proceder. El escritor G. B. Stern dijo una vez: \u00abLa gratitud silenciosa no le sirve de nada a nadie\u00bb.<\/p>\n<p>Cuando nuestro hijo era joven, a veces hab\u00eda que recordarle que evitar el contacto visual, mirarse los zapatos y mascullar algunas palabras ininteligibles no era un \u00abgracias\u00bb aceptable. Y despu\u00e9s de muchos a\u00f1os de matrimonio, mi esposo y yo seguimos aprendiendo cu\u00e1n importante es que nos expresemos continuamente gratitud el uno al otro. Cuando alguno de los dos se siente agradecido, tratamos de verbalizarlo, aunque lo hayamos dicho antes muchas veces respecto al mismo asunto. William Arthur Ward dijo: \u00abSentir gratitud y no expresarla es como envolver un regalo y no darlo\u00bb.<!--more--><\/p>\n<p>En las relaciones humanas, evidentemente, es importante demostrar agradecimiento, pero es a\u00fan m\u00e1s crucial en nuestra relaci\u00f3n con Dios. Cuando pensamos en las numerosas bendiciones que hemos recibido, \u00bfle damos las gracias durante el d\u00eda? Y cuando recordamos el don asombroso de la muerte y resurrecci\u00f3n de Cristo para perdonar nuestros pecados, \u00bfrebosa nuestro coraz\u00f3n de asombro y agradecimiento? (Romanos 6:23; 2 Corintios 9:15).<\/p>\n<p>Aplica de coraz\u00f3n en tu vida todos los d\u00edas el recordatorio de Colosenses 3:15: \u00abY la paz de Dios gobierne en vuestros corazones, [\u2026] y sed agradecidos\u00bb.<\/p>\n<\/div>\n<p>\u2014CHK<\/p>\n<p><strong>El Regalo m\u00e1s sublime de Dios deber\u00eda despertar nuestra m\u00e1s profunda gratitud.<\/strong><\/p>\n<p><a href=\"http:\/\/rbclatino.org\/\" target=\"_blank\">Fuente<\/a><\/p>\n","protected":false},"excerpt":{"rendered":"<p>Reflexiones &#8211; Gratitud silenciosa&nbsp; Y la paz de Dios gobierne en vuestros corazones, [\u2026] y sed agradecidos. \u2014Colosenses 3:15Decir \u00abgracias\u00bb es permitir que el dador de un regalo sepa cu\u00e1nto apreciamos su proceder. El escritor G. B. Stern dijo una vez: \u00abLa gratitud silenciosa no le sirve de nada a nadie\u00bb. Cuando nuestro hijo era [&hellip;]<\/p>\n","protected":false},"author":179,"featured_media":8182,"comment_status":"open","ping_status":"open","sticky":false,"template":"","format":"standard","meta":{"tdm_status":"","tdm_grid_status":"","footnotes":""},"categories":[5],"tags":[409,8,212,219,38,44,43,177],"class_list":{"0":"post-8180","1":"post","2":"type-post","3":"status-publish","4":"format-standard","5":"has-post-thumbnail","7":"category-reflexiones","8":"tag-agradecimiento","9":"tag-dios","10":"tag-gracia","11":"tag-gratitud","12":"tag-jesus","13":"tag-pecado","14":"tag-perdon","15":"tag-regalo"},"yoast_head":"<!-- This site is optimized with the Yoast SEO plugin v27.5 - https:\/\/yoast.com\/product\/yoast-seo-wordpress\/ -->\n<title>Reflexiones - Gratitud silenciosa<\/title>\n<meta name=\"description\" content=\"Reflexiones - Gratitud silenciosa - El vers\u00edculo del d\u00eda\" \/>\n<meta name=\"robots\" content=\"index, follow, max-snippet:-1, max-image-preview:large, max-video-preview:-1\" \/>\n<link rel=\"canonical\" href=\"https:\/\/elversiculodeldia.com\/blog\/reflexiones-gratitud-silenciosa\/\" \/>\n<meta property=\"og:locale\" content=\"en_US\" \/>\n<meta property=\"og:type\" content=\"article\" \/>\n<meta property=\"og:title\" content=\"Reflexiones - Gratitud silenciosa\" \/>\n<meta property=\"og:description\" content=\"Reflexiones - Gratitud silenciosa - El vers\u00edculo del d\u00eda\" \/>\n<meta property=\"og:url\" content=\"https:\/\/elversiculodeldia.com\/blog\/reflexiones-gratitud-silenciosa\/\" \/>\n<meta property=\"og:site_name\" content=\"El vers\u00edculo del d\u00eda\" \/>\n<meta property=\"article:publisher\" content=\"https:\/\/www.facebook.com\/elversiculodeldia\" \/>\n<meta property=\"article:published_time\" content=\"2012-05-16T11:40:44+00:00\" \/>\n<meta property=\"article:modified_time\" content=\"2015-09-13T03:08:47+00:00\" \/>\n<meta property=\"og:image\" content=\"https:\/\/elversiculodeldia.com\/blog\/wp-content\/uploads\/2012\/05\/gratitud.png\" \/>\n\t<meta property=\"og:image:width\" content=\"240\" \/>\n\t<meta property=\"og:image:height\" content=\"206\" \/>\n\t<meta property=\"og:image:type\" content=\"image\/png\" \/>\n<meta name=\"author\" content=\"Publicador\" \/>\n<meta name=\"twitter:card\" content=\"summary_large_image\" \/>\n<meta name=\"twitter:creator\" content=\"@elversiculo\" \/>\n<meta name=\"twitter:site\" content=\"@elversiculo\" \/>\n<meta name=\"twitter:label1\" content=\"Written by\" \/>\n\t<meta name=\"twitter:data1\" content=\"Publicador\" \/>\n\t<meta name=\"twitter:label2\" content=\"Est. reading time\" \/>\n\t<meta name=\"twitter:data2\" content=\"1 minute\" \/>\n<script type=\"application\/ld+json\" class=\"yoast-schema-graph\">{\"@context\":\"https:\\\/\\\/schema.org\",\"@graph\":[{\"@type\":\"Article\",\"@id\":\"https:\\\/\\\/elversiculodeldia.com\\\/blog\\\/reflexiones-gratitud-silenciosa\\\/#article\",\"isPartOf\":{\"@id\":\"https:\\\/\\\/elversiculodeldia.com\\\/blog\\\/reflexiones-gratitud-silenciosa\\\/\"},\"author\":{\"name\":\"Publicador\",\"@id\":\"https:\\\/\\\/elversiculodeldia.com\\\/blog\\\/#\\\/schema\\\/person\\\/28207690384384b0c36020e7c000f640\"},\"headline\":\"Reflexiones &#8211; Gratitud silenciosa\",\"datePublished\":\"2012-05-16T11:40:44+00:00\",\"dateModified\":\"2015-09-13T03:08:47+00:00\",\"mainEntityOfPage\":{\"@id\":\"https:\\\/\\\/elversiculodeldia.com\\\/blog\\\/reflexiones-gratitud-silenciosa\\\/\"},\"wordCount\":263,\"commentCount\":0,\"publisher\":{\"@id\":\"https:\\\/\\\/elversiculodeldia.com\\\/blog\\\/#organization\"},\"image\":{\"@id\":\"https:\\\/\\\/elversiculodeldia.com\\\/blog\\\/reflexiones-gratitud-silenciosa\\\/#primaryimage\"},\"thumbnailUrl\":\"https:\\\/\\\/elversiculodeldia.com\\\/blog\\\/wp-content\\\/uploads\\\/2012\\\/05\\\/gratitud.png\",\"keywords\":[\"Agradecimiento\",\"Dios\",\"Gracia\",\"Gratitud\",\"Jesus\",\"Pecado\",\"Perdon\",\"Regalo\"],\"articleSection\":[\"Reflexiones\"],\"inLanguage\":\"en-US\",\"potentialAction\":[{\"@type\":\"CommentAction\",\"name\":\"Comment\",\"target\":[\"https:\\\/\\\/elversiculodeldia.com\\\/blog\\\/reflexiones-gratitud-silenciosa\\\/#respond\"]}]},{\"@type\":\"WebPage\",\"@id\":\"https:\\\/\\\/elversiculodeldia.com\\\/blog\\\/reflexiones-gratitud-silenciosa\\\/\",\"url\":\"https:\\\/\\\/elversiculodeldia.com\\\/blog\\\/reflexiones-gratitud-silenciosa\\\/\",\"name\":\"Reflexiones - Gratitud silenciosa\",\"isPartOf\":{\"@id\":\"https:\\\/\\\/elversiculodeldia.com\\\/blog\\\/#website\"},\"primaryImageOfPage\":{\"@id\":\"https:\\\/\\\/elversiculodeldia.com\\\/blog\\\/reflexiones-gratitud-silenciosa\\\/#primaryimage\"},\"image\":{\"@id\":\"https:\\\/\\\/elversiculodeldia.com\\\/blog\\\/reflexiones-gratitud-silenciosa\\\/#primaryimage\"},\"thumbnailUrl\":\"https:\\\/\\\/elversiculodeldia.com\\\/blog\\\/wp-content\\\/uploads\\\/2012\\\/05\\\/gratitud.png\",\"datePublished\":\"2012-05-16T11:40:44+00:00\",\"dateModified\":\"2015-09-13T03:08:47+00:00\",\"description\":\"Reflexiones - Gratitud silenciosa - El vers\u00edculo del d\u00eda\",\"inLanguage\":\"en-US\",\"potentialAction\":[{\"@type\":\"ReadAction\",\"target\":[\"https:\\\/\\\/elversiculodeldia.com\\\/blog\\\/reflexiones-gratitud-silenciosa\\\/\"]}]},{\"@type\":\"ImageObject\",\"inLanguage\":\"en-US\",\"@id\":\"https:\\\/\\\/elversiculodeldia.com\\\/blog\\\/reflexiones-gratitud-silenciosa\\\/#primaryimage\",\"url\":\"https:\\\/\\\/elversiculodeldia.com\\\/blog\\\/wp-content\\\/uploads\\\/2012\\\/05\\\/gratitud.png\",\"contentUrl\":\"https:\\\/\\\/elversiculodeldia.com\\\/blog\\\/wp-content\\\/uploads\\\/2012\\\/05\\\/gratitud.png\",\"width\":240,\"height\":206},{\"@type\":\"WebSite\",\"@id\":\"https:\\\/\\\/elversiculodeldia.com\\\/blog\\\/#website\",\"url\":\"https:\\\/\\\/elversiculodeldia.com\\\/blog\\\/\",\"name\":\"El Vers\u00edculo del D\u00eda\",\"description\":\"Llevando un vers\u00edculo de salvaci\u00f3n a cada coraz\u00f3n!\",\"publisher\":{\"@id\":\"https:\\\/\\\/elversiculodeldia.com\\\/blog\\\/#organization\"},\"potentialAction\":[{\"@type\":\"SearchAction\",\"target\":{\"@type\":\"EntryPoint\",\"urlTemplate\":\"https:\\\/\\\/elversiculodeldia.com\\\/blog\\\/?s={search_term_string}\"},\"query-input\":{\"@type\":\"PropertyValueSpecification\",\"valueRequired\":true,\"valueName\":\"search_term_string\"}}],\"inLanguage\":\"en-US\"},{\"@type\":\"Organization\",\"@id\":\"https:\\\/\\\/elversiculodeldia.com\\\/blog\\\/#organization\",\"name\":\"El Versiculo del Dia\",\"url\":\"https:\\\/\\\/elversiculodeldia.com\\\/blog\\\/\",\"logo\":{\"@type\":\"ImageObject\",\"inLanguage\":\"en-US\",\"@id\":\"https:\\\/\\\/elversiculodeldia.com\\\/blog\\\/#\\\/schema\\\/logo\\\/image\\\/\",\"url\":\"https:\\\/\\\/elversiculodeldia.com\\\/blog\\\/wp-content\\\/uploads\\\/2017\\\/04\\\/logoOficialEVD.png\",\"contentUrl\":\"https:\\\/\\\/elversiculodeldia.com\\\/blog\\\/wp-content\\\/uploads\\\/2017\\\/04\\\/logoOficialEVD.png\",\"width\":400,\"height\":100,\"caption\":\"El Versiculo del Dia\"},\"image\":{\"@id\":\"https:\\\/\\\/elversiculodeldia.com\\\/blog\\\/#\\\/schema\\\/logo\\\/image\\\/\"},\"sameAs\":[\"https:\\\/\\\/www.facebook.com\\\/elversiculodeldia\",\"https:\\\/\\\/x.com\\\/elversiculo\",\"https:\\\/\\\/www.instagram.com\\\/elversiculo\",\"https:\\\/\\\/www.youtube.com\\\/user\\\/elversiculodeldia\",\"https:\\\/\\\/chat.whatsapp.com\\\/HreYiXZFT8e0tZUmqriKfb\"]},{\"@type\":\"Person\",\"@id\":\"https:\\\/\\\/elversiculodeldia.com\\\/blog\\\/#\\\/schema\\\/person\\\/28207690384384b0c36020e7c000f640\",\"name\":\"Publicador\",\"image\":{\"@type\":\"ImageObject\",\"inLanguage\":\"en-US\",\"@id\":\"https:\\\/\\\/elversiculodeldia.com\\\/blog\\\/wp-content\\\/uploads\\\/2020\\\/01\\\/userbss.png\",\"url\":\"https:\\\/\\\/elversiculodeldia.com\\\/blog\\\/wp-content\\\/uploads\\\/2020\\\/01\\\/userbss.png\",\"contentUrl\":\"https:\\\/\\\/elversiculodeldia.com\\\/blog\\\/wp-content\\\/uploads\\\/2020\\\/01\\\/userbss.png\",\"caption\":\"Publicador\"},\"description\":\"Salvo por gracia \u2764 Dios es bueno y para siempre es Su misericordia!\",\"sameAs\":[\"https:\\\/\\\/www.elversiculodeldia.com\\\/\"],\"url\":\"https:\\\/\\\/elversiculodeldia.com\\\/blog\\\/author\\\/publicador\\\/\"}]}<\/script>\n<!-- \/ Yoast SEO plugin. -->","yoast_head_json":{"title":"Reflexiones - Gratitud silenciosa","description":"Reflexiones - Gratitud silenciosa - El vers\u00edculo del d\u00eda","robots":{"index":"index","follow":"follow","max-snippet":"max-snippet:-1","max-image-preview":"max-image-preview:large","max-video-preview":"max-video-preview:-1"},"canonical":"https:\/\/elversiculodeldia.com\/blog\/reflexiones-gratitud-silenciosa\/","og_locale":"en_US","og_type":"article","og_title":"Reflexiones - Gratitud silenciosa","og_description":"Reflexiones - Gratitud silenciosa - El vers\u00edculo del d\u00eda","og_url":"https:\/\/elversiculodeldia.com\/blog\/reflexiones-gratitud-silenciosa\/","og_site_name":"El vers\u00edculo del d\u00eda","article_publisher":"https:\/\/www.facebook.com\/elversiculodeldia","article_published_time":"2012-05-16T11:40:44+00:00","article_modified_time":"2015-09-13T03:08:47+00:00","og_image":[{"width":240,"height":206,"url":"https:\/\/elversiculodeldia.com\/blog\/wp-content\/uploads\/2012\/05\/gratitud.png","type":"image\/png"}],"author":"Publicador","twitter_card":"summary_large_image","twitter_creator":"@elversiculo","twitter_site":"@elversiculo","twitter_misc":{"Written by":"Publicador","Est. reading time":"1 minute"},"schema":{"@context":"https:\/\/schema.org","@graph":[{"@type":"Article","@id":"https:\/\/elversiculodeldia.com\/blog\/reflexiones-gratitud-silenciosa\/#article","isPartOf":{"@id":"https:\/\/elversiculodeldia.com\/blog\/reflexiones-gratitud-silenciosa\/"},"author":{"name":"Publicador","@id":"https:\/\/elversiculodeldia.com\/blog\/#\/schema\/person\/28207690384384b0c36020e7c000f640"},"headline":"Reflexiones &#8211; Gratitud silenciosa","datePublished":"2012-05-16T11:40:44+00:00","dateModified":"2015-09-13T03:08:47+00:00","mainEntityOfPage":{"@id":"https:\/\/elversiculodeldia.com\/blog\/reflexiones-gratitud-silenciosa\/"},"wordCount":263,"commentCount":0,"publisher":{"@id":"https:\/\/elversiculodeldia.com\/blog\/#organization"},"image":{"@id":"https:\/\/elversiculodeldia.com\/blog\/reflexiones-gratitud-silenciosa\/#primaryimage"},"thumbnailUrl":"https:\/\/elversiculodeldia.com\/blog\/wp-content\/uploads\/2012\/05\/gratitud.png","keywords":["Agradecimiento","Dios","Gracia","Gratitud","Jesus","Pecado","Perdon","Regalo"],"articleSection":["Reflexiones"],"inLanguage":"en-US","potentialAction":[{"@type":"CommentAction","name":"Comment","target":["https:\/\/elversiculodeldia.com\/blog\/reflexiones-gratitud-silenciosa\/#respond"]}]},{"@type":"WebPage","@id":"https:\/\/elversiculodeldia.com\/blog\/reflexiones-gratitud-silenciosa\/","url":"https:\/\/elversiculodeldia.com\/blog\/reflexiones-gratitud-silenciosa\/","name":"Reflexiones - Gratitud silenciosa","isPartOf":{"@id":"https:\/\/elversiculodeldia.com\/blog\/#website"},"primaryImageOfPage":{"@id":"https:\/\/elversiculodeldia.com\/blog\/reflexiones-gratitud-silenciosa\/#primaryimage"},"image":{"@id":"https:\/\/elversiculodeldia.com\/blog\/reflexiones-gratitud-silenciosa\/#primaryimage"},"thumbnailUrl":"https:\/\/elversiculodeldia.com\/blog\/wp-content\/uploads\/2012\/05\/gratitud.png","datePublished":"2012-05-16T11:40:44+00:00","dateModified":"2015-09-13T03:08:47+00:00","description":"Reflexiones - Gratitud silenciosa - El vers\u00edculo del d\u00eda","inLanguage":"en-US","potentialAction":[{"@type":"ReadAction","target":["https:\/\/elversiculodeldia.com\/blog\/reflexiones-gratitud-silenciosa\/"]}]},{"@type":"ImageObject","inLanguage":"en-US","@id":"https:\/\/elversiculodeldia.com\/blog\/reflexiones-gratitud-silenciosa\/#primaryimage","url":"https:\/\/elversiculodeldia.com\/blog\/wp-content\/uploads\/2012\/05\/gratitud.png","contentUrl":"https:\/\/elversiculodeldia.com\/blog\/wp-content\/uploads\/2012\/05\/gratitud.png","width":240,"height":206},{"@type":"WebSite","@id":"https:\/\/elversiculodeldia.com\/blog\/#website","url":"https:\/\/elversiculodeldia.com\/blog\/","name":"El Vers\u00edculo del D\u00eda","description":"Llevando un vers\u00edculo de salvaci\u00f3n a cada coraz\u00f3n!","publisher":{"@id":"https:\/\/elversiculodeldia.com\/blog\/#organization"},"potentialAction":[{"@type":"SearchAction","target":{"@type":"EntryPoint","urlTemplate":"https:\/\/elversiculodeldia.com\/blog\/?s={search_term_string}"},"query-input":{"@type":"PropertyValueSpecification","valueRequired":true,"valueName":"search_term_string"}}],"inLanguage":"en-US"},{"@type":"Organization","@id":"https:\/\/elversiculodeldia.com\/blog\/#organization","name":"El Versiculo del Dia","url":"https:\/\/elversiculodeldia.com\/blog\/","logo":{"@type":"ImageObject","inLanguage":"en-US","@id":"https:\/\/elversiculodeldia.com\/blog\/#\/schema\/logo\/image\/","url":"https:\/\/elversiculodeldia.com\/blog\/wp-content\/uploads\/2017\/04\/logoOficialEVD.png","contentUrl":"https:\/\/elversiculodeldia.com\/blog\/wp-content\/uploads\/2017\/04\/logoOficialEVD.png","width":400,"height":100,"caption":"El Versiculo del Dia"},"image":{"@id":"https:\/\/elversiculodeldia.com\/blog\/#\/schema\/logo\/image\/"},"sameAs":["https:\/\/www.facebook.com\/elversiculodeldia","https:\/\/x.com\/elversiculo","https:\/\/www.instagram.com\/elversiculo","https:\/\/www.youtube.com\/user\/elversiculodeldia","https:\/\/chat.whatsapp.com\/HreYiXZFT8e0tZUmqriKfb"]},{"@type":"Person","@id":"https:\/\/elversiculodeldia.com\/blog\/#\/schema\/person\/28207690384384b0c36020e7c000f640","name":"Publicador","image":{"@type":"ImageObject","inLanguage":"en-US","@id":"https:\/\/elversiculodeldia.com\/blog\/wp-content\/uploads\/2020\/01\/userbss.png","url":"https:\/\/elversiculodeldia.com\/blog\/wp-content\/uploads\/2020\/01\/userbss.png","contentUrl":"https:\/\/elversiculodeldia.com\/blog\/wp-content\/uploads\/2020\/01\/userbss.png","caption":"Publicador"},"description":"Salvo por gracia \u2764 Dios es bueno y para siempre es Su misericordia!","sameAs":["https:\/\/www.elversiculodeldia.com\/"],"url":"https:\/\/elversiculodeldia.com\/blog\/author\/publicador\/"}]}},"amp_enabled":true,"_links":{"self":[{"href":"https:\/\/elversiculodeldia.com\/blog\/wp-json\/wp\/v2\/posts\/8180","targetHints":{"allow":["GET"]}}],"collection":[{"href":"https:\/\/elversiculodeldia.com\/blog\/wp-json\/wp\/v2\/posts"}],"about":[{"href":"https:\/\/elversiculodeldia.com\/blog\/wp-json\/wp\/v2\/types\/post"}],"author":[{"embeddable":true,"href":"https:\/\/elversiculodeldia.com\/blog\/wp-json\/wp\/v2\/users\/179"}],"replies":[{"embeddable":true,"href":"https:\/\/elversiculodeldia.com\/blog\/wp-json\/wp\/v2\/comments?post=8180"}],"version-history":[{"count":0,"href":"https:\/\/elversiculodeldia.com\/blog\/wp-json\/wp\/v2\/posts\/8180\/revisions"}],"wp:featuredmedia":[{"embeddable":true,"href":"https:\/\/elversiculodeldia.com\/blog\/wp-json\/wp\/v2\/media\/8182"}],"wp:attachment":[{"href":"https:\/\/elversiculodeldia.com\/blog\/wp-json\/wp\/v2\/media?parent=8180"}],"wp:term":[{"taxonomy":"category","embeddable":true,"href":"https:\/\/elversiculodeldia.com\/blog\/wp-json\/wp\/v2\/categories?post=8180"},{"taxonomy":"post_tag","embeddable":true,"href":"https:\/\/elversiculodeldia.com\/blog\/wp-json\/wp\/v2\/tags?post=8180"}],"curies":[{"name":"wp","href":"https:\/\/api.w.org\/{rel}","templated":true}]}}