{"id":81038,"date":"2021-11-09T23:00:43","date_gmt":"2021-11-10T03:00:43","guid":{"rendered":"https:\/\/elversiculodeldia.com\/?p=81038"},"modified":"2021-11-10T07:47:59","modified_gmt":"2021-11-10T11:47:59","slug":"fe-como-la-de-un-nino","status":"publish","type":"post","link":"https:\/\/elversiculodeldia.com\/blog\/fe-como-la-de-un-nino\/","title":{"rendered":"Fe como la de un ni\u00f1o"},"content":{"rendered":"<p><img loading=\"lazy\" decoding=\"async\" class=\"alignnone size-full wp-image-81039\" src=\"https:\/\/elversiculodeldia.com\/blog\/wp-content\/uploads\/2021\/11\/Buen-Dia-\u2013-Fe-como-la-de-un-nino.jpg\" alt=\"\" width=\"1440\" height=\"1440\" srcset=\"https:\/\/elversiculodeldia.com\/blog\/wp-content\/uploads\/2021\/11\/Buen-Dia-\u2013-Fe-como-la-de-un-nino.jpg 1440w, https:\/\/elversiculodeldia.com\/blog\/wp-content\/uploads\/2021\/11\/Buen-Dia-\u2013-Fe-como-la-de-un-nino-768x768.jpg 768w\" sizes=\"auto, (max-width: 1440px) 100vw, 1440px\" \/><\/p>\n<!--[if lt IE 9]><script>document.createElement('audio');<\/script><![endif]-->\n<audio class=\"wp-audio-shortcode\" id=\"audio-81038-1\" preload=\"none\" style=\"width: 100%;\" controls=\"controls\"><source type=\"audio\/mpeg\" src=\"https:\/\/elversiculodeldia.com\/blog\/wp-content\/uploads\/2021\/11\/Buen-Dia-\u2013-Fe-como-la-de-un-nino.mp3?_=1\" \/><a href=\"https:\/\/elversiculodeldia.com\/blog\/wp-content\/uploads\/2021\/11\/Buen-Dia-\u2013-Fe-como-la-de-un-nino.mp3\">https:\/\/elversiculodeldia.com\/blog\/wp-content\/uploads\/2021\/11\/Buen-Dia-\u2013-Fe-como-la-de-un-nino.mp3<\/a><\/audio>\n<p style=\"font-weight: 400;\">Tener fe como un ni\u00f1o es confiar ciegamente en la bondad, el cuidado, el liderazgo y la provisi\u00f3n de un padre.<\/p>\n<p style=\"font-weight: 400;\">Los bebes no tienen la capacidad para sobrevivir por si mismos, necesitan de sus padres para que les brinden amor y todo el cuidado que necesitan<\/p>\n<p style=\"font-weight: 400;\">As\u00ed es Dios con nosotros, El es un Padre que nos cuida, nos ama y quiere dirigir por el camino de la bendici\u00f3n en esta vida<\/p>\n<p style=\"font-weight: 400;\">Jes\u00fas nos instruye para que seamos como ni\u00f1os, y nos deja una clara lecci\u00f3n, la cual esta descrita en el evangelio de Marcos, cap\u00edtulo 10, versos 13 al 15, que dice, \u201c<em>Llevaron unos ni\u00f1os a Jes\u00fas para que los tocara, pero los disc\u00edpulos reprendieron a quienes los hab\u00edan llevado. Al ver esto, Jes\u00fas se indign\u00f3 y les dijo: \u00abDejen que los ni\u00f1os se acerquen a m\u00ed. No se lo impidan, porque el reino de Dios es de los que son como ellos. De cierto les digo que el que no reciba el reino de Dios como un ni\u00f1o, no entrar\u00e1 en \u00e9l\u00bb\u201d.<\/em>\u00a0(RVC)<\/p>\n<p style=\"font-weight: 400;\">Aqu\u00ed el Se\u00f1or nos ense\u00f1a que es teniendo una fe infantil que recibiremos el Reino de Dios. La fe infantil es la que nos llena con la esperanza inquebrantable de que alg\u00fan d\u00eda moraremos en el cielo con nuestro Padre por toda la eternidad.<\/p>\n<p style=\"font-weight: 400;\">Como cristianos, hemos puesto toda nuestra esperanza en la verdad de que Jes\u00fas vino, muri\u00f3 y resucit\u00f3, y que si ponemos nuestra confianza en \u00c9l tendremos una resurrecci\u00f3n como la suya.<\/p>\n<p style=\"font-weight: 400;\">Ser hijos de Dios nos brinda la oportunidad de vivir bajo su constante provisi\u00f3n y liderazgo. Como nuestro buen Padre, \u00c9l quiere darte una vida maravillosamente abundante de alegr\u00eda, paz, prop\u00f3sito,\u00a0 amigos y amor incondicional.<\/p>\n<p style=\"font-weight: 400;\">Pero muy a menudo las personas siguen su propio camino y viven su vida aparte de todo lo que est\u00e1 disponible para ellos en Dios.<\/p>\n<p style=\"font-weight: 400;\">Ya sea por falta de revelaci\u00f3n, impaciencia, miedo, ense\u00f1anzas equivocadas o experiencias pasadas, a menudo se carece de la fe puesta en el Se\u00f1or, para tener la certeza de que \u00c9l te guiar\u00e1 para cumplir sus perfectos planes.<\/p>\n<p>Dios te est\u00e1 llamando a un mayor estilo de vida de fe como la de un ni\u00f1o, es decir que conf\u00edas en \u00c9l para todo, por ejemplo,\u00a0 que tu confianza este puesta solo en \u00c9l para, tus finanzas, tus relaciones, tu futuro, para sanar el pasado, para vivir el presente, etc.<\/p>\n<p style=\"font-weight: 400;\">Tu obediencia agrada a Dios, esto te llevara a tener la plena seguridad de que \u00c9l es real, que es un Dios bueno, y que anhela bendecirte.<\/p>\n<p style=\"font-weight: 400;\">Oremos\u00a0<em>\u201cAmado Se\u00f1or, en este d\u00eda reconozco que t\u00fa eres el Dios de mi vida, que me has dado salvaci\u00f3n en Jes\u00fas. Te pido perd\u00f3n porque a veces me alejo de ti para tomar mis propias decisiones. Pero hoy vengo como un ni\u00f1o, con la fe de un ni\u00f1o para confiar plenamente en Ti en todas las \u00e1reas de la vida y para compartir esta certeza con los dem\u00e1s, lo creo y declaro en el Nombre de Jes\u00fas, Am\u00e9n\u201d<\/em><\/p>\n<p style=\"font-weight: 400;\">Vers\u00edculos\u00a0<em>\u201cLlevaron unos ni\u00f1os a Jes\u00fas para que los tocara, pero los disc\u00edpulos reprendieron a quienes los hab\u00edan llevado. Al ver esto, Jes\u00fas se indign\u00f3 y les dijo: \u00abDejen que los ni\u00f1os se acerquen a m\u00ed. No se lo impidan, porque el reino de Dios es de los que son como ellos. De cierto les digo que el que no reciba el reino de Dios como un ni\u00f1o, no entrar\u00e1 en \u00e9l\u00bb\u201d<\/em>. Marcos 10:13-15 (RVC)<\/p>\n<p>Buen Dia<br \/>\nJuan C Quintero<br \/>\n<a href=\"https:\/\/tinyurl.com\/BdTd240\" target=\"_blank\" rel=\"noopener\">www.buendiatodoslosdias.com<\/a><\/p>\n","protected":false},"excerpt":{"rendered":"<p>Tener fe como un ni\u00f1o es confiar ciegamente en la bondad, el cuidado, el liderazgo y la provisi\u00f3n de un padre. Los bebes no tienen la capacidad para sobrevivir por si mismos, necesitan de sus padres para que les brinden amor y todo el cuidado que necesitan As\u00ed es Dios con nosotros, El es un [&hellip;]<\/p>\n","protected":false},"author":30,"featured_media":81039,"comment_status":"open","ping_status":"open","sticky":false,"template":"","format":"standard","meta":{"tdm_status":"","tdm_grid_status":"","footnotes":""},"categories":[7,958,2839,2152,2384,1139,749,5,2293,1328],"tags":[6793,9,6807,1462,1339,117,1617,6811,6810,1341,6800,50,6806,6809,5687,6805,38,3272,6812,203,462,6804,1170,656,6801,6808,67,3322],"class_list":{"0":"post-81038","1":"post","2":"type-post","3":"status-publish","4":"format-standard","5":"has-post-thumbnail","7":"category-devocionales","8":"category-el-versiculo-del-dia","9":"category-lecturas","10":"category-mensajes-cristianos","11":"category-nuestro-pan-diario","12":"category-pensamiento-del-dia","13":"category-recursos","14":"category-reflexiones","15":"category-uncategorized-en","16":"category-varios","17":"tag-jcqpastor","18":"tag-biblia","19":"tag-coral-springs","20":"tag-cristianas","21":"tag-cristianismo","22":"tag-cristo","23":"tag-devocional","24":"tag-devotion","25":"tag-devotional","26":"tag-espiritu-santo","27":"tag-evangelio-de-hoy","28":"tag-iglesia","29":"tag-iglesia-de-coral-springs","30":"tag-iglesia-online","31":"tag-iglesia-vida","32":"tag-iglesia-vida-worship-center","33":"tag-jesus","34":"tag-juan-c-quintero","35":"tag-mensaje-diario","36":"tag-palabra-de-dios","37":"tag-pastor","38":"tag-pastor-quintero","39":"tag-predicaciones","40":"tag-predicas","41":"tag-predicas-cristianas-para-mujeres","42":"tag-ven-a-la-iglesia","43":"tag-vida","44":"tag-vida-worship-center"},"yoast_head":"<!-- This site is optimized with the Yoast SEO plugin v27.5 - https:\/\/yoast.com\/product\/yoast-seo-wordpress\/ -->\n<title>Fe como la de un ni\u00f1o<\/title>\n<meta name=\"description\" content=\"Fe como la de un ni\u00f1o - El vers\u00edculo del d\u00eda\" \/>\n<meta name=\"robots\" content=\"index, follow, max-snippet:-1, max-image-preview:large, max-video-preview:-1\" \/>\n<link rel=\"canonical\" href=\"https:\/\/elversiculodeldia.com\/blog\/fe-como-la-de-un-nino\/\" \/>\n<meta property=\"og:locale\" content=\"en_US\" \/>\n<meta property=\"og:type\" content=\"article\" \/>\n<meta property=\"og:title\" content=\"Fe como la de un ni\u00f1o\" \/>\n<meta property=\"og:description\" content=\"Fe como la de un ni\u00f1o - El vers\u00edculo del d\u00eda\" \/>\n<meta property=\"og:url\" content=\"https:\/\/elversiculodeldia.com\/blog\/fe-como-la-de-un-nino\/\" \/>\n<meta property=\"og:site_name\" content=\"El vers\u00edculo del d\u00eda\" \/>\n<meta property=\"article:publisher\" content=\"https:\/\/www.facebook.com\/elversiculodeldia\" \/>\n<meta property=\"article:author\" content=\"https:\/\/www.facebook.com\/pastorjuanquintero\/\" \/>\n<meta property=\"article:published_time\" content=\"2021-11-10T03:00:43+00:00\" \/>\n<meta property=\"article:modified_time\" content=\"2021-11-10T11:47:59+00:00\" \/>\n<meta property=\"og:image\" content=\"https:\/\/elversiculodeldia.com\/blog\/wp-content\/uploads\/2021\/11\/Buen-Dia-\u2013-Fe-como-la-de-un-nino.jpg\" \/>\n\t<meta property=\"og:image:width\" content=\"1440\" \/>\n\t<meta property=\"og:image:height\" content=\"1440\" \/>\n\t<meta property=\"og:image:type\" content=\"image\/jpeg\" \/>\n<meta name=\"author\" content=\"Juan Quintero\" \/>\n<meta name=\"twitter:card\" content=\"summary_large_image\" \/>\n<meta name=\"twitter:creator\" content=\"@elversiculo\" \/>\n<meta name=\"twitter:site\" content=\"@elversiculo\" \/>\n<meta name=\"twitter:label1\" content=\"Written by\" \/>\n\t<meta name=\"twitter:data1\" content=\"Juan Quintero\" \/>\n\t<meta name=\"twitter:label2\" content=\"Est. reading time\" \/>\n\t<meta name=\"twitter:data2\" content=\"3 minutes\" \/>\n<script type=\"application\/ld+json\" class=\"yoast-schema-graph\">{\"@context\":\"https:\\\/\\\/schema.org\",\"@graph\":[{\"@type\":\"Article\",\"@id\":\"https:\\\/\\\/elversiculodeldia.com\\\/blog\\\/fe-como-la-de-un-nino\\\/#article\",\"isPartOf\":{\"@id\":\"https:\\\/\\\/elversiculodeldia.com\\\/blog\\\/fe-como-la-de-un-nino\\\/\"},\"author\":{\"name\":\"Juan Quintero\",\"@id\":\"https:\\\/\\\/elversiculodeldia.com\\\/blog\\\/#\\\/schema\\\/person\\\/bead3290281db357e2b7d33ebdc876d2\"},\"headline\":\"Fe como la de un ni\u00f1o\",\"datePublished\":\"2021-11-10T03:00:43+00:00\",\"dateModified\":\"2021-11-10T11:47:59+00:00\",\"mainEntityOfPage\":{\"@id\":\"https:\\\/\\\/elversiculodeldia.com\\\/blog\\\/fe-como-la-de-un-nino\\\/\"},\"wordCount\":651,\"commentCount\":0,\"publisher\":{\"@id\":\"https:\\\/\\\/elversiculodeldia.com\\\/blog\\\/#organization\"},\"image\":{\"@id\":\"https:\\\/\\\/elversiculodeldia.com\\\/blog\\\/fe-como-la-de-un-nino\\\/#primaryimage\"},\"thumbnailUrl\":\"https:\\\/\\\/elversiculodeldia.com\\\/blog\\\/wp-content\\\/uploads\\\/2021\\\/11\\\/Buen-Dia-\u2013-Fe-como-la-de-un-nino.jpg\",\"keywords\":[\"#JCQPastor\",\"biblia\",\"coral springs\",\"Cristianas\",\"Cristianismo\",\"Cristo\",\"Devocional\",\"devotion\",\"devotional\",\"Espiritu Santo\",\"evangelio de hoy\",\"iglesia\",\"iglesia de coral springs\",\"iglesia online\",\"IGLESIA VIDA\",\"iglesia vida worship center\",\"Jesus\",\"JUAN C QUINTERO\",\"mensaje diario\",\"Palabra de Dios\",\"Pastor\",\"pastor quintero\",\"Predicaciones\",\"Predicas\",\"predicas cristianas para mujeres\",\"ven a la iglesia\",\"vida\",\"VIDA WORSHIP CENTER\"],\"articleSection\":{\"0\":\"Devocionales\",\"1\":\"El Versiculo del dia\",\"2\":\"Lecturas\",\"3\":\"Mensajes\",\"4\":\"Nuestro Pan Diario\",\"5\":\"Pensamiento del dia\",\"6\":\"Recursos\",\"7\":\"Reflexiones\",\"9\":\"Varios\"},\"inLanguage\":\"en-US\",\"potentialAction\":[{\"@type\":\"CommentAction\",\"name\":\"Comment\",\"target\":[\"https:\\\/\\\/elversiculodeldia.com\\\/blog\\\/fe-como-la-de-un-nino\\\/#respond\"]}]},{\"@type\":\"WebPage\",\"@id\":\"https:\\\/\\\/elversiculodeldia.com\\\/blog\\\/fe-como-la-de-un-nino\\\/\",\"url\":\"https:\\\/\\\/elversiculodeldia.com\\\/blog\\\/fe-como-la-de-un-nino\\\/\",\"name\":\"Fe como la de un ni\u00f1o\",\"isPartOf\":{\"@id\":\"https:\\\/\\\/elversiculodeldia.com\\\/blog\\\/#website\"},\"primaryImageOfPage\":{\"@id\":\"https:\\\/\\\/elversiculodeldia.com\\\/blog\\\/fe-como-la-de-un-nino\\\/#primaryimage\"},\"image\":{\"@id\":\"https:\\\/\\\/elversiculodeldia.com\\\/blog\\\/fe-como-la-de-un-nino\\\/#primaryimage\"},\"thumbnailUrl\":\"https:\\\/\\\/elversiculodeldia.com\\\/blog\\\/wp-content\\\/uploads\\\/2021\\\/11\\\/Buen-Dia-\u2013-Fe-como-la-de-un-nino.jpg\",\"datePublished\":\"2021-11-10T03:00:43+00:00\",\"dateModified\":\"2021-11-10T11:47:59+00:00\",\"description\":\"Fe como la de un ni\u00f1o - El vers\u00edculo del d\u00eda\",\"inLanguage\":\"en-US\",\"potentialAction\":[{\"@type\":\"ReadAction\",\"target\":[\"https:\\\/\\\/elversiculodeldia.com\\\/blog\\\/fe-como-la-de-un-nino\\\/\"]}]},{\"@type\":\"ImageObject\",\"inLanguage\":\"en-US\",\"@id\":\"https:\\\/\\\/elversiculodeldia.com\\\/blog\\\/fe-como-la-de-un-nino\\\/#primaryimage\",\"url\":\"https:\\\/\\\/elversiculodeldia.com\\\/blog\\\/wp-content\\\/uploads\\\/2021\\\/11\\\/Buen-Dia-\u2013-Fe-como-la-de-un-nino.jpg\",\"contentUrl\":\"https:\\\/\\\/elversiculodeldia.com\\\/blog\\\/wp-content\\\/uploads\\\/2021\\\/11\\\/Buen-Dia-\u2013-Fe-como-la-de-un-nino.jpg\",\"width\":1440,\"height\":1440},{\"@type\":\"WebSite\",\"@id\":\"https:\\\/\\\/elversiculodeldia.com\\\/blog\\\/#website\",\"url\":\"https:\\\/\\\/elversiculodeldia.com\\\/blog\\\/\",\"name\":\"El Vers\u00edculo del D\u00eda\",\"description\":\"Llevando un vers\u00edculo de salvaci\u00f3n a cada coraz\u00f3n!\",\"publisher\":{\"@id\":\"https:\\\/\\\/elversiculodeldia.com\\\/blog\\\/#organization\"},\"potentialAction\":[{\"@type\":\"SearchAction\",\"target\":{\"@type\":\"EntryPoint\",\"urlTemplate\":\"https:\\\/\\\/elversiculodeldia.com\\\/blog\\\/?s={search_term_string}\"},\"query-input\":{\"@type\":\"PropertyValueSpecification\",\"valueRequired\":true,\"valueName\":\"search_term_string\"}}],\"inLanguage\":\"en-US\"},{\"@type\":\"Organization\",\"@id\":\"https:\\\/\\\/elversiculodeldia.com\\\/blog\\\/#organization\",\"name\":\"El Versiculo del Dia\",\"url\":\"https:\\\/\\\/elversiculodeldia.com\\\/blog\\\/\",\"logo\":{\"@type\":\"ImageObject\",\"inLanguage\":\"en-US\",\"@id\":\"https:\\\/\\\/elversiculodeldia.com\\\/blog\\\/#\\\/schema\\\/logo\\\/image\\\/\",\"url\":\"https:\\\/\\\/elversiculodeldia.com\\\/blog\\\/wp-content\\\/uploads\\\/2017\\\/04\\\/logoOficialEVD.png\",\"contentUrl\":\"https:\\\/\\\/elversiculodeldia.com\\\/blog\\\/wp-content\\\/uploads\\\/2017\\\/04\\\/logoOficialEVD.png\",\"width\":400,\"height\":100,\"caption\":\"El Versiculo del Dia\"},\"image\":{\"@id\":\"https:\\\/\\\/elversiculodeldia.com\\\/blog\\\/#\\\/schema\\\/logo\\\/image\\\/\"},\"sameAs\":[\"https:\\\/\\\/www.facebook.com\\\/elversiculodeldia\",\"https:\\\/\\\/x.com\\\/elversiculo\",\"https:\\\/\\\/www.instagram.com\\\/elversiculo\",\"https:\\\/\\\/www.youtube.com\\\/user\\\/elversiculodeldia\",\"https:\\\/\\\/chat.whatsapp.com\\\/HreYiXZFT8e0tZUmqriKfb\"]},{\"@type\":\"Person\",\"@id\":\"https:\\\/\\\/elversiculodeldia.com\\\/blog\\\/#\\\/schema\\\/person\\\/bead3290281db357e2b7d33ebdc876d2\",\"name\":\"Juan Quintero\",\"image\":{\"@type\":\"ImageObject\",\"inLanguage\":\"en-US\",\"@id\":\"https:\\\/\\\/elversiculodeldia.com\\\/blog\\\/wp-content\\\/uploads\\\/2021\\\/02\\\/JCQ-BIBLIA.png\",\"url\":\"https:\\\/\\\/elversiculodeldia.com\\\/blog\\\/wp-content\\\/uploads\\\/2021\\\/02\\\/JCQ-BIBLIA.png\",\"contentUrl\":\"https:\\\/\\\/elversiculodeldia.com\\\/blog\\\/wp-content\\\/uploads\\\/2021\\\/02\\\/JCQ-BIBLIA.png\",\"caption\":\"Juan Quintero\"},\"description\":\"Me llamo Juan C Quintero, soy pastor y coach en Coral Springs, Florida, en este lugar compartir\u00e9 mucho contenido gratuito de fe, de exhortaci\u00f3n y motivacional, para brindar crecimiento espiritual y personal. Encontraras videos con informaci\u00f3n relevante, interesante, actual, as\u00ed como tambi\u00e9n predicaciones cristianas, para toda la familia. Tengo la misi\u00f3n de empoderar tu vida, para que alcances todo el potencial que Dios a determinado para ti. Creo que somos seres integrales en alma, cuerpo y esp\u00edritu y que, con la ayuda de Jes\u00fas, con el poder del Esp\u00edritu Santo y con el amor de Dios el Padre llegaras a alcanzar niveles insospechados en tu vida. Todos los mensajes, art\u00edculos, videos y comentarios est\u00e1n enfocados en lograr cuatro cosas: - Que seas edificado a la manera de Jes\u00fas - Que tu familia sea cuidada - Que cumplas tu prop\u00f3sito en esta vida - Que crezcamos y nos multipliquemos como personas, entidades, organismos y como comunidad de fe Gracias por ver estos estudios y mensajes de fe y esperanza. Sinceramente Juan C Quintero Senior Pastor Vida Worship Center 10303 Royal Palm Blvd, Coral Springs, Fl 33065 email: pastor@vidawc.com Web: www.VidaWC.com\",\"sameAs\":[\"http:\\\/\\\/www.buendiatodoslosdias.com\",\"https:\\\/\\\/www.facebook.com\\\/pastorjuanquintero\\\/\",\"https:\\\/\\\/www.instagram.com\\\/vidawc\\\/\",\"https:\\\/\\\/www.youtube.com\\\/playlist?list=PLqlmwAuBIF8qNKALCu9VGBtAmN7t3Enz0\"],\"url\":\"https:\\\/\\\/elversiculodeldia.com\\\/blog\\\/author\\\/jcqpastor\\\/\"}]}<\/script>\n<!-- \/ Yoast SEO plugin. -->","yoast_head_json":{"title":"Fe como la de un ni\u00f1o","description":"Fe como la de un ni\u00f1o - El vers\u00edculo del d\u00eda","robots":{"index":"index","follow":"follow","max-snippet":"max-snippet:-1","max-image-preview":"max-image-preview:large","max-video-preview":"max-video-preview:-1"},"canonical":"https:\/\/elversiculodeldia.com\/blog\/fe-como-la-de-un-nino\/","og_locale":"en_US","og_type":"article","og_title":"Fe como la de un ni\u00f1o","og_description":"Fe como la de un ni\u00f1o - El vers\u00edculo del d\u00eda","og_url":"https:\/\/elversiculodeldia.com\/blog\/fe-como-la-de-un-nino\/","og_site_name":"El vers\u00edculo del d\u00eda","article_publisher":"https:\/\/www.facebook.com\/elversiculodeldia","article_author":"https:\/\/www.facebook.com\/pastorjuanquintero\/","article_published_time":"2021-11-10T03:00:43+00:00","article_modified_time":"2021-11-10T11:47:59+00:00","og_image":[{"width":1440,"height":1440,"url":"https:\/\/elversiculodeldia.com\/blog\/wp-content\/uploads\/2021\/11\/Buen-Dia-\u2013-Fe-como-la-de-un-nino.jpg","type":"image\/jpeg"}],"author":"Juan Quintero","twitter_card":"summary_large_image","twitter_creator":"@elversiculo","twitter_site":"@elversiculo","twitter_misc":{"Written by":"Juan Quintero","Est. reading time":"3 minutes"},"schema":{"@context":"https:\/\/schema.org","@graph":[{"@type":"Article","@id":"https:\/\/elversiculodeldia.com\/blog\/fe-como-la-de-un-nino\/#article","isPartOf":{"@id":"https:\/\/elversiculodeldia.com\/blog\/fe-como-la-de-un-nino\/"},"author":{"name":"Juan Quintero","@id":"https:\/\/elversiculodeldia.com\/blog\/#\/schema\/person\/bead3290281db357e2b7d33ebdc876d2"},"headline":"Fe como la de un ni\u00f1o","datePublished":"2021-11-10T03:00:43+00:00","dateModified":"2021-11-10T11:47:59+00:00","mainEntityOfPage":{"@id":"https:\/\/elversiculodeldia.com\/blog\/fe-como-la-de-un-nino\/"},"wordCount":651,"commentCount":0,"publisher":{"@id":"https:\/\/elversiculodeldia.com\/blog\/#organization"},"image":{"@id":"https:\/\/elversiculodeldia.com\/blog\/fe-como-la-de-un-nino\/#primaryimage"},"thumbnailUrl":"https:\/\/elversiculodeldia.com\/blog\/wp-content\/uploads\/2021\/11\/Buen-Dia-\u2013-Fe-como-la-de-un-nino.jpg","keywords":["#JCQPastor","biblia","coral springs","Cristianas","Cristianismo","Cristo","Devocional","devotion","devotional","Espiritu Santo","evangelio de hoy","iglesia","iglesia de coral springs","iglesia online","IGLESIA VIDA","iglesia vida worship center","Jesus","JUAN C QUINTERO","mensaje diario","Palabra de Dios","Pastor","pastor quintero","Predicaciones","Predicas","predicas cristianas para mujeres","ven a la iglesia","vida","VIDA WORSHIP CENTER"],"articleSection":{"0":"Devocionales","1":"El Versiculo del dia","2":"Lecturas","3":"Mensajes","4":"Nuestro Pan Diario","5":"Pensamiento del dia","6":"Recursos","7":"Reflexiones","9":"Varios"},"inLanguage":"en-US","potentialAction":[{"@type":"CommentAction","name":"Comment","target":["https:\/\/elversiculodeldia.com\/blog\/fe-como-la-de-un-nino\/#respond"]}]},{"@type":"WebPage","@id":"https:\/\/elversiculodeldia.com\/blog\/fe-como-la-de-un-nino\/","url":"https:\/\/elversiculodeldia.com\/blog\/fe-como-la-de-un-nino\/","name":"Fe como la de un ni\u00f1o","isPartOf":{"@id":"https:\/\/elversiculodeldia.com\/blog\/#website"},"primaryImageOfPage":{"@id":"https:\/\/elversiculodeldia.com\/blog\/fe-como-la-de-un-nino\/#primaryimage"},"image":{"@id":"https:\/\/elversiculodeldia.com\/blog\/fe-como-la-de-un-nino\/#primaryimage"},"thumbnailUrl":"https:\/\/elversiculodeldia.com\/blog\/wp-content\/uploads\/2021\/11\/Buen-Dia-\u2013-Fe-como-la-de-un-nino.jpg","datePublished":"2021-11-10T03:00:43+00:00","dateModified":"2021-11-10T11:47:59+00:00","description":"Fe como la de un ni\u00f1o - El vers\u00edculo del d\u00eda","inLanguage":"en-US","potentialAction":[{"@type":"ReadAction","target":["https:\/\/elversiculodeldia.com\/blog\/fe-como-la-de-un-nino\/"]}]},{"@type":"ImageObject","inLanguage":"en-US","@id":"https:\/\/elversiculodeldia.com\/blog\/fe-como-la-de-un-nino\/#primaryimage","url":"https:\/\/elversiculodeldia.com\/blog\/wp-content\/uploads\/2021\/11\/Buen-Dia-\u2013-Fe-como-la-de-un-nino.jpg","contentUrl":"https:\/\/elversiculodeldia.com\/blog\/wp-content\/uploads\/2021\/11\/Buen-Dia-\u2013-Fe-como-la-de-un-nino.jpg","width":1440,"height":1440},{"@type":"WebSite","@id":"https:\/\/elversiculodeldia.com\/blog\/#website","url":"https:\/\/elversiculodeldia.com\/blog\/","name":"El Vers\u00edculo del D\u00eda","description":"Llevando un vers\u00edculo de salvaci\u00f3n a cada coraz\u00f3n!","publisher":{"@id":"https:\/\/elversiculodeldia.com\/blog\/#organization"},"potentialAction":[{"@type":"SearchAction","target":{"@type":"EntryPoint","urlTemplate":"https:\/\/elversiculodeldia.com\/blog\/?s={search_term_string}"},"query-input":{"@type":"PropertyValueSpecification","valueRequired":true,"valueName":"search_term_string"}}],"inLanguage":"en-US"},{"@type":"Organization","@id":"https:\/\/elversiculodeldia.com\/blog\/#organization","name":"El Versiculo del Dia","url":"https:\/\/elversiculodeldia.com\/blog\/","logo":{"@type":"ImageObject","inLanguage":"en-US","@id":"https:\/\/elversiculodeldia.com\/blog\/#\/schema\/logo\/image\/","url":"https:\/\/elversiculodeldia.com\/blog\/wp-content\/uploads\/2017\/04\/logoOficialEVD.png","contentUrl":"https:\/\/elversiculodeldia.com\/blog\/wp-content\/uploads\/2017\/04\/logoOficialEVD.png","width":400,"height":100,"caption":"El Versiculo del Dia"},"image":{"@id":"https:\/\/elversiculodeldia.com\/blog\/#\/schema\/logo\/image\/"},"sameAs":["https:\/\/www.facebook.com\/elversiculodeldia","https:\/\/x.com\/elversiculo","https:\/\/www.instagram.com\/elversiculo","https:\/\/www.youtube.com\/user\/elversiculodeldia","https:\/\/chat.whatsapp.com\/HreYiXZFT8e0tZUmqriKfb"]},{"@type":"Person","@id":"https:\/\/elversiculodeldia.com\/blog\/#\/schema\/person\/bead3290281db357e2b7d33ebdc876d2","name":"Juan Quintero","image":{"@type":"ImageObject","inLanguage":"en-US","@id":"https:\/\/elversiculodeldia.com\/blog\/wp-content\/uploads\/2021\/02\/JCQ-BIBLIA.png","url":"https:\/\/elversiculodeldia.com\/blog\/wp-content\/uploads\/2021\/02\/JCQ-BIBLIA.png","contentUrl":"https:\/\/elversiculodeldia.com\/blog\/wp-content\/uploads\/2021\/02\/JCQ-BIBLIA.png","caption":"Juan Quintero"},"description":"Me llamo Juan C Quintero, soy pastor y coach en Coral Springs, Florida, en este lugar compartir\u00e9 mucho contenido gratuito de fe, de exhortaci\u00f3n y motivacional, para brindar crecimiento espiritual y personal. Encontraras videos con informaci\u00f3n relevante, interesante, actual, as\u00ed como tambi\u00e9n predicaciones cristianas, para toda la familia. Tengo la misi\u00f3n de empoderar tu vida, para que alcances todo el potencial que Dios a determinado para ti. Creo que somos seres integrales en alma, cuerpo y esp\u00edritu y que, con la ayuda de Jes\u00fas, con el poder del Esp\u00edritu Santo y con el amor de Dios el Padre llegaras a alcanzar niveles insospechados en tu vida. Todos los mensajes, art\u00edculos, videos y comentarios est\u00e1n enfocados en lograr cuatro cosas: - Que seas edificado a la manera de Jes\u00fas - Que tu familia sea cuidada - Que cumplas tu prop\u00f3sito en esta vida - Que crezcamos y nos multipliquemos como personas, entidades, organismos y como comunidad de fe Gracias por ver estos estudios y mensajes de fe y esperanza. Sinceramente Juan C Quintero Senior Pastor Vida Worship Center 10303 Royal Palm Blvd, Coral Springs, Fl 33065 email: pastor@vidawc.com Web: www.VidaWC.com","sameAs":["http:\/\/www.buendiatodoslosdias.com","https:\/\/www.facebook.com\/pastorjuanquintero\/","https:\/\/www.instagram.com\/vidawc\/","https:\/\/www.youtube.com\/playlist?list=PLqlmwAuBIF8qNKALCu9VGBtAmN7t3Enz0"],"url":"https:\/\/elversiculodeldia.com\/blog\/author\/jcqpastor\/"}]}},"amp_enabled":true,"_links":{"self":[{"href":"https:\/\/elversiculodeldia.com\/blog\/wp-json\/wp\/v2\/posts\/81038","targetHints":{"allow":["GET"]}}],"collection":[{"href":"https:\/\/elversiculodeldia.com\/blog\/wp-json\/wp\/v2\/posts"}],"about":[{"href":"https:\/\/elversiculodeldia.com\/blog\/wp-json\/wp\/v2\/types\/post"}],"author":[{"embeddable":true,"href":"https:\/\/elversiculodeldia.com\/blog\/wp-json\/wp\/v2\/users\/30"}],"replies":[{"embeddable":true,"href":"https:\/\/elversiculodeldia.com\/blog\/wp-json\/wp\/v2\/comments?post=81038"}],"version-history":[{"count":0,"href":"https:\/\/elversiculodeldia.com\/blog\/wp-json\/wp\/v2\/posts\/81038\/revisions"}],"wp:featuredmedia":[{"embeddable":true,"href":"https:\/\/elversiculodeldia.com\/blog\/wp-json\/wp\/v2\/media\/81039"}],"wp:attachment":[{"href":"https:\/\/elversiculodeldia.com\/blog\/wp-json\/wp\/v2\/media?parent=81038"}],"wp:term":[{"taxonomy":"category","embeddable":true,"href":"https:\/\/elversiculodeldia.com\/blog\/wp-json\/wp\/v2\/categories?post=81038"},{"taxonomy":"post_tag","embeddable":true,"href":"https:\/\/elversiculodeldia.com\/blog\/wp-json\/wp\/v2\/tags?post=81038"}],"curies":[{"name":"wp","href":"https:\/\/api.w.org\/{rel}","templated":true}]}}