{"id":8066,"date":"2012-05-11T07:00:20","date_gmt":"2012-05-11T11:00:20","guid":{"rendered":"http:\/\/www.elversiculodeldia.com\/?p=8066"},"modified":"2015-02-03T08:30:30","modified_gmt":"2015-02-03T12:30:30","slug":"reflexiones-rasgo-de-familia","status":"publish","type":"post","link":"https:\/\/elversiculodeldia.com\/blog\/reflexiones-rasgo-de-familia\/","title":{"rendered":"Reflexiones &#8211; Rasgo de familia"},"content":{"rendered":"<div><strong><img loading=\"lazy\" decoding=\"async\" class=\"alignleft size-full wp-image-8076\" title=\"paloma2\" src=\"http:\/\/www.elversiculodeldia.com\/wp-content\/uploads\/2012\/05\/paloma2.jpg\" alt=\"\" width=\"211\" height=\"238\" \/>Reflexiones &#8211; Rasgo de familia<\/strong><\/div>\n<p>Bienaventurados los pacificadores, porque ellos ser\u00e1n llamados hijos de Dios.<br \/>\n<strong>\u2014Mateo 5:9<\/strong><\/p>\n<div>\n<p>Hay una antigua canci\u00f3n de escuela dominical que ocasionalmente recuerdo. Sus palabras dan testimonio de la paz que Jes\u00fas da con tanta generosidad: \u00a1Yo tengo paz, paz, paz, paz en mi coraz\u00f3n&#8230;!<\/p>\n<p>Sin embargo, a esta bien intencionada canci\u00f3n le falta algo. Es cierto que la paz de Dios es un regalo que disfrutamos de coraz\u00f3n cuando tenemos comuni\u00f3n con \u00c9l y estamos en Su presencia (Juan 14:27; 16:33). Pero el Se\u00f1or jam\u00e1s pretendi\u00f3 que guard\u00e1ramos toda esa paz \u00fanicamente en nuestro interior. La paz es una d\u00e1diva que debemos compartir con quienes nos rodean. <!--more-->Como creyentes, deber\u00eda caracterizar nuestras relaciones interpersonales y el entorno de nuestras iglesias.<\/p>\n<p>En Su Serm\u00f3n del Monte, Jes\u00fas dijo: <strong>\u00abBienaventurados los pacificadores\u2026\u00bb<\/strong> (Mateo 5:9), lo cual indica que debemos intencionalmente incorporar la paz en todas las interacciones. Por nuestra tendencia a ser problem\u00e1ticos en lugar de pacificadores, este consejo es importante. Entonces, \u00bfen qu\u00e9 consiste hacer la paz? Los pacificadores son los que ponen la otra mejilla (v. 39), los que recorren la segunda milla (v. 41) y los que aman a sus enemigos y oran por quienes los persiguen (v. 44).<\/p>\n<p>\u00bfPor qu\u00e9 debemos hacer esto? Porque el Se\u00f1or es pacificador, y, cuando nosotros procuramos la paz, somos <strong>\u00abllamados hijos de Dios\u00bb<\/strong> (v. 9). Ser pacificador es un rasgo de familia.<\/p>\n<\/div>\n<p>\u2014JMS<\/p>\n<div><strong>Por la paz de Dios y la paz con Dios, tambi\u00e9n podemos ser pacificadores para \u00c9l.<\/strong><\/div>\n","protected":false},"excerpt":{"rendered":"<p>Reflexiones &#8211; Rasgo de familia Bienaventurados los pacificadores, porque ellos ser\u00e1n llamados hijos de Dios. \u2014Mateo 5:9 Hay una antigua canci\u00f3n de escuela dominical que ocasionalmente recuerdo. Sus palabras dan testimonio de la paz que Jes\u00fas da con tanta generosidad: \u00a1Yo tengo paz, paz, paz, paz en mi coraz\u00f3n&#8230;! Sin embargo, a esta bien intencionada [&hellip;]<\/p>\n","protected":false},"author":179,"featured_media":8076,"comment_status":"open","ping_status":"open","sticky":false,"template":"","format":"standard","meta":{"tdm_status":"","tdm_grid_status":"","footnotes":""},"categories":[5],"tags":[8,533,166,2052,1027,1114],"class_list":{"0":"post-8066","1":"post","2":"type-post","3":"status-publish","4":"format-standard","5":"has-post-thumbnail","7":"category-reflexiones","8":"tag-dios","9":"tag-falta","10":"tag-familia","11":"tag-jms","12":"tag-juan-14","13":"tag-mateo"},"yoast_head":"<!-- This site is optimized with the Yoast SEO plugin v27.5 - https:\/\/yoast.com\/product\/yoast-seo-wordpress\/ -->\n<title>Reflexiones - Rasgo de familia<\/title>\n<meta name=\"description\" content=\"Reflexiones - Rasgo de familia - El vers\u00edculo del d\u00eda\" \/>\n<meta name=\"robots\" content=\"index, follow, max-snippet:-1, max-image-preview:large, max-video-preview:-1\" \/>\n<link rel=\"canonical\" href=\"https:\/\/elversiculodeldia.com\/blog\/reflexiones-rasgo-de-familia\/\" \/>\n<meta property=\"og:locale\" content=\"en_US\" \/>\n<meta property=\"og:type\" content=\"article\" \/>\n<meta property=\"og:title\" content=\"Reflexiones - Rasgo de familia\" \/>\n<meta property=\"og:description\" content=\"Reflexiones - Rasgo de familia - El vers\u00edculo del d\u00eda\" \/>\n<meta property=\"og:url\" content=\"https:\/\/elversiculodeldia.com\/blog\/reflexiones-rasgo-de-familia\/\" \/>\n<meta property=\"og:site_name\" content=\"El vers\u00edculo del d\u00eda\" \/>\n<meta property=\"article:publisher\" content=\"https:\/\/www.facebook.com\/elversiculodeldia\" \/>\n<meta property=\"article:published_time\" content=\"2012-05-11T11:00:20+00:00\" \/>\n<meta property=\"article:modified_time\" content=\"2015-02-03T12:30:30+00:00\" \/>\n<meta property=\"og:image\" content=\"https:\/\/elversiculodeldia.com\/blog\/wp-content\/uploads\/2012\/05\/paloma2.jpg\" \/>\n\t<meta property=\"og:image:width\" content=\"211\" \/>\n\t<meta property=\"og:image:height\" content=\"238\" \/>\n\t<meta property=\"og:image:type\" content=\"image\/jpeg\" \/>\n<meta name=\"author\" content=\"Publicador\" \/>\n<meta name=\"twitter:card\" content=\"summary_large_image\" \/>\n<meta name=\"twitter:creator\" content=\"@elversiculo\" \/>\n<meta name=\"twitter:site\" content=\"@elversiculo\" \/>\n<meta name=\"twitter:label1\" content=\"Written by\" \/>\n\t<meta name=\"twitter:data1\" content=\"Publicador\" \/>\n\t<meta name=\"twitter:label2\" content=\"Est. reading time\" \/>\n\t<meta name=\"twitter:data2\" content=\"1 minute\" \/>\n<script type=\"application\/ld+json\" class=\"yoast-schema-graph\">{\"@context\":\"https:\\\/\\\/schema.org\",\"@graph\":[{\"@type\":\"Article\",\"@id\":\"https:\\\/\\\/elversiculodeldia.com\\\/blog\\\/reflexiones-rasgo-de-familia\\\/#article\",\"isPartOf\":{\"@id\":\"https:\\\/\\\/elversiculodeldia.com\\\/blog\\\/reflexiones-rasgo-de-familia\\\/\"},\"author\":{\"name\":\"Publicador\",\"@id\":\"https:\\\/\\\/elversiculodeldia.com\\\/blog\\\/#\\\/schema\\\/person\\\/28207690384384b0c36020e7c000f640\"},\"headline\":\"Reflexiones &#8211; Rasgo de familia\",\"datePublished\":\"2012-05-11T11:00:20+00:00\",\"dateModified\":\"2015-02-03T12:30:30+00:00\",\"mainEntityOfPage\":{\"@id\":\"https:\\\/\\\/elversiculodeldia.com\\\/blog\\\/reflexiones-rasgo-de-familia\\\/\"},\"wordCount\":266,\"commentCount\":0,\"publisher\":{\"@id\":\"https:\\\/\\\/elversiculodeldia.com\\\/blog\\\/#organization\"},\"image\":{\"@id\":\"https:\\\/\\\/elversiculodeldia.com\\\/blog\\\/reflexiones-rasgo-de-familia\\\/#primaryimage\"},\"thumbnailUrl\":\"https:\\\/\\\/elversiculodeldia.com\\\/blog\\\/wp-content\\\/uploads\\\/2012\\\/05\\\/paloma2.jpg\",\"keywords\":[\"Dios\",\"falta\",\"familia\",\"JMS\",\"Juan 14\",\"Mateo\"],\"articleSection\":[\"Reflexiones\"],\"inLanguage\":\"en-US\",\"potentialAction\":[{\"@type\":\"CommentAction\",\"name\":\"Comment\",\"target\":[\"https:\\\/\\\/elversiculodeldia.com\\\/blog\\\/reflexiones-rasgo-de-familia\\\/#respond\"]}]},{\"@type\":\"WebPage\",\"@id\":\"https:\\\/\\\/elversiculodeldia.com\\\/blog\\\/reflexiones-rasgo-de-familia\\\/\",\"url\":\"https:\\\/\\\/elversiculodeldia.com\\\/blog\\\/reflexiones-rasgo-de-familia\\\/\",\"name\":\"Reflexiones - Rasgo de familia\",\"isPartOf\":{\"@id\":\"https:\\\/\\\/elversiculodeldia.com\\\/blog\\\/#website\"},\"primaryImageOfPage\":{\"@id\":\"https:\\\/\\\/elversiculodeldia.com\\\/blog\\\/reflexiones-rasgo-de-familia\\\/#primaryimage\"},\"image\":{\"@id\":\"https:\\\/\\\/elversiculodeldia.com\\\/blog\\\/reflexiones-rasgo-de-familia\\\/#primaryimage\"},\"thumbnailUrl\":\"https:\\\/\\\/elversiculodeldia.com\\\/blog\\\/wp-content\\\/uploads\\\/2012\\\/05\\\/paloma2.jpg\",\"datePublished\":\"2012-05-11T11:00:20+00:00\",\"dateModified\":\"2015-02-03T12:30:30+00:00\",\"description\":\"Reflexiones - Rasgo de familia - El vers\u00edculo del d\u00eda\",\"inLanguage\":\"en-US\",\"potentialAction\":[{\"@type\":\"ReadAction\",\"target\":[\"https:\\\/\\\/elversiculodeldia.com\\\/blog\\\/reflexiones-rasgo-de-familia\\\/\"]}]},{\"@type\":\"ImageObject\",\"inLanguage\":\"en-US\",\"@id\":\"https:\\\/\\\/elversiculodeldia.com\\\/blog\\\/reflexiones-rasgo-de-familia\\\/#primaryimage\",\"url\":\"https:\\\/\\\/elversiculodeldia.com\\\/blog\\\/wp-content\\\/uploads\\\/2012\\\/05\\\/paloma2.jpg\",\"contentUrl\":\"https:\\\/\\\/elversiculodeldia.com\\\/blog\\\/wp-content\\\/uploads\\\/2012\\\/05\\\/paloma2.jpg\",\"width\":211,\"height\":238},{\"@type\":\"WebSite\",\"@id\":\"https:\\\/\\\/elversiculodeldia.com\\\/blog\\\/#website\",\"url\":\"https:\\\/\\\/elversiculodeldia.com\\\/blog\\\/\",\"name\":\"El Vers\u00edculo del D\u00eda\",\"description\":\"Llevando un vers\u00edculo de salvaci\u00f3n a cada coraz\u00f3n!\",\"publisher\":{\"@id\":\"https:\\\/\\\/elversiculodeldia.com\\\/blog\\\/#organization\"},\"potentialAction\":[{\"@type\":\"SearchAction\",\"target\":{\"@type\":\"EntryPoint\",\"urlTemplate\":\"https:\\\/\\\/elversiculodeldia.com\\\/blog\\\/?s={search_term_string}\"},\"query-input\":{\"@type\":\"PropertyValueSpecification\",\"valueRequired\":true,\"valueName\":\"search_term_string\"}}],\"inLanguage\":\"en-US\"},{\"@type\":\"Organization\",\"@id\":\"https:\\\/\\\/elversiculodeldia.com\\\/blog\\\/#organization\",\"name\":\"El Versiculo del Dia\",\"url\":\"https:\\\/\\\/elversiculodeldia.com\\\/blog\\\/\",\"logo\":{\"@type\":\"ImageObject\",\"inLanguage\":\"en-US\",\"@id\":\"https:\\\/\\\/elversiculodeldia.com\\\/blog\\\/#\\\/schema\\\/logo\\\/image\\\/\",\"url\":\"https:\\\/\\\/elversiculodeldia.com\\\/blog\\\/wp-content\\\/uploads\\\/2017\\\/04\\\/logoOficialEVD.png\",\"contentUrl\":\"https:\\\/\\\/elversiculodeldia.com\\\/blog\\\/wp-content\\\/uploads\\\/2017\\\/04\\\/logoOficialEVD.png\",\"width\":400,\"height\":100,\"caption\":\"El Versiculo del Dia\"},\"image\":{\"@id\":\"https:\\\/\\\/elversiculodeldia.com\\\/blog\\\/#\\\/schema\\\/logo\\\/image\\\/\"},\"sameAs\":[\"https:\\\/\\\/www.facebook.com\\\/elversiculodeldia\",\"https:\\\/\\\/x.com\\\/elversiculo\",\"https:\\\/\\\/www.instagram.com\\\/elversiculo\",\"https:\\\/\\\/www.youtube.com\\\/user\\\/elversiculodeldia\",\"https:\\\/\\\/chat.whatsapp.com\\\/HreYiXZFT8e0tZUmqriKfb\"]},{\"@type\":\"Person\",\"@id\":\"https:\\\/\\\/elversiculodeldia.com\\\/blog\\\/#\\\/schema\\\/person\\\/28207690384384b0c36020e7c000f640\",\"name\":\"Publicador\",\"image\":{\"@type\":\"ImageObject\",\"inLanguage\":\"en-US\",\"@id\":\"https:\\\/\\\/elversiculodeldia.com\\\/blog\\\/wp-content\\\/uploads\\\/2020\\\/01\\\/userbss.png\",\"url\":\"https:\\\/\\\/elversiculodeldia.com\\\/blog\\\/wp-content\\\/uploads\\\/2020\\\/01\\\/userbss.png\",\"contentUrl\":\"https:\\\/\\\/elversiculodeldia.com\\\/blog\\\/wp-content\\\/uploads\\\/2020\\\/01\\\/userbss.png\",\"caption\":\"Publicador\"},\"description\":\"Salvo por gracia \u2764 Dios es bueno y para siempre es Su misericordia!\",\"sameAs\":[\"https:\\\/\\\/www.elversiculodeldia.com\\\/\"],\"url\":\"https:\\\/\\\/elversiculodeldia.com\\\/blog\\\/author\\\/publicador\\\/\"}]}<\/script>\n<!-- \/ Yoast SEO plugin. -->","yoast_head_json":{"title":"Reflexiones - Rasgo de familia","description":"Reflexiones - Rasgo de familia - El vers\u00edculo del d\u00eda","robots":{"index":"index","follow":"follow","max-snippet":"max-snippet:-1","max-image-preview":"max-image-preview:large","max-video-preview":"max-video-preview:-1"},"canonical":"https:\/\/elversiculodeldia.com\/blog\/reflexiones-rasgo-de-familia\/","og_locale":"en_US","og_type":"article","og_title":"Reflexiones - Rasgo de familia","og_description":"Reflexiones - Rasgo de familia - El vers\u00edculo del d\u00eda","og_url":"https:\/\/elversiculodeldia.com\/blog\/reflexiones-rasgo-de-familia\/","og_site_name":"El vers\u00edculo del d\u00eda","article_publisher":"https:\/\/www.facebook.com\/elversiculodeldia","article_published_time":"2012-05-11T11:00:20+00:00","article_modified_time":"2015-02-03T12:30:30+00:00","og_image":[{"width":211,"height":238,"url":"https:\/\/elversiculodeldia.com\/blog\/wp-content\/uploads\/2012\/05\/paloma2.jpg","type":"image\/jpeg"}],"author":"Publicador","twitter_card":"summary_large_image","twitter_creator":"@elversiculo","twitter_site":"@elversiculo","twitter_misc":{"Written by":"Publicador","Est. reading time":"1 minute"},"schema":{"@context":"https:\/\/schema.org","@graph":[{"@type":"Article","@id":"https:\/\/elversiculodeldia.com\/blog\/reflexiones-rasgo-de-familia\/#article","isPartOf":{"@id":"https:\/\/elversiculodeldia.com\/blog\/reflexiones-rasgo-de-familia\/"},"author":{"name":"Publicador","@id":"https:\/\/elversiculodeldia.com\/blog\/#\/schema\/person\/28207690384384b0c36020e7c000f640"},"headline":"Reflexiones &#8211; Rasgo de familia","datePublished":"2012-05-11T11:00:20+00:00","dateModified":"2015-02-03T12:30:30+00:00","mainEntityOfPage":{"@id":"https:\/\/elversiculodeldia.com\/blog\/reflexiones-rasgo-de-familia\/"},"wordCount":266,"commentCount":0,"publisher":{"@id":"https:\/\/elversiculodeldia.com\/blog\/#organization"},"image":{"@id":"https:\/\/elversiculodeldia.com\/blog\/reflexiones-rasgo-de-familia\/#primaryimage"},"thumbnailUrl":"https:\/\/elversiculodeldia.com\/blog\/wp-content\/uploads\/2012\/05\/paloma2.jpg","keywords":["Dios","falta","familia","JMS","Juan 14","Mateo"],"articleSection":["Reflexiones"],"inLanguage":"en-US","potentialAction":[{"@type":"CommentAction","name":"Comment","target":["https:\/\/elversiculodeldia.com\/blog\/reflexiones-rasgo-de-familia\/#respond"]}]},{"@type":"WebPage","@id":"https:\/\/elversiculodeldia.com\/blog\/reflexiones-rasgo-de-familia\/","url":"https:\/\/elversiculodeldia.com\/blog\/reflexiones-rasgo-de-familia\/","name":"Reflexiones - Rasgo de familia","isPartOf":{"@id":"https:\/\/elversiculodeldia.com\/blog\/#website"},"primaryImageOfPage":{"@id":"https:\/\/elversiculodeldia.com\/blog\/reflexiones-rasgo-de-familia\/#primaryimage"},"image":{"@id":"https:\/\/elversiculodeldia.com\/blog\/reflexiones-rasgo-de-familia\/#primaryimage"},"thumbnailUrl":"https:\/\/elversiculodeldia.com\/blog\/wp-content\/uploads\/2012\/05\/paloma2.jpg","datePublished":"2012-05-11T11:00:20+00:00","dateModified":"2015-02-03T12:30:30+00:00","description":"Reflexiones - Rasgo de familia - El vers\u00edculo del d\u00eda","inLanguage":"en-US","potentialAction":[{"@type":"ReadAction","target":["https:\/\/elversiculodeldia.com\/blog\/reflexiones-rasgo-de-familia\/"]}]},{"@type":"ImageObject","inLanguage":"en-US","@id":"https:\/\/elversiculodeldia.com\/blog\/reflexiones-rasgo-de-familia\/#primaryimage","url":"https:\/\/elversiculodeldia.com\/blog\/wp-content\/uploads\/2012\/05\/paloma2.jpg","contentUrl":"https:\/\/elversiculodeldia.com\/blog\/wp-content\/uploads\/2012\/05\/paloma2.jpg","width":211,"height":238},{"@type":"WebSite","@id":"https:\/\/elversiculodeldia.com\/blog\/#website","url":"https:\/\/elversiculodeldia.com\/blog\/","name":"El Vers\u00edculo del D\u00eda","description":"Llevando un vers\u00edculo de salvaci\u00f3n a cada coraz\u00f3n!","publisher":{"@id":"https:\/\/elversiculodeldia.com\/blog\/#organization"},"potentialAction":[{"@type":"SearchAction","target":{"@type":"EntryPoint","urlTemplate":"https:\/\/elversiculodeldia.com\/blog\/?s={search_term_string}"},"query-input":{"@type":"PropertyValueSpecification","valueRequired":true,"valueName":"search_term_string"}}],"inLanguage":"en-US"},{"@type":"Organization","@id":"https:\/\/elversiculodeldia.com\/blog\/#organization","name":"El Versiculo del Dia","url":"https:\/\/elversiculodeldia.com\/blog\/","logo":{"@type":"ImageObject","inLanguage":"en-US","@id":"https:\/\/elversiculodeldia.com\/blog\/#\/schema\/logo\/image\/","url":"https:\/\/elversiculodeldia.com\/blog\/wp-content\/uploads\/2017\/04\/logoOficialEVD.png","contentUrl":"https:\/\/elversiculodeldia.com\/blog\/wp-content\/uploads\/2017\/04\/logoOficialEVD.png","width":400,"height":100,"caption":"El Versiculo del Dia"},"image":{"@id":"https:\/\/elversiculodeldia.com\/blog\/#\/schema\/logo\/image\/"},"sameAs":["https:\/\/www.facebook.com\/elversiculodeldia","https:\/\/x.com\/elversiculo","https:\/\/www.instagram.com\/elversiculo","https:\/\/www.youtube.com\/user\/elversiculodeldia","https:\/\/chat.whatsapp.com\/HreYiXZFT8e0tZUmqriKfb"]},{"@type":"Person","@id":"https:\/\/elversiculodeldia.com\/blog\/#\/schema\/person\/28207690384384b0c36020e7c000f640","name":"Publicador","image":{"@type":"ImageObject","inLanguage":"en-US","@id":"https:\/\/elversiculodeldia.com\/blog\/wp-content\/uploads\/2020\/01\/userbss.png","url":"https:\/\/elversiculodeldia.com\/blog\/wp-content\/uploads\/2020\/01\/userbss.png","contentUrl":"https:\/\/elversiculodeldia.com\/blog\/wp-content\/uploads\/2020\/01\/userbss.png","caption":"Publicador"},"description":"Salvo por gracia \u2764 Dios es bueno y para siempre es Su misericordia!","sameAs":["https:\/\/www.elversiculodeldia.com\/"],"url":"https:\/\/elversiculodeldia.com\/blog\/author\/publicador\/"}]}},"amp_enabled":true,"_links":{"self":[{"href":"https:\/\/elversiculodeldia.com\/blog\/wp-json\/wp\/v2\/posts\/8066","targetHints":{"allow":["GET"]}}],"collection":[{"href":"https:\/\/elversiculodeldia.com\/blog\/wp-json\/wp\/v2\/posts"}],"about":[{"href":"https:\/\/elversiculodeldia.com\/blog\/wp-json\/wp\/v2\/types\/post"}],"author":[{"embeddable":true,"href":"https:\/\/elversiculodeldia.com\/blog\/wp-json\/wp\/v2\/users\/179"}],"replies":[{"embeddable":true,"href":"https:\/\/elversiculodeldia.com\/blog\/wp-json\/wp\/v2\/comments?post=8066"}],"version-history":[{"count":0,"href":"https:\/\/elversiculodeldia.com\/blog\/wp-json\/wp\/v2\/posts\/8066\/revisions"}],"wp:featuredmedia":[{"embeddable":true,"href":"https:\/\/elversiculodeldia.com\/blog\/wp-json\/wp\/v2\/media\/8076"}],"wp:attachment":[{"href":"https:\/\/elversiculodeldia.com\/blog\/wp-json\/wp\/v2\/media?parent=8066"}],"wp:term":[{"taxonomy":"category","embeddable":true,"href":"https:\/\/elversiculodeldia.com\/blog\/wp-json\/wp\/v2\/categories?post=8066"},{"taxonomy":"post_tag","embeddable":true,"href":"https:\/\/elversiculodeldia.com\/blog\/wp-json\/wp\/v2\/tags?post=8066"}],"curies":[{"name":"wp","href":"https:\/\/api.w.org\/{rel}","templated":true}]}}