{"id":70692,"date":"2026-08-25T07:26:57","date_gmt":"2026-08-25T11:26:57","guid":{"rendered":"https:\/\/www.elversiculodeldia.com\/?p=70692"},"modified":"2026-08-22T09:13:49","modified_gmt":"2026-08-22T13:13:49","slug":"buen-dia-dios-no-discrimina","status":"publish","type":"post","link":"https:\/\/elversiculodeldia.com\/blog\/buen-dia-dios-no-discrimina\/","title":{"rendered":"Dios No Discrimina"},"content":{"rendered":"<p><img loading=\"lazy\" decoding=\"async\" class=\"alignnone size-full wp-image-112186\" src=\"https:\/\/elversiculodeldia.com\/blog\/wp-content\/uploads\/2020\/08\/Dios-no-discrimina-portada.png\" alt=\"\" width=\"1280\" height=\"720\" srcset=\"https:\/\/elversiculodeldia.com\/blog\/wp-content\/uploads\/2020\/08\/Dios-no-discrimina-portada.png 1280w, https:\/\/elversiculodeldia.com\/blog\/wp-content\/uploads\/2020\/08\/Dios-no-discrimina-portada-768x432.png 768w\" sizes=\"auto, (max-width: 1280px) 100vw, 1280px\" \/><\/p>\n<!--[if lt IE 9]><script>document.createElement('audio');<\/script><![endif]-->\n<audio class=\"wp-audio-shortcode\" id=\"audio-70692-1\" preload=\"none\" style=\"width: 100%;\" controls=\"controls\"><source type=\"audio\/mpeg\" src=\"https:\/\/elversiculodeldia.com\/blog\/wp-content\/uploads\/2020\/08\/Dios-no-discrimina.mp3?_=1\" \/><a href=\"https:\/\/elversiculodeldia.com\/blog\/wp-content\/uploads\/2020\/08\/Dios-no-discrimina.mp3\">https:\/\/elversiculodeldia.com\/blog\/wp-content\/uploads\/2020\/08\/Dios-no-discrimina.mp3<\/a><\/audio>\n<p>Una de las m\u00e1s grandes derrotas de la vida comienza cuando alguien se considera que es inadecuado, que no tiene talento o que no va a poder ejercer una actividad o encajar en un grupo.<\/p>\n<p>Quiz\u00e1s en nuestra sociedad,\u00a0<em>y hoy al igual que en otras \u00e9pocas<\/em>, se experimente la discriminaci\u00f3n y el rechazo; pero para Dios no hay personas inservibles, todos pueden calificar, ser aptos y bien recibidos en el Reino de Dios.<\/p>\n<p>Dice la Biblia en 1 Corintios 1:26-27 lo siguiente: \u201c<em>Hermanos, consideren su propio llamamiento: No muchos de ustedes son sabios, seg\u00fan criterios meramente humanos; ni son muchos los poderosos ni muchos los de noble cuna. Pero Dios escogi\u00f3 lo insensato del mundo para avergonzar a los sabios, y escogi\u00f3 lo d\u00e9bil del mundo para avergonzar a los poderosos\u201d<\/em>.<\/p>\n<p>Dios usa a quien \u00c9l quiera y no lo hace por merecimiento humano, ni por nivel de estudios o por capacidades especiales; \u00c9l escoge a quien est\u00e1 dispuesto a ser obediente a Su Palabra, y lo mejor de esto es que, como dicen los versos anteriores, al insensato lo vuelve sabio y al d\u00e9bil poderoso, para que tanto el\u00a0<em>\u201csabio\u201d como el \u201cpoderoso\u201d<\/em>\u00a0de la tierra se averg\u00fcencen.<\/p>\n<p>Tres mujeres se nombran en la genealog\u00eda de Jes\u00fas que est\u00e1n nombradas en Mateo, cap\u00edtulo 1. En los primeros 16 versos encontramos a Tamar, una viuda que se hace pasar por prostituta y enga\u00f1a a Jud\u00e1 para quedar embarazada (G\u00e9nesis 38); Rahab, mujer amorrea y prostituta, es quien le ayuda a los esp\u00edas en tiempo de Josu\u00e9 a escapar por la muralla, hecho que marc\u00f3 el inicio de la toma de Jeric\u00f3; finalmente, ella fue redimida y acept\u00f3 vivir bajo los preceptos de Dios (Josu\u00e9 2); y Betsab\u00e9 (nombrada como la mujer de Ur\u00edas), quien cometi\u00f3 adulterio con David, pero a quien Dios convirti\u00f3 en la madre del rey Salom\u00f3n (2 Samuel 11).<\/p>\n<p>As\u00ed se comprueba una vez m\u00e1s que Dios restaura y usa a quien est\u00e9 dispuesto a vivir y actuar bajo Su sombra y cobertura.<\/p>\n<p>Tu historia no ha terminado, tu destino no se ha estancado; lo que necesitas es la restauraci\u00f3n, la renovaci\u00f3n de la mente y el empoderamiento que se produce cuando Jes\u00fas es el centro de tu vida.<\/p>\n<p>No existe pecado que el Se\u00f1or no pueda perdonar y no existe ninguna persona genuinamente arrepentida a quien el Se\u00f1or rechace.<\/p>\n<p>Cualquier pasado de dolor, al igual que cualquier victoria sobre un vicio, pecado oculto u otros males con los que las personas hayan convivido pueden ser una poderosa herramienta testimonial en las manos del Se\u00f1or, para rescatar y liberar a otros.<\/p>\n<p>Si le abres el coraz\u00f3n al Se\u00f1or, \u00c9l cambiar\u00e1 tu situaci\u00f3n; pasar\u00e1s de derrotado a victorioso.<\/p>\n<p>No te fijes en las limitaciones personales; todos encajamos perfectamente para que se cumpla el prop\u00f3sito de Dios de ser restaurados. No te desanimes, entr\u00e9gale completamente tu vida a Jes\u00fas y \u00c9l har\u00e1.<\/p>\n<p>Oremos:\u00a0<em>\u201cSe\u00f1or, gracias por ser un Dios que no discrimina, donde todos tenemos oportunidades. Renuncio a la autocr\u00edtica que me hace sentir inadecuado(a), y me coloco en tus manos para que me fortalezcas y me uses para tus prop\u00f3sitos. Acepto Tu Sabidur\u00eda y pongo a un lado mis pensamientos limitantes, sabiendo que as\u00ed alcanzar\u00e9 nuevas alturas en mi relaci\u00f3n contigo, lo creo y lo declaro en el Nombre de Jes\u00fas. Am\u00e9n.\u201d<\/em><\/p>\n<p>Vers\u00edculos:\u00a0<em>\u201cHermanos, consideren su propio llamamiento: No muchos de ustedes son sabios, seg\u00fan criterios meramente humanos; ni son muchos los poderosos ni muchos los de noble cuna. Pero Dios escogi\u00f3 lo insensato del mundo para avergonzar a los sabios, y escogi\u00f3 lo d\u00e9bil del mundo para avergonzar a los poderosos\u201d<\/em>\u00a01 Corintios 1:26-27 (NVI)<\/p>\n<p>Buen Dia<br \/>\nJuan C Quintero<br \/>\n<a href=\"https:\/\/youtu.be\/nefx0WG-F-g\" target=\"_blank\" rel=\"noopener\">Buendiatodoslosdias.com<\/a><\/p>\n","protected":false},"excerpt":{"rendered":"<p>Una de las m\u00e1s grandes derrotas de la vida comienza cuando alguien se considera que es inadecuado, que no tiene talento o que no va a poder ejercer una actividad o encajar en un grupo. Quiz\u00e1s en nuestra sociedad,\u00a0y hoy al igual que en otras \u00e9pocas, se experimente la discriminaci\u00f3n y el rechazo; pero para [&hellip;]<\/p>\n","protected":false},"author":30,"featured_media":70695,"comment_status":"open","ping_status":"open","sticky":false,"template":"","format":"standard","meta":{"tdm_status":"","tdm_grid_status":"","footnotes":""},"categories":[7,958,1326,2839,2152,2384,1139,749,5,2293,1328],"tags":[6793,9,117,1617,6829,1341,50,5687,6805,38,3272,462,6804,3320,67,3322],"class_list":{"0":"post-70692","1":"post","2":"type-post","3":"status-publish","4":"format-standard","5":"has-post-thumbnail","7":"category-devocionales","8":"category-el-versiculo-del-dia","9":"category-imagenes-3","10":"category-lecturas","11":"category-mensajes-cristianos","12":"category-nuestro-pan-diario","13":"category-pensamiento-del-dia","14":"category-recursos","15":"category-reflexiones","16":"category-uncategorized-en","17":"category-varios","18":"tag-jcqpastor","19":"tag-biblia","20":"tag-cristo","21":"tag-devocional","22":"tag-discriminacion","23":"tag-espiritu-santo","24":"tag-iglesia","25":"tag-iglesia-vida","26":"tag-iglesia-vida-worship-center","27":"tag-jesus","28":"tag-juan-c-quintero","29":"tag-pastor","30":"tag-pastor-quintero","31":"tag-restauracion","32":"tag-vida","33":"tag-vida-worship-center"},"yoast_head":"<!-- This site is optimized with the Yoast SEO plugin v27.5 - https:\/\/yoast.com\/product\/yoast-seo-wordpress\/ -->\n<title>Dios No Discrimina<\/title>\n<meta name=\"description\" content=\"Dios No Discrimina - El vers\u00edculo del d\u00eda\" \/>\n<meta name=\"robots\" content=\"index, follow, max-snippet:-1, max-image-preview:large, max-video-preview:-1\" \/>\n<link rel=\"canonical\" href=\"https:\/\/elversiculodeldia.com\/blog\/buen-dia-dios-no-discrimina\/\" \/>\n<meta property=\"og:locale\" content=\"en_US\" \/>\n<meta property=\"og:type\" content=\"article\" \/>\n<meta property=\"og:title\" content=\"Dios No Discrimina\" \/>\n<meta property=\"og:description\" content=\"Dios No Discrimina - El vers\u00edculo del d\u00eda\" \/>\n<meta property=\"og:url\" content=\"https:\/\/elversiculodeldia.com\/blog\/buen-dia-dios-no-discrimina\/\" \/>\n<meta property=\"og:site_name\" content=\"El vers\u00edculo del d\u00eda\" \/>\n<meta property=\"article:publisher\" content=\"https:\/\/www.facebook.com\/elversiculodeldia\" \/>\n<meta property=\"article:author\" content=\"https:\/\/www.facebook.com\/pastorjuanquintero\/\" \/>\n<meta property=\"article:published_time\" content=\"2026-08-25T11:26:57+00:00\" \/>\n<meta property=\"og:image\" content=\"https:\/\/elversiculodeldia.com\/blog\/wp-content\/uploads\/2020\/08\/BUEN-DIA-DIOS-NO-DISCRIMINA.png\" \/>\n\t<meta property=\"og:image:width\" content=\"720\" \/>\n\t<meta property=\"og:image:height\" content=\"720\" \/>\n\t<meta property=\"og:image:type\" content=\"image\/png\" \/>\n<meta name=\"author\" content=\"Juan Quintero\" \/>\n<meta name=\"twitter:card\" content=\"summary_large_image\" \/>\n<meta name=\"twitter:creator\" content=\"@elversiculo\" \/>\n<meta name=\"twitter:site\" content=\"@elversiculo\" \/>\n<meta name=\"twitter:label1\" content=\"Written by\" \/>\n\t<meta name=\"twitter:data1\" content=\"Juan Quintero\" \/>\n\t<meta name=\"twitter:label2\" content=\"Est. reading time\" \/>\n\t<meta name=\"twitter:data2\" content=\"3 minutes\" \/>\n<script type=\"application\/ld+json\" class=\"yoast-schema-graph\">{\"@context\":\"https:\\\/\\\/schema.org\",\"@graph\":[{\"@type\":\"Article\",\"@id\":\"https:\\\/\\\/elversiculodeldia.com\\\/blog\\\/buen-dia-dios-no-discrimina\\\/#article\",\"isPartOf\":{\"@id\":\"https:\\\/\\\/elversiculodeldia.com\\\/blog\\\/buen-dia-dios-no-discrimina\\\/\"},\"author\":{\"name\":\"Juan Quintero\",\"@id\":\"https:\\\/\\\/elversiculodeldia.com\\\/blog\\\/#\\\/schema\\\/person\\\/bead3290281db357e2b7d33ebdc876d2\"},\"headline\":\"Dios No Discrimina\",\"datePublished\":\"2026-08-25T11:26:57+00:00\",\"mainEntityOfPage\":{\"@id\":\"https:\\\/\\\/elversiculodeldia.com\\\/blog\\\/buen-dia-dios-no-discrimina\\\/\"},\"wordCount\":663,\"commentCount\":0,\"publisher\":{\"@id\":\"https:\\\/\\\/elversiculodeldia.com\\\/blog\\\/#organization\"},\"image\":{\"@id\":\"https:\\\/\\\/elversiculodeldia.com\\\/blog\\\/buen-dia-dios-no-discrimina\\\/#primaryimage\"},\"thumbnailUrl\":\"https:\\\/\\\/elversiculodeldia.com\\\/blog\\\/wp-content\\\/uploads\\\/2020\\\/08\\\/BUEN-DIA-DIOS-NO-DISCRIMINA.png\",\"keywords\":[\"#JCQPastor\",\"biblia\",\"Cristo\",\"Devocional\",\"DISCRIMINACI\u00f3N\",\"Espiritu Santo\",\"iglesia\",\"IGLESIA VIDA\",\"iglesia vida worship center\",\"Jesus\",\"JUAN C QUINTERO\",\"Pastor\",\"pastor quintero\",\"RESTAURACI\u00d3N\",\"vida\",\"VIDA WORSHIP CENTER\"],\"articleSection\":{\"0\":\"Devocionales\",\"1\":\"El Versiculo del dia\",\"2\":\"Imagenes\",\"3\":\"Lecturas\",\"4\":\"Mensajes\",\"5\":\"Nuestro Pan Diario\",\"6\":\"Pensamiento del dia\",\"7\":\"Recursos\",\"8\":\"Reflexiones\",\"10\":\"Varios\"},\"inLanguage\":\"en-US\",\"potentialAction\":[{\"@type\":\"CommentAction\",\"name\":\"Comment\",\"target\":[\"https:\\\/\\\/elversiculodeldia.com\\\/blog\\\/buen-dia-dios-no-discrimina\\\/#respond\"]}]},{\"@type\":\"WebPage\",\"@id\":\"https:\\\/\\\/elversiculodeldia.com\\\/blog\\\/buen-dia-dios-no-discrimina\\\/\",\"url\":\"https:\\\/\\\/elversiculodeldia.com\\\/blog\\\/buen-dia-dios-no-discrimina\\\/\",\"name\":\"Dios No Discrimina\",\"isPartOf\":{\"@id\":\"https:\\\/\\\/elversiculodeldia.com\\\/blog\\\/#website\"},\"primaryImageOfPage\":{\"@id\":\"https:\\\/\\\/elversiculodeldia.com\\\/blog\\\/buen-dia-dios-no-discrimina\\\/#primaryimage\"},\"image\":{\"@id\":\"https:\\\/\\\/elversiculodeldia.com\\\/blog\\\/buen-dia-dios-no-discrimina\\\/#primaryimage\"},\"thumbnailUrl\":\"https:\\\/\\\/elversiculodeldia.com\\\/blog\\\/wp-content\\\/uploads\\\/2020\\\/08\\\/BUEN-DIA-DIOS-NO-DISCRIMINA.png\",\"datePublished\":\"2026-08-25T11:26:57+00:00\",\"description\":\"Dios No Discrimina - El vers\u00edculo del d\u00eda\",\"inLanguage\":\"en-US\",\"potentialAction\":[{\"@type\":\"ReadAction\",\"target\":[\"https:\\\/\\\/elversiculodeldia.com\\\/blog\\\/buen-dia-dios-no-discrimina\\\/\"]}]},{\"@type\":\"ImageObject\",\"inLanguage\":\"en-US\",\"@id\":\"https:\\\/\\\/elversiculodeldia.com\\\/blog\\\/buen-dia-dios-no-discrimina\\\/#primaryimage\",\"url\":\"https:\\\/\\\/elversiculodeldia.com\\\/blog\\\/wp-content\\\/uploads\\\/2020\\\/08\\\/BUEN-DIA-DIOS-NO-DISCRIMINA.png\",\"contentUrl\":\"https:\\\/\\\/elversiculodeldia.com\\\/blog\\\/wp-content\\\/uploads\\\/2020\\\/08\\\/BUEN-DIA-DIOS-NO-DISCRIMINA.png\",\"width\":720,\"height\":720},{\"@type\":\"WebSite\",\"@id\":\"https:\\\/\\\/elversiculodeldia.com\\\/blog\\\/#website\",\"url\":\"https:\\\/\\\/elversiculodeldia.com\\\/blog\\\/\",\"name\":\"El Vers\u00edculo del D\u00eda\",\"description\":\"Llevando un vers\u00edculo de salvaci\u00f3n a cada coraz\u00f3n!\",\"publisher\":{\"@id\":\"https:\\\/\\\/elversiculodeldia.com\\\/blog\\\/#organization\"},\"potentialAction\":[{\"@type\":\"SearchAction\",\"target\":{\"@type\":\"EntryPoint\",\"urlTemplate\":\"https:\\\/\\\/elversiculodeldia.com\\\/blog\\\/?s={search_term_string}\"},\"query-input\":{\"@type\":\"PropertyValueSpecification\",\"valueRequired\":true,\"valueName\":\"search_term_string\"}}],\"inLanguage\":\"en-US\"},{\"@type\":\"Organization\",\"@id\":\"https:\\\/\\\/elversiculodeldia.com\\\/blog\\\/#organization\",\"name\":\"El Versiculo del Dia\",\"url\":\"https:\\\/\\\/elversiculodeldia.com\\\/blog\\\/\",\"logo\":{\"@type\":\"ImageObject\",\"inLanguage\":\"en-US\",\"@id\":\"https:\\\/\\\/elversiculodeldia.com\\\/blog\\\/#\\\/schema\\\/logo\\\/image\\\/\",\"url\":\"https:\\\/\\\/elversiculodeldia.com\\\/blog\\\/wp-content\\\/uploads\\\/2017\\\/04\\\/logoOficialEVD.png\",\"contentUrl\":\"https:\\\/\\\/elversiculodeldia.com\\\/blog\\\/wp-content\\\/uploads\\\/2017\\\/04\\\/logoOficialEVD.png\",\"width\":400,\"height\":100,\"caption\":\"El Versiculo del Dia\"},\"image\":{\"@id\":\"https:\\\/\\\/elversiculodeldia.com\\\/blog\\\/#\\\/schema\\\/logo\\\/image\\\/\"},\"sameAs\":[\"https:\\\/\\\/www.facebook.com\\\/elversiculodeldia\",\"https:\\\/\\\/x.com\\\/elversiculo\",\"https:\\\/\\\/www.instagram.com\\\/elversiculo\",\"https:\\\/\\\/www.youtube.com\\\/user\\\/elversiculodeldia\",\"https:\\\/\\\/chat.whatsapp.com\\\/HreYiXZFT8e0tZUmqriKfb\"]},{\"@type\":\"Person\",\"@id\":\"https:\\\/\\\/elversiculodeldia.com\\\/blog\\\/#\\\/schema\\\/person\\\/bead3290281db357e2b7d33ebdc876d2\",\"name\":\"Juan Quintero\",\"image\":{\"@type\":\"ImageObject\",\"inLanguage\":\"en-US\",\"@id\":\"https:\\\/\\\/elversiculodeldia.com\\\/blog\\\/wp-content\\\/uploads\\\/2021\\\/02\\\/JCQ-BIBLIA.png\",\"url\":\"https:\\\/\\\/elversiculodeldia.com\\\/blog\\\/wp-content\\\/uploads\\\/2021\\\/02\\\/JCQ-BIBLIA.png\",\"contentUrl\":\"https:\\\/\\\/elversiculodeldia.com\\\/blog\\\/wp-content\\\/uploads\\\/2021\\\/02\\\/JCQ-BIBLIA.png\",\"caption\":\"Juan Quintero\"},\"description\":\"Me llamo Juan C Quintero, soy pastor y coach en Coral Springs, Florida, en este lugar compartir\u00e9 mucho contenido gratuito de fe, de exhortaci\u00f3n y motivacional, para brindar crecimiento espiritual y personal. Encontraras videos con informaci\u00f3n relevante, interesante, actual, as\u00ed como tambi\u00e9n predicaciones cristianas, para toda la familia. Tengo la misi\u00f3n de empoderar tu vida, para que alcances todo el potencial que Dios a determinado para ti. Creo que somos seres integrales en alma, cuerpo y esp\u00edritu y que, con la ayuda de Jes\u00fas, con el poder del Esp\u00edritu Santo y con el amor de Dios el Padre llegaras a alcanzar niveles insospechados en tu vida. Todos los mensajes, art\u00edculos, videos y comentarios est\u00e1n enfocados en lograr cuatro cosas: - Que seas edificado a la manera de Jes\u00fas - Que tu familia sea cuidada - Que cumplas tu prop\u00f3sito en esta vida - Que crezcamos y nos multipliquemos como personas, entidades, organismos y como comunidad de fe Gracias por ver estos estudios y mensajes de fe y esperanza. Sinceramente Juan C Quintero Senior Pastor Vida Worship Center 10303 Royal Palm Blvd, Coral Springs, Fl 33065 email: pastor@vidawc.com Web: www.VidaWC.com\",\"sameAs\":[\"http:\\\/\\\/www.buendiatodoslosdias.com\",\"https:\\\/\\\/www.facebook.com\\\/pastorjuanquintero\\\/\",\"https:\\\/\\\/www.instagram.com\\\/vidawc\\\/\",\"https:\\\/\\\/www.youtube.com\\\/playlist?list=PLqlmwAuBIF8qNKALCu9VGBtAmN7t3Enz0\"],\"url\":\"https:\\\/\\\/elversiculodeldia.com\\\/blog\\\/author\\\/jcqpastor\\\/\"}]}<\/script>\n<!-- \/ Yoast SEO plugin. -->","yoast_head_json":{"title":"Dios No Discrimina","description":"Dios No Discrimina - El vers\u00edculo del d\u00eda","robots":{"index":"index","follow":"follow","max-snippet":"max-snippet:-1","max-image-preview":"max-image-preview:large","max-video-preview":"max-video-preview:-1"},"canonical":"https:\/\/elversiculodeldia.com\/blog\/buen-dia-dios-no-discrimina\/","og_locale":"en_US","og_type":"article","og_title":"Dios No Discrimina","og_description":"Dios No Discrimina - El vers\u00edculo del d\u00eda","og_url":"https:\/\/elversiculodeldia.com\/blog\/buen-dia-dios-no-discrimina\/","og_site_name":"El vers\u00edculo del d\u00eda","article_publisher":"https:\/\/www.facebook.com\/elversiculodeldia","article_author":"https:\/\/www.facebook.com\/pastorjuanquintero\/","article_published_time":"2026-08-25T11:26:57+00:00","og_image":[{"width":720,"height":720,"url":"https:\/\/elversiculodeldia.com\/blog\/wp-content\/uploads\/2020\/08\/BUEN-DIA-DIOS-NO-DISCRIMINA.png","type":"image\/png"}],"author":"Juan Quintero","twitter_card":"summary_large_image","twitter_creator":"@elversiculo","twitter_site":"@elversiculo","twitter_misc":{"Written by":"Juan Quintero","Est. reading time":"3 minutes"},"schema":{"@context":"https:\/\/schema.org","@graph":[{"@type":"Article","@id":"https:\/\/elversiculodeldia.com\/blog\/buen-dia-dios-no-discrimina\/#article","isPartOf":{"@id":"https:\/\/elversiculodeldia.com\/blog\/buen-dia-dios-no-discrimina\/"},"author":{"name":"Juan Quintero","@id":"https:\/\/elversiculodeldia.com\/blog\/#\/schema\/person\/bead3290281db357e2b7d33ebdc876d2"},"headline":"Dios No Discrimina","datePublished":"2026-08-25T11:26:57+00:00","mainEntityOfPage":{"@id":"https:\/\/elversiculodeldia.com\/blog\/buen-dia-dios-no-discrimina\/"},"wordCount":663,"commentCount":0,"publisher":{"@id":"https:\/\/elversiculodeldia.com\/blog\/#organization"},"image":{"@id":"https:\/\/elversiculodeldia.com\/blog\/buen-dia-dios-no-discrimina\/#primaryimage"},"thumbnailUrl":"https:\/\/elversiculodeldia.com\/blog\/wp-content\/uploads\/2020\/08\/BUEN-DIA-DIOS-NO-DISCRIMINA.png","keywords":["#JCQPastor","biblia","Cristo","Devocional","DISCRIMINACI\u00f3N","Espiritu Santo","iglesia","IGLESIA VIDA","iglesia vida worship center","Jesus","JUAN C QUINTERO","Pastor","pastor quintero","RESTAURACI\u00d3N","vida","VIDA WORSHIP CENTER"],"articleSection":{"0":"Devocionales","1":"El Versiculo del dia","2":"Imagenes","3":"Lecturas","4":"Mensajes","5":"Nuestro Pan Diario","6":"Pensamiento del dia","7":"Recursos","8":"Reflexiones","10":"Varios"},"inLanguage":"en-US","potentialAction":[{"@type":"CommentAction","name":"Comment","target":["https:\/\/elversiculodeldia.com\/blog\/buen-dia-dios-no-discrimina\/#respond"]}]},{"@type":"WebPage","@id":"https:\/\/elversiculodeldia.com\/blog\/buen-dia-dios-no-discrimina\/","url":"https:\/\/elversiculodeldia.com\/blog\/buen-dia-dios-no-discrimina\/","name":"Dios No Discrimina","isPartOf":{"@id":"https:\/\/elversiculodeldia.com\/blog\/#website"},"primaryImageOfPage":{"@id":"https:\/\/elversiculodeldia.com\/blog\/buen-dia-dios-no-discrimina\/#primaryimage"},"image":{"@id":"https:\/\/elversiculodeldia.com\/blog\/buen-dia-dios-no-discrimina\/#primaryimage"},"thumbnailUrl":"https:\/\/elversiculodeldia.com\/blog\/wp-content\/uploads\/2020\/08\/BUEN-DIA-DIOS-NO-DISCRIMINA.png","datePublished":"2026-08-25T11:26:57+00:00","description":"Dios No Discrimina - El vers\u00edculo del d\u00eda","inLanguage":"en-US","potentialAction":[{"@type":"ReadAction","target":["https:\/\/elversiculodeldia.com\/blog\/buen-dia-dios-no-discrimina\/"]}]},{"@type":"ImageObject","inLanguage":"en-US","@id":"https:\/\/elversiculodeldia.com\/blog\/buen-dia-dios-no-discrimina\/#primaryimage","url":"https:\/\/elversiculodeldia.com\/blog\/wp-content\/uploads\/2020\/08\/BUEN-DIA-DIOS-NO-DISCRIMINA.png","contentUrl":"https:\/\/elversiculodeldia.com\/blog\/wp-content\/uploads\/2020\/08\/BUEN-DIA-DIOS-NO-DISCRIMINA.png","width":720,"height":720},{"@type":"WebSite","@id":"https:\/\/elversiculodeldia.com\/blog\/#website","url":"https:\/\/elversiculodeldia.com\/blog\/","name":"El Vers\u00edculo del D\u00eda","description":"Llevando un vers\u00edculo de salvaci\u00f3n a cada coraz\u00f3n!","publisher":{"@id":"https:\/\/elversiculodeldia.com\/blog\/#organization"},"potentialAction":[{"@type":"SearchAction","target":{"@type":"EntryPoint","urlTemplate":"https:\/\/elversiculodeldia.com\/blog\/?s={search_term_string}"},"query-input":{"@type":"PropertyValueSpecification","valueRequired":true,"valueName":"search_term_string"}}],"inLanguage":"en-US"},{"@type":"Organization","@id":"https:\/\/elversiculodeldia.com\/blog\/#organization","name":"El Versiculo del Dia","url":"https:\/\/elversiculodeldia.com\/blog\/","logo":{"@type":"ImageObject","inLanguage":"en-US","@id":"https:\/\/elversiculodeldia.com\/blog\/#\/schema\/logo\/image\/","url":"https:\/\/elversiculodeldia.com\/blog\/wp-content\/uploads\/2017\/04\/logoOficialEVD.png","contentUrl":"https:\/\/elversiculodeldia.com\/blog\/wp-content\/uploads\/2017\/04\/logoOficialEVD.png","width":400,"height":100,"caption":"El Versiculo del Dia"},"image":{"@id":"https:\/\/elversiculodeldia.com\/blog\/#\/schema\/logo\/image\/"},"sameAs":["https:\/\/www.facebook.com\/elversiculodeldia","https:\/\/x.com\/elversiculo","https:\/\/www.instagram.com\/elversiculo","https:\/\/www.youtube.com\/user\/elversiculodeldia","https:\/\/chat.whatsapp.com\/HreYiXZFT8e0tZUmqriKfb"]},{"@type":"Person","@id":"https:\/\/elversiculodeldia.com\/blog\/#\/schema\/person\/bead3290281db357e2b7d33ebdc876d2","name":"Juan Quintero","image":{"@type":"ImageObject","inLanguage":"en-US","@id":"https:\/\/elversiculodeldia.com\/blog\/wp-content\/uploads\/2021\/02\/JCQ-BIBLIA.png","url":"https:\/\/elversiculodeldia.com\/blog\/wp-content\/uploads\/2021\/02\/JCQ-BIBLIA.png","contentUrl":"https:\/\/elversiculodeldia.com\/blog\/wp-content\/uploads\/2021\/02\/JCQ-BIBLIA.png","caption":"Juan Quintero"},"description":"Me llamo Juan C Quintero, soy pastor y coach en Coral Springs, Florida, en este lugar compartir\u00e9 mucho contenido gratuito de fe, de exhortaci\u00f3n y motivacional, para brindar crecimiento espiritual y personal. Encontraras videos con informaci\u00f3n relevante, interesante, actual, as\u00ed como tambi\u00e9n predicaciones cristianas, para toda la familia. Tengo la misi\u00f3n de empoderar tu vida, para que alcances todo el potencial que Dios a determinado para ti. Creo que somos seres integrales en alma, cuerpo y esp\u00edritu y que, con la ayuda de Jes\u00fas, con el poder del Esp\u00edritu Santo y con el amor de Dios el Padre llegaras a alcanzar niveles insospechados en tu vida. Todos los mensajes, art\u00edculos, videos y comentarios est\u00e1n enfocados en lograr cuatro cosas: - Que seas edificado a la manera de Jes\u00fas - Que tu familia sea cuidada - Que cumplas tu prop\u00f3sito en esta vida - Que crezcamos y nos multipliquemos como personas, entidades, organismos y como comunidad de fe Gracias por ver estos estudios y mensajes de fe y esperanza. Sinceramente Juan C Quintero Senior Pastor Vida Worship Center 10303 Royal Palm Blvd, Coral Springs, Fl 33065 email: pastor@vidawc.com Web: www.VidaWC.com","sameAs":["http:\/\/www.buendiatodoslosdias.com","https:\/\/www.facebook.com\/pastorjuanquintero\/","https:\/\/www.instagram.com\/vidawc\/","https:\/\/www.youtube.com\/playlist?list=PLqlmwAuBIF8qNKALCu9VGBtAmN7t3Enz0"],"url":"https:\/\/elversiculodeldia.com\/blog\/author\/jcqpastor\/"}]}},"amp_enabled":true,"_links":{"self":[{"href":"https:\/\/elversiculodeldia.com\/blog\/wp-json\/wp\/v2\/posts\/70692","targetHints":{"allow":["GET"]}}],"collection":[{"href":"https:\/\/elversiculodeldia.com\/blog\/wp-json\/wp\/v2\/posts"}],"about":[{"href":"https:\/\/elversiculodeldia.com\/blog\/wp-json\/wp\/v2\/types\/post"}],"author":[{"embeddable":true,"href":"https:\/\/elversiculodeldia.com\/blog\/wp-json\/wp\/v2\/users\/30"}],"replies":[{"embeddable":true,"href":"https:\/\/elversiculodeldia.com\/blog\/wp-json\/wp\/v2\/comments?post=70692"}],"version-history":[{"count":3,"href":"https:\/\/elversiculodeldia.com\/blog\/wp-json\/wp\/v2\/posts\/70692\/revisions"}],"predecessor-version":[{"id":112189,"href":"https:\/\/elversiculodeldia.com\/blog\/wp-json\/wp\/v2\/posts\/70692\/revisions\/112189"}],"wp:featuredmedia":[{"embeddable":true,"href":"https:\/\/elversiculodeldia.com\/blog\/wp-json\/wp\/v2\/media\/70695"}],"wp:attachment":[{"href":"https:\/\/elversiculodeldia.com\/blog\/wp-json\/wp\/v2\/media?parent=70692"}],"wp:term":[{"taxonomy":"category","embeddable":true,"href":"https:\/\/elversiculodeldia.com\/blog\/wp-json\/wp\/v2\/categories?post=70692"},{"taxonomy":"post_tag","embeddable":true,"href":"https:\/\/elversiculodeldia.com\/blog\/wp-json\/wp\/v2\/tags?post=70692"}],"curies":[{"name":"wp","href":"https:\/\/api.w.org\/{rel}","templated":true}]}}