{"id":65707,"date":"2020-02-20T12:30:17","date_gmt":"2020-02-20T16:30:17","guid":{"rendered":"https:\/\/www.elversiculodeldia.com\/?p=65707"},"modified":"2025-08-04T16:00:20","modified_gmt":"2025-08-04T20:00:20","slug":"versiculo-del-dia","status":"publish","type":"post","link":"https:\/\/elversiculodeldia.com\/blog\/versiculo-del-dia\/","title":{"rendered":"Vers\u00edculo del D\u00eda"},"content":{"rendered":"<h4 style=\"text-align: center;\">\u00a0<strong><a href=\"https:\/\/elversiculodeldia.com\/es\/biblia_buscar.php?search=salmos+23\">Crear Postal con Vers\u00edculo<\/a><\/strong><\/h4>\n<hr \/>\n<ul>\n<li style=\"text-align: left;\"><strong>Reina &#8211; Valera 1960<\/strong><br \/>\n<div class=\"bvdshortcode\">Y Jes&#250;s se acerc&#243; y les habl&#243; diciendo: Toda potestad me es dada en el cielo y en la tierra. Por tanto, id, y haced disc&#237;pulos a todas las naciones,Hch. 1.8. bautiz&#225;ndolos en el nombre del Padre, y del Hijo, y del Esp&#237;ritu Santo; ense&#241;&#225;ndoles que guarden todas las cosas que os he mandado; y he aqu&#237; yo estoy con vosotros todos los d&#237;as, hasta el fin del mundo. Am&#233;n. &mdash; Mateo 28:18-20 (RVR1960)<\/div><\/li>\n<\/ul>\n<hr \/>\n<ul>\n<li><b>Nueva Versi\u00f3n Internacional<\/b><br \/>\n<div class=\"bvdshortcode\">Jes&#250;s se acerc&#243; entonces a ellos y dijo: &#8212;Se me ha dado toda autoridad en el cielo y en la tierra.  Por tanto, vayan y hagan disc&#237;pulos de todas las naciones, bautiz&#225;ndolos en el nombre del Padre y del Hijo y del Esp&#237;ritu Santo,  ense&#241;&#225;ndoles a obedecer todo lo que les he mandado a ustedes. Y les aseguro que estar&#233; con ustedes siempre, hasta el fin del mundo. &mdash; Mateo 28:18-20 (NVI)<\/div><\/li>\n<\/ul>\n<hr \/>\n<ul>\n<li><b>New King James Version<\/b><br \/>\n<div class=\"bvdshortcode\">And Jesus came and spoke to them, saying, &#8220;All authority has been given to Me in heaven and on earth.  Go therefore and make disciples of all the nations, baptizing them in the name of the Father and of the Son and of the Holy Spirit,  teaching them to observe all things that I have commanded you; and lo, I am with you always, even to the end of the age.&#8221; Amen. &mdash; Matthew 28:18-20 (NKJV)<\/div><\/li>\n<\/ul>\n<hr \/>\n<p>&nbsp;<\/p>\n<p><em>\u2665 Comenta y Comp\u00e1rtelo \u2665<\/em><\/p>\n<p><b>Tambi\u00e9n te puede interesar: <\/b><\/p>\n<p><em>\u2665 <\/em>El vers\u00edculo b\u00edblico diario: <strong><a href=\"https:\/\/www.elversiculodeldia.com\/blog\/versiculo-del-dia\/\">Vers\u00edculo del D\u00eda<\/a><br \/>\n<\/strong><em>\u2665 <\/em>El Proverbio b\u00edblico diario: <strong><a href=\"https:\/\/www.elversiculodeldia.com\/blog\/proverbio-del-dia\/\">Proverbio del D\u00eda<\/a><\/strong><br \/>\n<em>\u2665 <\/em>El Salmo b\u00edblico diario: <strong>Salmo del D\u00eda<\/strong><\/p>\n","protected":false},"excerpt":{"rendered":"<p>\u00a0Crear Postal con Vers\u00edculo Reina &#8211; Valera 1960 Nueva Versi\u00f3n Internacional New King James Version &nbsp; \u2665 Comenta y Comp\u00e1rtelo \u2665 Tambi\u00e9n te puede interesar: \u2665 El vers\u00edculo b\u00edblico diario: Vers\u00edculo del D\u00eda \u2665 El Proverbio b\u00edblico diario: Proverbio del D\u00eda \u2665 El Salmo b\u00edblico diario: Salmo del D\u00eda<\/p>\n","protected":false},"author":179,"featured_media":65802,"comment_status":"open","ping_status":"open","sticky":false,"template":"","format":"standard","meta":{"tdm_status":"","tdm_grid_status":"","footnotes":""},"categories":[958],"tags":[],"class_list":{"0":"post-65707","1":"post","2":"type-post","3":"status-publish","4":"format-standard","5":"has-post-thumbnail","7":"category-el-versiculo-del-dia"},"yoast_head":"<!-- This site is optimized with the Yoast SEO plugin v27.5 - https:\/\/yoast.com\/product\/yoast-seo-wordpress\/ -->\n<title>Vers\u00edculo del D\u00eda - Versiculo Biblico Diario | Versiculo de hoy<\/title>\n<meta name=\"description\" content=\"Comienza tu d\u00eda con un Vers\u00edculo B\u00edblico \u2665 Versiculo de Hoy \u2665 Versiculo del Dia Reina Valera | Toda la Escritura es inspirada por Dios y util para ense\u00f1ar.\" \/>\n<meta name=\"robots\" content=\"index, follow, max-snippet:-1, max-image-preview:large, max-video-preview:-1\" \/>\n<link rel=\"canonical\" href=\"https:\/\/elversiculodeldia.com\/blog\/versiculo-del-dia\/\" \/>\n<meta property=\"og:locale\" content=\"en_US\" \/>\n<meta property=\"og:type\" content=\"article\" \/>\n<meta property=\"og:title\" content=\"Vers\u00edculo del D\u00eda\" \/>\n<meta property=\"og:description\" content=\"Comienza tu d\u00eda con un Vers\u00edculo B\u00edblico \u2665 Toda escritura es inspirada por Dios!\" \/>\n<meta property=\"og:url\" content=\"https:\/\/elversiculodeldia.com\/blog\/versiculo-del-dia\/\" \/>\n<meta property=\"og:site_name\" content=\"El vers\u00edculo del d\u00eda\" \/>\n<meta property=\"article:publisher\" content=\"https:\/\/www.facebook.com\/elversiculodeldia\" \/>\n<meta property=\"article:published_time\" content=\"2020-02-20T16:30:17+00:00\" \/>\n<meta property=\"article:modified_time\" content=\"2025-08-04T20:00:20+00:00\" \/>\n<meta property=\"og:image\" content=\"https:\/\/elversiculodeldia.com\/blog\/wp-content\/uploads\/2020\/02\/versiculo-del-dia-evd.jpg\" \/>\n\t<meta property=\"og:image:width\" content=\"800\" \/>\n\t<meta property=\"og:image:height\" content=\"416\" \/>\n\t<meta property=\"og:image:type\" content=\"image\/jpeg\" \/>\n<meta name=\"author\" content=\"Publicador\" \/>\n<meta name=\"twitter:card\" content=\"summary_large_image\" \/>\n<meta name=\"twitter:title\" content=\"Vers\u00edculo del D\u00eda\" \/>\n<meta name=\"twitter:description\" content=\"Comienza tu d\u00eda con un Vers\u00edculo B\u00edblico \u2665 Toda escritura es inspirada por Dios!\" \/>\n<meta name=\"twitter:image\" content=\"https:\/\/elversiculodeldia.com\/blog\/wp-content\/uploads\/2011\/12\/juan-11-26-Imagen-el-versiculo-del-dia.jpg\" \/>\n<meta name=\"twitter:creator\" content=\"@elversiculo\" \/>\n<meta name=\"twitter:site\" content=\"@elversiculo\" \/>\n<meta name=\"twitter:label1\" content=\"Written by\" \/>\n\t<meta name=\"twitter:data1\" content=\"Publicador\" \/>\n\t<meta name=\"twitter:label2\" content=\"Est. reading time\" \/>\n\t<meta name=\"twitter:data2\" content=\"1 minute\" \/>\n<script type=\"application\/ld+json\" class=\"yoast-schema-graph\">{\"@context\":\"https:\\\/\\\/schema.org\",\"@graph\":[{\"@type\":\"Article\",\"@id\":\"https:\\\/\\\/elversiculodeldia.com\\\/blog\\\/versiculo-del-dia\\\/#article\",\"isPartOf\":{\"@id\":\"https:\\\/\\\/elversiculodeldia.com\\\/blog\\\/versiculo-del-dia\\\/\"},\"author\":{\"name\":\"Publicador\",\"@id\":\"https:\\\/\\\/elversiculodeldia.com\\\/blog\\\/#\\\/schema\\\/person\\\/28207690384384b0c36020e7c000f640\"},\"headline\":\"Vers\u00edculo del D\u00eda\",\"datePublished\":\"2020-02-20T16:30:17+00:00\",\"dateModified\":\"2025-08-04T20:00:20+00:00\",\"mainEntityOfPage\":{\"@id\":\"https:\\\/\\\/elversiculodeldia.com\\\/blog\\\/versiculo-del-dia\\\/\"},\"wordCount\":73,\"commentCount\":6,\"publisher\":{\"@id\":\"https:\\\/\\\/elversiculodeldia.com\\\/blog\\\/#organization\"},\"image\":{\"@id\":\"https:\\\/\\\/elversiculodeldia.com\\\/blog\\\/versiculo-del-dia\\\/#primaryimage\"},\"thumbnailUrl\":\"https:\\\/\\\/elversiculodeldia.com\\\/blog\\\/wp-content\\\/uploads\\\/2020\\\/02\\\/versiculo-del-dia-evd.jpg\",\"articleSection\":[\"El Versiculo del dia\"],\"inLanguage\":\"en-US\",\"potentialAction\":[{\"@type\":\"CommentAction\",\"name\":\"Comment\",\"target\":[\"https:\\\/\\\/elversiculodeldia.com\\\/blog\\\/versiculo-del-dia\\\/#respond\"]}]},{\"@type\":\"WebPage\",\"@id\":\"https:\\\/\\\/elversiculodeldia.com\\\/blog\\\/versiculo-del-dia\\\/\",\"url\":\"https:\\\/\\\/elversiculodeldia.com\\\/blog\\\/versiculo-del-dia\\\/\",\"name\":\"Vers\u00edculo del D\u00eda - Versiculo Biblico Diario | Versiculo de hoy\",\"isPartOf\":{\"@id\":\"https:\\\/\\\/elversiculodeldia.com\\\/blog\\\/#website\"},\"primaryImageOfPage\":{\"@id\":\"https:\\\/\\\/elversiculodeldia.com\\\/blog\\\/versiculo-del-dia\\\/#primaryimage\"},\"image\":{\"@id\":\"https:\\\/\\\/elversiculodeldia.com\\\/blog\\\/versiculo-del-dia\\\/#primaryimage\"},\"thumbnailUrl\":\"https:\\\/\\\/elversiculodeldia.com\\\/blog\\\/wp-content\\\/uploads\\\/2020\\\/02\\\/versiculo-del-dia-evd.jpg\",\"datePublished\":\"2020-02-20T16:30:17+00:00\",\"dateModified\":\"2025-08-04T20:00:20+00:00\",\"description\":\"Comienza tu d\u00eda con un Vers\u00edculo B\u00edblico \u2665 Versiculo de Hoy \u2665 Versiculo del Dia Reina Valera | Toda la Escritura es inspirada por Dios y util para ense\u00f1ar.\",\"inLanguage\":\"en-US\",\"potentialAction\":[{\"@type\":\"ReadAction\",\"target\":[\"https:\\\/\\\/elversiculodeldia.com\\\/blog\\\/versiculo-del-dia\\\/\"]}]},{\"@type\":\"ImageObject\",\"inLanguage\":\"en-US\",\"@id\":\"https:\\\/\\\/elversiculodeldia.com\\\/blog\\\/versiculo-del-dia\\\/#primaryimage\",\"url\":\"https:\\\/\\\/elversiculodeldia.com\\\/blog\\\/wp-content\\\/uploads\\\/2020\\\/02\\\/versiculo-del-dia-evd.jpg\",\"contentUrl\":\"https:\\\/\\\/elversiculodeldia.com\\\/blog\\\/wp-content\\\/uploads\\\/2020\\\/02\\\/versiculo-del-dia-evd.jpg\",\"width\":800,\"height\":416},{\"@type\":\"WebSite\",\"@id\":\"https:\\\/\\\/elversiculodeldia.com\\\/blog\\\/#website\",\"url\":\"https:\\\/\\\/elversiculodeldia.com\\\/blog\\\/\",\"name\":\"El Vers\u00edculo del D\u00eda\",\"description\":\"Llevando un vers\u00edculo de salvaci\u00f3n a cada coraz\u00f3n!\",\"publisher\":{\"@id\":\"https:\\\/\\\/elversiculodeldia.com\\\/blog\\\/#organization\"},\"potentialAction\":[{\"@type\":\"SearchAction\",\"target\":{\"@type\":\"EntryPoint\",\"urlTemplate\":\"https:\\\/\\\/elversiculodeldia.com\\\/blog\\\/?s={search_term_string}\"},\"query-input\":{\"@type\":\"PropertyValueSpecification\",\"valueRequired\":true,\"valueName\":\"search_term_string\"}}],\"inLanguage\":\"en-US\"},{\"@type\":\"Organization\",\"@id\":\"https:\\\/\\\/elversiculodeldia.com\\\/blog\\\/#organization\",\"name\":\"El Versiculo del Dia\",\"url\":\"https:\\\/\\\/elversiculodeldia.com\\\/blog\\\/\",\"logo\":{\"@type\":\"ImageObject\",\"inLanguage\":\"en-US\",\"@id\":\"https:\\\/\\\/elversiculodeldia.com\\\/blog\\\/#\\\/schema\\\/logo\\\/image\\\/\",\"url\":\"https:\\\/\\\/elversiculodeldia.com\\\/blog\\\/wp-content\\\/uploads\\\/2017\\\/04\\\/logoOficialEVD.png\",\"contentUrl\":\"https:\\\/\\\/elversiculodeldia.com\\\/blog\\\/wp-content\\\/uploads\\\/2017\\\/04\\\/logoOficialEVD.png\",\"width\":400,\"height\":100,\"caption\":\"El Versiculo del Dia\"},\"image\":{\"@id\":\"https:\\\/\\\/elversiculodeldia.com\\\/blog\\\/#\\\/schema\\\/logo\\\/image\\\/\"},\"sameAs\":[\"https:\\\/\\\/www.facebook.com\\\/elversiculodeldia\",\"https:\\\/\\\/x.com\\\/elversiculo\",\"https:\\\/\\\/www.instagram.com\\\/elversiculo\",\"https:\\\/\\\/www.youtube.com\\\/user\\\/elversiculodeldia\",\"https:\\\/\\\/chat.whatsapp.com\\\/HreYiXZFT8e0tZUmqriKfb\"]},{\"@type\":\"Person\",\"@id\":\"https:\\\/\\\/elversiculodeldia.com\\\/blog\\\/#\\\/schema\\\/person\\\/28207690384384b0c36020e7c000f640\",\"name\":\"Publicador\",\"image\":{\"@type\":\"ImageObject\",\"inLanguage\":\"en-US\",\"@id\":\"https:\\\/\\\/elversiculodeldia.com\\\/blog\\\/wp-content\\\/uploads\\\/2020\\\/01\\\/userbss.png\",\"url\":\"https:\\\/\\\/elversiculodeldia.com\\\/blog\\\/wp-content\\\/uploads\\\/2020\\\/01\\\/userbss.png\",\"contentUrl\":\"https:\\\/\\\/elversiculodeldia.com\\\/blog\\\/wp-content\\\/uploads\\\/2020\\\/01\\\/userbss.png\",\"caption\":\"Publicador\"},\"description\":\"Salvo por gracia \u2764 Dios es bueno y para siempre es Su misericordia!\",\"sameAs\":[\"https:\\\/\\\/www.elversiculodeldia.com\\\/\"],\"url\":\"https:\\\/\\\/elversiculodeldia.com\\\/blog\\\/author\\\/publicador\\\/\"}]}<\/script>\n<!-- \/ Yoast SEO plugin. -->","yoast_head_json":{"title":"Vers\u00edculo del D\u00eda - Versiculo Biblico Diario | Versiculo de hoy","description":"Comienza tu d\u00eda con un Vers\u00edculo B\u00edblico \u2665 Versiculo de Hoy \u2665 Versiculo del Dia Reina Valera | Toda la Escritura es inspirada por Dios y util para ense\u00f1ar.","robots":{"index":"index","follow":"follow","max-snippet":"max-snippet:-1","max-image-preview":"max-image-preview:large","max-video-preview":"max-video-preview:-1"},"canonical":"https:\/\/elversiculodeldia.com\/blog\/versiculo-del-dia\/","og_locale":"en_US","og_type":"article","og_title":"Vers\u00edculo del D\u00eda","og_description":"Comienza tu d\u00eda con un Vers\u00edculo B\u00edblico \u2665 Toda escritura es inspirada por Dios!","og_url":"https:\/\/elversiculodeldia.com\/blog\/versiculo-del-dia\/","og_site_name":"El vers\u00edculo del d\u00eda","article_publisher":"https:\/\/www.facebook.com\/elversiculodeldia","article_published_time":"2020-02-20T16:30:17+00:00","article_modified_time":"2025-08-04T20:00:20+00:00","og_image":[{"width":800,"height":416,"url":"https:\/\/elversiculodeldia.com\/blog\/wp-content\/uploads\/2020\/02\/versiculo-del-dia-evd.jpg","type":"image\/jpeg"}],"author":"Publicador","twitter_card":"summary_large_image","twitter_title":"Vers\u00edculo del D\u00eda","twitter_description":"Comienza tu d\u00eda con un Vers\u00edculo B\u00edblico \u2665 Toda escritura es inspirada por Dios!","twitter_image":"https:\/\/elversiculodeldia.com\/blog\/wp-content\/uploads\/2011\/12\/juan-11-26-Imagen-el-versiculo-del-dia.jpg","twitter_creator":"@elversiculo","twitter_site":"@elversiculo","twitter_misc":{"Written by":"Publicador","Est. reading time":"1 minute"},"schema":{"@context":"https:\/\/schema.org","@graph":[{"@type":"Article","@id":"https:\/\/elversiculodeldia.com\/blog\/versiculo-del-dia\/#article","isPartOf":{"@id":"https:\/\/elversiculodeldia.com\/blog\/versiculo-del-dia\/"},"author":{"name":"Publicador","@id":"https:\/\/elversiculodeldia.com\/blog\/#\/schema\/person\/28207690384384b0c36020e7c000f640"},"headline":"Vers\u00edculo del D\u00eda","datePublished":"2020-02-20T16:30:17+00:00","dateModified":"2025-08-04T20:00:20+00:00","mainEntityOfPage":{"@id":"https:\/\/elversiculodeldia.com\/blog\/versiculo-del-dia\/"},"wordCount":73,"commentCount":6,"publisher":{"@id":"https:\/\/elversiculodeldia.com\/blog\/#organization"},"image":{"@id":"https:\/\/elversiculodeldia.com\/blog\/versiculo-del-dia\/#primaryimage"},"thumbnailUrl":"https:\/\/elversiculodeldia.com\/blog\/wp-content\/uploads\/2020\/02\/versiculo-del-dia-evd.jpg","articleSection":["El Versiculo del dia"],"inLanguage":"en-US","potentialAction":[{"@type":"CommentAction","name":"Comment","target":["https:\/\/elversiculodeldia.com\/blog\/versiculo-del-dia\/#respond"]}]},{"@type":"WebPage","@id":"https:\/\/elversiculodeldia.com\/blog\/versiculo-del-dia\/","url":"https:\/\/elversiculodeldia.com\/blog\/versiculo-del-dia\/","name":"Vers\u00edculo del D\u00eda - Versiculo Biblico Diario | Versiculo de hoy","isPartOf":{"@id":"https:\/\/elversiculodeldia.com\/blog\/#website"},"primaryImageOfPage":{"@id":"https:\/\/elversiculodeldia.com\/blog\/versiculo-del-dia\/#primaryimage"},"image":{"@id":"https:\/\/elversiculodeldia.com\/blog\/versiculo-del-dia\/#primaryimage"},"thumbnailUrl":"https:\/\/elversiculodeldia.com\/blog\/wp-content\/uploads\/2020\/02\/versiculo-del-dia-evd.jpg","datePublished":"2020-02-20T16:30:17+00:00","dateModified":"2025-08-04T20:00:20+00:00","description":"Comienza tu d\u00eda con un Vers\u00edculo B\u00edblico \u2665 Versiculo de Hoy \u2665 Versiculo del Dia Reina Valera | Toda la Escritura es inspirada por Dios y util para ense\u00f1ar.","inLanguage":"en-US","potentialAction":[{"@type":"ReadAction","target":["https:\/\/elversiculodeldia.com\/blog\/versiculo-del-dia\/"]}]},{"@type":"ImageObject","inLanguage":"en-US","@id":"https:\/\/elversiculodeldia.com\/blog\/versiculo-del-dia\/#primaryimage","url":"https:\/\/elversiculodeldia.com\/blog\/wp-content\/uploads\/2020\/02\/versiculo-del-dia-evd.jpg","contentUrl":"https:\/\/elversiculodeldia.com\/blog\/wp-content\/uploads\/2020\/02\/versiculo-del-dia-evd.jpg","width":800,"height":416},{"@type":"WebSite","@id":"https:\/\/elversiculodeldia.com\/blog\/#website","url":"https:\/\/elversiculodeldia.com\/blog\/","name":"El Vers\u00edculo del D\u00eda","description":"Llevando un vers\u00edculo de salvaci\u00f3n a cada coraz\u00f3n!","publisher":{"@id":"https:\/\/elversiculodeldia.com\/blog\/#organization"},"potentialAction":[{"@type":"SearchAction","target":{"@type":"EntryPoint","urlTemplate":"https:\/\/elversiculodeldia.com\/blog\/?s={search_term_string}"},"query-input":{"@type":"PropertyValueSpecification","valueRequired":true,"valueName":"search_term_string"}}],"inLanguage":"en-US"},{"@type":"Organization","@id":"https:\/\/elversiculodeldia.com\/blog\/#organization","name":"El Versiculo del Dia","url":"https:\/\/elversiculodeldia.com\/blog\/","logo":{"@type":"ImageObject","inLanguage":"en-US","@id":"https:\/\/elversiculodeldia.com\/blog\/#\/schema\/logo\/image\/","url":"https:\/\/elversiculodeldia.com\/blog\/wp-content\/uploads\/2017\/04\/logoOficialEVD.png","contentUrl":"https:\/\/elversiculodeldia.com\/blog\/wp-content\/uploads\/2017\/04\/logoOficialEVD.png","width":400,"height":100,"caption":"El Versiculo del Dia"},"image":{"@id":"https:\/\/elversiculodeldia.com\/blog\/#\/schema\/logo\/image\/"},"sameAs":["https:\/\/www.facebook.com\/elversiculodeldia","https:\/\/x.com\/elversiculo","https:\/\/www.instagram.com\/elversiculo","https:\/\/www.youtube.com\/user\/elversiculodeldia","https:\/\/chat.whatsapp.com\/HreYiXZFT8e0tZUmqriKfb"]},{"@type":"Person","@id":"https:\/\/elversiculodeldia.com\/blog\/#\/schema\/person\/28207690384384b0c36020e7c000f640","name":"Publicador","image":{"@type":"ImageObject","inLanguage":"en-US","@id":"https:\/\/elversiculodeldia.com\/blog\/wp-content\/uploads\/2020\/01\/userbss.png","url":"https:\/\/elversiculodeldia.com\/blog\/wp-content\/uploads\/2020\/01\/userbss.png","contentUrl":"https:\/\/elversiculodeldia.com\/blog\/wp-content\/uploads\/2020\/01\/userbss.png","caption":"Publicador"},"description":"Salvo por gracia \u2764 Dios es bueno y para siempre es Su misericordia!","sameAs":["https:\/\/www.elversiculodeldia.com\/"],"url":"https:\/\/elversiculodeldia.com\/blog\/author\/publicador\/"}]}},"amp_enabled":true,"_links":{"self":[{"href":"https:\/\/elversiculodeldia.com\/blog\/wp-json\/wp\/v2\/posts\/65707","targetHints":{"allow":["GET"]}}],"collection":[{"href":"https:\/\/elversiculodeldia.com\/blog\/wp-json\/wp\/v2\/posts"}],"about":[{"href":"https:\/\/elversiculodeldia.com\/blog\/wp-json\/wp\/v2\/types\/post"}],"author":[{"embeddable":true,"href":"https:\/\/elversiculodeldia.com\/blog\/wp-json\/wp\/v2\/users\/179"}],"replies":[{"embeddable":true,"href":"https:\/\/elversiculodeldia.com\/blog\/wp-json\/wp\/v2\/comments?post=65707"}],"version-history":[{"count":2,"href":"https:\/\/elversiculodeldia.com\/blog\/wp-json\/wp\/v2\/posts\/65707\/revisions"}],"predecessor-version":[{"id":107756,"href":"https:\/\/elversiculodeldia.com\/blog\/wp-json\/wp\/v2\/posts\/65707\/revisions\/107756"}],"wp:featuredmedia":[{"embeddable":true,"href":"https:\/\/elversiculodeldia.com\/blog\/wp-json\/wp\/v2\/media\/65802"}],"wp:attachment":[{"href":"https:\/\/elversiculodeldia.com\/blog\/wp-json\/wp\/v2\/media?parent=65707"}],"wp:term":[{"taxonomy":"category","embeddable":true,"href":"https:\/\/elversiculodeldia.com\/blog\/wp-json\/wp\/v2\/categories?post=65707"},{"taxonomy":"post_tag","embeddable":true,"href":"https:\/\/elversiculodeldia.com\/blog\/wp-json\/wp\/v2\/tags?post=65707"}],"curies":[{"name":"wp","href":"https:\/\/api.w.org\/{rel}","templated":true}]}}