{"id":48456,"date":"2018-04-29T23:36:44","date_gmt":"2018-04-30T03:36:44","guid":{"rendered":"http:\/\/www.elversiculodeldia.com\/?p=48456"},"modified":"2018-04-30T10:42:47","modified_gmt":"2018-04-30T14:42:47","slug":"buen-dia-que-nada-te-aparte-de-la-bendicion","status":"publish","type":"post","link":"https:\/\/elversiculodeldia.com\/blog\/buen-dia-que-nada-te-aparte-de-la-bendicion\/","title":{"rendered":"Buen Dia &#8211; Que nada te aparte de la bendici\u00f3n"},"content":{"rendered":"<p><img loading=\"lazy\" decoding=\"async\" class=\"alignnone size-large wp-image-48457\" src=\"http:\/\/www.elversiculodeldia.com\/wp-content\/uploads\/2018\/04\/BUEN-DIA-BASTATE-MI-GRACIA-640x640.png\" alt=\"\" width=\"640\" height=\"640\" \/><br \/>\nAl revisar la vida y los sucesos podemos llegar a la conclusi\u00f3n de que nuestra \u201cvida est\u00e1 llena de contradicciones\u201d. Puede pasar que, por ejemplo, tu est\u00e1s ayudando a otros a mejorar en alg\u00fan aspecto en particular, pero t\u00fa no te encuentras bien.<br \/>\nQuiz\u00e1s por una frustraci\u00f3n oculta; algo que solo t\u00fa conoces, pero que no quieres o no te conviene que alguien m\u00e1s lo sepa.<br \/>\nEso es parte de la existencia humana\u2026 \u201cno somos perfectos, ni estaremos siempre bien\u201d<br \/>\nAdem\u00e1s, no estamos aqu\u00ed para tratar de entender por qu\u00e9 suceden las cosas.<\/p>\n<p>Es entonces clave darnos cuenta de que Dios es un Dios soberano y que por lo tanto debemos confiar en que \u00c9l sabe lo que es mejor para nosotros.<br \/>\nUn ejemplo b\u00edblico es el del ap\u00f3stol Pablo quien fue un hombre clave en la expansi\u00f3n del evangelio por Europa, persona altamente usada por Dios, pero que en los relatos sobre su vida describe que \u201cten\u00eda un aguij\u00f3n en su carne\u201d. (2 Corintios 12:7); dice que le pidi\u00f3 a Dios 3 veces que lo quitara, que clamo al se\u00f1or que se la llevara; pero \u00c9l no lo hizo; m\u00e1s expres\u00f3 con sapiencia celestial, \u00c9l le dijo a Pablo, \u201cb\u00e1state ni gracia, porque mi poder se perfecciona en la debilidad\u201d. (2 Corintios 12:9)<br \/>\nTe pregunto, \u00bfHay algo que le has estado pidiendo a Dios que cambie y no lo ha hecho?; bueno, dale gracias a Dios porque otras \u00e1reas de tu vida est\u00e1n bien, c\u00e9ntrate en las bendiciones y no en lo que no tienes o en lo que no se quita; no dejes que esa situaci\u00f3n te robe tu alegr\u00eda; ni que amargue tu vida.<br \/>\nCree en la sabidur\u00eda de Dios, en el plan perfecto para ti, declara \u201caunque todav\u00eda no veo cambios, aun as\u00ed confiar\u00e9 en ti\u201d.<br \/>\nOro para que ninguna molestia, situaci\u00f3n, dolencia o dificultad te alejen de Dios, ni te frustren tu existencia.<\/p>\n<p>Vers\u00edculo: \u201cY me ha dicho: B\u00e1state mi gracia; porque mi poder se perfecciona en la debilidad. Por tanto, de buena gana me gloriar\u00e9 m\u00e1s bien en mis debilidades, para que repose sobre m\u00ed el poder de Cristo\u201d. 2 Corintios 12:9 (RVR1960)<\/p>\n<p>Buen Dia<br \/>\nJuan C Quintero<\/p>\n","protected":false},"excerpt":{"rendered":"<p>Al revisar la vida y los sucesos podemos llegar a la conclusi\u00f3n de que nuestra \u201cvida est\u00e1 llena de contradicciones\u201d. Puede pasar que, por ejemplo, tu est\u00e1s ayudando a otros a mejorar en alg\u00fan aspecto en particular, pero t\u00fa no te encuentras bien. Quiz\u00e1s por una frustraci\u00f3n oculta; algo que solo t\u00fa conoces, pero que [&hellip;]<\/p>\n","protected":false},"author":30,"featured_media":48457,"comment_status":"open","ping_status":"open","sticky":false,"template":"","format":"standard","meta":{"tdm_status":"","tdm_grid_status":"","footnotes":""},"categories":[7,2839,2152,5,2293,1328],"tags":[207,9,127,1617,222,8,1341,31,133,99,50,38,13,462,4374,67,3322],"class_list":{"0":"post-48456","1":"post","2":"type-post","3":"status-publish","4":"format-standard","5":"has-post-thumbnail","7":"category-devocionales","8":"category-lecturas","9":"category-mensajes-cristianos","10":"category-reflexiones","11":"category-uncategorized-en","12":"category-varios","13":"tag-alegria","14":"tag-biblia","15":"tag-debilidad","16":"tag-devocional","17":"tag-dificultad","18":"tag-dios","19":"tag-espiritu-santo","20":"tag-fortaleza","21":"tag-frustracion","22":"tag-gozo","23":"tag-iglesia","24":"tag-jesus","25":"tag-padre","26":"tag-pastor","27":"tag-sucesos","28":"tag-vida","29":"tag-vida-worship-center"},"yoast_head":"<!-- This site is optimized with the Yoast SEO plugin v27.5 - https:\/\/yoast.com\/product\/yoast-seo-wordpress\/ -->\n<title>Buen Dia - Que nada te aparte de la bendici\u00f3n<\/title>\n<meta name=\"description\" content=\"Buen Dia - Que nada te aparte de la bendici\u00f3n - El vers\u00edculo del d\u00eda\" \/>\n<meta name=\"robots\" content=\"index, follow, max-snippet:-1, max-image-preview:large, max-video-preview:-1\" \/>\n<link rel=\"canonical\" href=\"https:\/\/elversiculodeldia.com\/blog\/buen-dia-que-nada-te-aparte-de-la-bendicion\/\" \/>\n<meta property=\"og:locale\" content=\"en_US\" \/>\n<meta property=\"og:type\" content=\"article\" \/>\n<meta property=\"og:title\" content=\"Buen Dia - Que nada te aparte de la bendici\u00f3n\" \/>\n<meta property=\"og:description\" content=\"Buen Dia - Que nada te aparte de la bendici\u00f3n - El vers\u00edculo del d\u00eda\" \/>\n<meta property=\"og:url\" content=\"https:\/\/elversiculodeldia.com\/blog\/buen-dia-que-nada-te-aparte-de-la-bendicion\/\" \/>\n<meta property=\"og:site_name\" content=\"El vers\u00edculo del d\u00eda\" \/>\n<meta property=\"article:publisher\" content=\"https:\/\/www.facebook.com\/elversiculodeldia\" \/>\n<meta property=\"article:author\" content=\"https:\/\/www.facebook.com\/pastorjuanquintero\/\" \/>\n<meta property=\"article:published_time\" content=\"2018-04-30T03:36:44+00:00\" \/>\n<meta property=\"article:modified_time\" content=\"2018-04-30T14:42:47+00:00\" \/>\n<meta property=\"og:image\" content=\"https:\/\/elversiculodeldia.com\/blog\/wp-content\/uploads\/2018\/04\/BUEN-DIA-BASTATE-MI-GRACIA.png\" \/>\n\t<meta property=\"og:image:width\" content=\"800\" \/>\n\t<meta property=\"og:image:height\" content=\"800\" \/>\n\t<meta property=\"og:image:type\" content=\"image\/png\" \/>\n<meta name=\"author\" content=\"Juan Quintero\" \/>\n<meta name=\"twitter:card\" content=\"summary_large_image\" \/>\n<meta name=\"twitter:creator\" content=\"@elversiculo\" \/>\n<meta name=\"twitter:site\" content=\"@elversiculo\" \/>\n<meta name=\"twitter:label1\" content=\"Written by\" \/>\n\t<meta name=\"twitter:data1\" content=\"Juan Quintero\" \/>\n\t<meta name=\"twitter:label2\" content=\"Est. reading time\" \/>\n\t<meta name=\"twitter:data2\" content=\"2 minutes\" \/>\n<script type=\"application\/ld+json\" class=\"yoast-schema-graph\">{\"@context\":\"https:\\\/\\\/schema.org\",\"@graph\":[{\"@type\":\"Article\",\"@id\":\"https:\\\/\\\/elversiculodeldia.com\\\/blog\\\/buen-dia-que-nada-te-aparte-de-la-bendicion\\\/#article\",\"isPartOf\":{\"@id\":\"https:\\\/\\\/elversiculodeldia.com\\\/blog\\\/buen-dia-que-nada-te-aparte-de-la-bendicion\\\/\"},\"author\":{\"name\":\"Juan Quintero\",\"@id\":\"https:\\\/\\\/elversiculodeldia.com\\\/blog\\\/#\\\/schema\\\/person\\\/bead3290281db357e2b7d33ebdc876d2\"},\"headline\":\"Buen Dia &#8211; Que nada te aparte de la bendici\u00f3n\",\"datePublished\":\"2018-04-30T03:36:44+00:00\",\"dateModified\":\"2018-04-30T14:42:47+00:00\",\"mainEntityOfPage\":{\"@id\":\"https:\\\/\\\/elversiculodeldia.com\\\/blog\\\/buen-dia-que-nada-te-aparte-de-la-bendicion\\\/\"},\"wordCount\":393,\"commentCount\":0,\"publisher\":{\"@id\":\"https:\\\/\\\/elversiculodeldia.com\\\/blog\\\/#organization\"},\"image\":{\"@id\":\"https:\\\/\\\/elversiculodeldia.com\\\/blog\\\/buen-dia-que-nada-te-aparte-de-la-bendicion\\\/#primaryimage\"},\"thumbnailUrl\":\"https:\\\/\\\/elversiculodeldia.com\\\/blog\\\/wp-content\\\/uploads\\\/2018\\\/04\\\/BUEN-DIA-BASTATE-MI-GRACIA.png\",\"keywords\":[\"alegria\",\"biblia\",\"Debilidad\",\"Devocional\",\"Dificultad\",\"Dios\",\"Espiritu Santo\",\"Fortaleza\",\"frustracion\",\"Gozo\",\"iglesia\",\"Jesus\",\"Padre\",\"Pastor\",\"SUCESOS\",\"vida\",\"VIDA WORSHIP CENTER\"],\"articleSection\":{\"0\":\"Devocionales\",\"1\":\"Lecturas\",\"2\":\"Mensajes\",\"3\":\"Reflexiones\",\"5\":\"Varios\"},\"inLanguage\":\"en-US\",\"potentialAction\":[{\"@type\":\"CommentAction\",\"name\":\"Comment\",\"target\":[\"https:\\\/\\\/elversiculodeldia.com\\\/blog\\\/buen-dia-que-nada-te-aparte-de-la-bendicion\\\/#respond\"]}]},{\"@type\":\"WebPage\",\"@id\":\"https:\\\/\\\/elversiculodeldia.com\\\/blog\\\/buen-dia-que-nada-te-aparte-de-la-bendicion\\\/\",\"url\":\"https:\\\/\\\/elversiculodeldia.com\\\/blog\\\/buen-dia-que-nada-te-aparte-de-la-bendicion\\\/\",\"name\":\"Buen Dia - Que nada te aparte de la bendici\u00f3n\",\"isPartOf\":{\"@id\":\"https:\\\/\\\/elversiculodeldia.com\\\/blog\\\/#website\"},\"primaryImageOfPage\":{\"@id\":\"https:\\\/\\\/elversiculodeldia.com\\\/blog\\\/buen-dia-que-nada-te-aparte-de-la-bendicion\\\/#primaryimage\"},\"image\":{\"@id\":\"https:\\\/\\\/elversiculodeldia.com\\\/blog\\\/buen-dia-que-nada-te-aparte-de-la-bendicion\\\/#primaryimage\"},\"thumbnailUrl\":\"https:\\\/\\\/elversiculodeldia.com\\\/blog\\\/wp-content\\\/uploads\\\/2018\\\/04\\\/BUEN-DIA-BASTATE-MI-GRACIA.png\",\"datePublished\":\"2018-04-30T03:36:44+00:00\",\"dateModified\":\"2018-04-30T14:42:47+00:00\",\"description\":\"Buen Dia - Que nada te aparte de la bendici\u00f3n - El vers\u00edculo del d\u00eda\",\"inLanguage\":\"en-US\",\"potentialAction\":[{\"@type\":\"ReadAction\",\"target\":[\"https:\\\/\\\/elversiculodeldia.com\\\/blog\\\/buen-dia-que-nada-te-aparte-de-la-bendicion\\\/\"]}]},{\"@type\":\"ImageObject\",\"inLanguage\":\"en-US\",\"@id\":\"https:\\\/\\\/elversiculodeldia.com\\\/blog\\\/buen-dia-que-nada-te-aparte-de-la-bendicion\\\/#primaryimage\",\"url\":\"https:\\\/\\\/elversiculodeldia.com\\\/blog\\\/wp-content\\\/uploads\\\/2018\\\/04\\\/BUEN-DIA-BASTATE-MI-GRACIA.png\",\"contentUrl\":\"https:\\\/\\\/elversiculodeldia.com\\\/blog\\\/wp-content\\\/uploads\\\/2018\\\/04\\\/BUEN-DIA-BASTATE-MI-GRACIA.png\",\"width\":800,\"height\":800},{\"@type\":\"WebSite\",\"@id\":\"https:\\\/\\\/elversiculodeldia.com\\\/blog\\\/#website\",\"url\":\"https:\\\/\\\/elversiculodeldia.com\\\/blog\\\/\",\"name\":\"El Vers\u00edculo del D\u00eda\",\"description\":\"Llevando un vers\u00edculo de salvaci\u00f3n a cada coraz\u00f3n!\",\"publisher\":{\"@id\":\"https:\\\/\\\/elversiculodeldia.com\\\/blog\\\/#organization\"},\"potentialAction\":[{\"@type\":\"SearchAction\",\"target\":{\"@type\":\"EntryPoint\",\"urlTemplate\":\"https:\\\/\\\/elversiculodeldia.com\\\/blog\\\/?s={search_term_string}\"},\"query-input\":{\"@type\":\"PropertyValueSpecification\",\"valueRequired\":true,\"valueName\":\"search_term_string\"}}],\"inLanguage\":\"en-US\"},{\"@type\":\"Organization\",\"@id\":\"https:\\\/\\\/elversiculodeldia.com\\\/blog\\\/#organization\",\"name\":\"El Versiculo del Dia\",\"url\":\"https:\\\/\\\/elversiculodeldia.com\\\/blog\\\/\",\"logo\":{\"@type\":\"ImageObject\",\"inLanguage\":\"en-US\",\"@id\":\"https:\\\/\\\/elversiculodeldia.com\\\/blog\\\/#\\\/schema\\\/logo\\\/image\\\/\",\"url\":\"https:\\\/\\\/elversiculodeldia.com\\\/blog\\\/wp-content\\\/uploads\\\/2017\\\/04\\\/logoOficialEVD.png\",\"contentUrl\":\"https:\\\/\\\/elversiculodeldia.com\\\/blog\\\/wp-content\\\/uploads\\\/2017\\\/04\\\/logoOficialEVD.png\",\"width\":400,\"height\":100,\"caption\":\"El Versiculo del Dia\"},\"image\":{\"@id\":\"https:\\\/\\\/elversiculodeldia.com\\\/blog\\\/#\\\/schema\\\/logo\\\/image\\\/\"},\"sameAs\":[\"https:\\\/\\\/www.facebook.com\\\/elversiculodeldia\",\"https:\\\/\\\/x.com\\\/elversiculo\",\"https:\\\/\\\/www.instagram.com\\\/elversiculo\",\"https:\\\/\\\/www.youtube.com\\\/user\\\/elversiculodeldia\",\"https:\\\/\\\/chat.whatsapp.com\\\/HreYiXZFT8e0tZUmqriKfb\"]},{\"@type\":\"Person\",\"@id\":\"https:\\\/\\\/elversiculodeldia.com\\\/blog\\\/#\\\/schema\\\/person\\\/bead3290281db357e2b7d33ebdc876d2\",\"name\":\"Juan Quintero\",\"image\":{\"@type\":\"ImageObject\",\"inLanguage\":\"en-US\",\"@id\":\"https:\\\/\\\/elversiculodeldia.com\\\/blog\\\/wp-content\\\/uploads\\\/2021\\\/02\\\/JCQ-BIBLIA.png\",\"url\":\"https:\\\/\\\/elversiculodeldia.com\\\/blog\\\/wp-content\\\/uploads\\\/2021\\\/02\\\/JCQ-BIBLIA.png\",\"contentUrl\":\"https:\\\/\\\/elversiculodeldia.com\\\/blog\\\/wp-content\\\/uploads\\\/2021\\\/02\\\/JCQ-BIBLIA.png\",\"caption\":\"Juan Quintero\"},\"description\":\"Me llamo Juan C Quintero, soy pastor y coach en Coral Springs, Florida, en este lugar compartir\u00e9 mucho contenido gratuito de fe, de exhortaci\u00f3n y motivacional, para brindar crecimiento espiritual y personal. Encontraras videos con informaci\u00f3n relevante, interesante, actual, as\u00ed como tambi\u00e9n predicaciones cristianas, para toda la familia. Tengo la misi\u00f3n de empoderar tu vida, para que alcances todo el potencial que Dios a determinado para ti. Creo que somos seres integrales en alma, cuerpo y esp\u00edritu y que, con la ayuda de Jes\u00fas, con el poder del Esp\u00edritu Santo y con el amor de Dios el Padre llegaras a alcanzar niveles insospechados en tu vida. Todos los mensajes, art\u00edculos, videos y comentarios est\u00e1n enfocados en lograr cuatro cosas: - Que seas edificado a la manera de Jes\u00fas - Que tu familia sea cuidada - Que cumplas tu prop\u00f3sito en esta vida - Que crezcamos y nos multipliquemos como personas, entidades, organismos y como comunidad de fe Gracias por ver estos estudios y mensajes de fe y esperanza. Sinceramente Juan C Quintero Senior Pastor Vida Worship Center 10303 Royal Palm Blvd, Coral Springs, Fl 33065 email: pastor@vidawc.com Web: www.VidaWC.com\",\"sameAs\":[\"http:\\\/\\\/www.buendiatodoslosdias.com\",\"https:\\\/\\\/www.facebook.com\\\/pastorjuanquintero\\\/\",\"https:\\\/\\\/www.instagram.com\\\/vidawc\\\/\",\"https:\\\/\\\/www.youtube.com\\\/playlist?list=PLqlmwAuBIF8qNKALCu9VGBtAmN7t3Enz0\"],\"url\":\"https:\\\/\\\/elversiculodeldia.com\\\/blog\\\/author\\\/jcqpastor\\\/\"}]}<\/script>\n<!-- \/ Yoast SEO plugin. -->","yoast_head_json":{"title":"Buen Dia - Que nada te aparte de la bendici\u00f3n","description":"Buen Dia - Que nada te aparte de la bendici\u00f3n - El vers\u00edculo del d\u00eda","robots":{"index":"index","follow":"follow","max-snippet":"max-snippet:-1","max-image-preview":"max-image-preview:large","max-video-preview":"max-video-preview:-1"},"canonical":"https:\/\/elversiculodeldia.com\/blog\/buen-dia-que-nada-te-aparte-de-la-bendicion\/","og_locale":"en_US","og_type":"article","og_title":"Buen Dia - Que nada te aparte de la bendici\u00f3n","og_description":"Buen Dia - Que nada te aparte de la bendici\u00f3n - El vers\u00edculo del d\u00eda","og_url":"https:\/\/elversiculodeldia.com\/blog\/buen-dia-que-nada-te-aparte-de-la-bendicion\/","og_site_name":"El vers\u00edculo del d\u00eda","article_publisher":"https:\/\/www.facebook.com\/elversiculodeldia","article_author":"https:\/\/www.facebook.com\/pastorjuanquintero\/","article_published_time":"2018-04-30T03:36:44+00:00","article_modified_time":"2018-04-30T14:42:47+00:00","og_image":[{"width":800,"height":800,"url":"https:\/\/elversiculodeldia.com\/blog\/wp-content\/uploads\/2018\/04\/BUEN-DIA-BASTATE-MI-GRACIA.png","type":"image\/png"}],"author":"Juan Quintero","twitter_card":"summary_large_image","twitter_creator":"@elversiculo","twitter_site":"@elversiculo","twitter_misc":{"Written by":"Juan Quintero","Est. reading time":"2 minutes"},"schema":{"@context":"https:\/\/schema.org","@graph":[{"@type":"Article","@id":"https:\/\/elversiculodeldia.com\/blog\/buen-dia-que-nada-te-aparte-de-la-bendicion\/#article","isPartOf":{"@id":"https:\/\/elversiculodeldia.com\/blog\/buen-dia-que-nada-te-aparte-de-la-bendicion\/"},"author":{"name":"Juan Quintero","@id":"https:\/\/elversiculodeldia.com\/blog\/#\/schema\/person\/bead3290281db357e2b7d33ebdc876d2"},"headline":"Buen Dia &#8211; Que nada te aparte de la bendici\u00f3n","datePublished":"2018-04-30T03:36:44+00:00","dateModified":"2018-04-30T14:42:47+00:00","mainEntityOfPage":{"@id":"https:\/\/elversiculodeldia.com\/blog\/buen-dia-que-nada-te-aparte-de-la-bendicion\/"},"wordCount":393,"commentCount":0,"publisher":{"@id":"https:\/\/elversiculodeldia.com\/blog\/#organization"},"image":{"@id":"https:\/\/elversiculodeldia.com\/blog\/buen-dia-que-nada-te-aparte-de-la-bendicion\/#primaryimage"},"thumbnailUrl":"https:\/\/elversiculodeldia.com\/blog\/wp-content\/uploads\/2018\/04\/BUEN-DIA-BASTATE-MI-GRACIA.png","keywords":["alegria","biblia","Debilidad","Devocional","Dificultad","Dios","Espiritu Santo","Fortaleza","frustracion","Gozo","iglesia","Jesus","Padre","Pastor","SUCESOS","vida","VIDA WORSHIP CENTER"],"articleSection":{"0":"Devocionales","1":"Lecturas","2":"Mensajes","3":"Reflexiones","5":"Varios"},"inLanguage":"en-US","potentialAction":[{"@type":"CommentAction","name":"Comment","target":["https:\/\/elversiculodeldia.com\/blog\/buen-dia-que-nada-te-aparte-de-la-bendicion\/#respond"]}]},{"@type":"WebPage","@id":"https:\/\/elversiculodeldia.com\/blog\/buen-dia-que-nada-te-aparte-de-la-bendicion\/","url":"https:\/\/elversiculodeldia.com\/blog\/buen-dia-que-nada-te-aparte-de-la-bendicion\/","name":"Buen Dia - Que nada te aparte de la bendici\u00f3n","isPartOf":{"@id":"https:\/\/elversiculodeldia.com\/blog\/#website"},"primaryImageOfPage":{"@id":"https:\/\/elversiculodeldia.com\/blog\/buen-dia-que-nada-te-aparte-de-la-bendicion\/#primaryimage"},"image":{"@id":"https:\/\/elversiculodeldia.com\/blog\/buen-dia-que-nada-te-aparte-de-la-bendicion\/#primaryimage"},"thumbnailUrl":"https:\/\/elversiculodeldia.com\/blog\/wp-content\/uploads\/2018\/04\/BUEN-DIA-BASTATE-MI-GRACIA.png","datePublished":"2018-04-30T03:36:44+00:00","dateModified":"2018-04-30T14:42:47+00:00","description":"Buen Dia - Que nada te aparte de la bendici\u00f3n - El vers\u00edculo del d\u00eda","inLanguage":"en-US","potentialAction":[{"@type":"ReadAction","target":["https:\/\/elversiculodeldia.com\/blog\/buen-dia-que-nada-te-aparte-de-la-bendicion\/"]}]},{"@type":"ImageObject","inLanguage":"en-US","@id":"https:\/\/elversiculodeldia.com\/blog\/buen-dia-que-nada-te-aparte-de-la-bendicion\/#primaryimage","url":"https:\/\/elversiculodeldia.com\/blog\/wp-content\/uploads\/2018\/04\/BUEN-DIA-BASTATE-MI-GRACIA.png","contentUrl":"https:\/\/elversiculodeldia.com\/blog\/wp-content\/uploads\/2018\/04\/BUEN-DIA-BASTATE-MI-GRACIA.png","width":800,"height":800},{"@type":"WebSite","@id":"https:\/\/elversiculodeldia.com\/blog\/#website","url":"https:\/\/elversiculodeldia.com\/blog\/","name":"El Vers\u00edculo del D\u00eda","description":"Llevando un vers\u00edculo de salvaci\u00f3n a cada coraz\u00f3n!","publisher":{"@id":"https:\/\/elversiculodeldia.com\/blog\/#organization"},"potentialAction":[{"@type":"SearchAction","target":{"@type":"EntryPoint","urlTemplate":"https:\/\/elversiculodeldia.com\/blog\/?s={search_term_string}"},"query-input":{"@type":"PropertyValueSpecification","valueRequired":true,"valueName":"search_term_string"}}],"inLanguage":"en-US"},{"@type":"Organization","@id":"https:\/\/elversiculodeldia.com\/blog\/#organization","name":"El Versiculo del Dia","url":"https:\/\/elversiculodeldia.com\/blog\/","logo":{"@type":"ImageObject","inLanguage":"en-US","@id":"https:\/\/elversiculodeldia.com\/blog\/#\/schema\/logo\/image\/","url":"https:\/\/elversiculodeldia.com\/blog\/wp-content\/uploads\/2017\/04\/logoOficialEVD.png","contentUrl":"https:\/\/elversiculodeldia.com\/blog\/wp-content\/uploads\/2017\/04\/logoOficialEVD.png","width":400,"height":100,"caption":"El Versiculo del Dia"},"image":{"@id":"https:\/\/elversiculodeldia.com\/blog\/#\/schema\/logo\/image\/"},"sameAs":["https:\/\/www.facebook.com\/elversiculodeldia","https:\/\/x.com\/elversiculo","https:\/\/www.instagram.com\/elversiculo","https:\/\/www.youtube.com\/user\/elversiculodeldia","https:\/\/chat.whatsapp.com\/HreYiXZFT8e0tZUmqriKfb"]},{"@type":"Person","@id":"https:\/\/elversiculodeldia.com\/blog\/#\/schema\/person\/bead3290281db357e2b7d33ebdc876d2","name":"Juan Quintero","image":{"@type":"ImageObject","inLanguage":"en-US","@id":"https:\/\/elversiculodeldia.com\/blog\/wp-content\/uploads\/2021\/02\/JCQ-BIBLIA.png","url":"https:\/\/elversiculodeldia.com\/blog\/wp-content\/uploads\/2021\/02\/JCQ-BIBLIA.png","contentUrl":"https:\/\/elversiculodeldia.com\/blog\/wp-content\/uploads\/2021\/02\/JCQ-BIBLIA.png","caption":"Juan Quintero"},"description":"Me llamo Juan C Quintero, soy pastor y coach en Coral Springs, Florida, en este lugar compartir\u00e9 mucho contenido gratuito de fe, de exhortaci\u00f3n y motivacional, para brindar crecimiento espiritual y personal. Encontraras videos con informaci\u00f3n relevante, interesante, actual, as\u00ed como tambi\u00e9n predicaciones cristianas, para toda la familia. Tengo la misi\u00f3n de empoderar tu vida, para que alcances todo el potencial que Dios a determinado para ti. Creo que somos seres integrales en alma, cuerpo y esp\u00edritu y que, con la ayuda de Jes\u00fas, con el poder del Esp\u00edritu Santo y con el amor de Dios el Padre llegaras a alcanzar niveles insospechados en tu vida. Todos los mensajes, art\u00edculos, videos y comentarios est\u00e1n enfocados en lograr cuatro cosas: - Que seas edificado a la manera de Jes\u00fas - Que tu familia sea cuidada - Que cumplas tu prop\u00f3sito en esta vida - Que crezcamos y nos multipliquemos como personas, entidades, organismos y como comunidad de fe Gracias por ver estos estudios y mensajes de fe y esperanza. Sinceramente Juan C Quintero Senior Pastor Vida Worship Center 10303 Royal Palm Blvd, Coral Springs, Fl 33065 email: pastor@vidawc.com Web: www.VidaWC.com","sameAs":["http:\/\/www.buendiatodoslosdias.com","https:\/\/www.facebook.com\/pastorjuanquintero\/","https:\/\/www.instagram.com\/vidawc\/","https:\/\/www.youtube.com\/playlist?list=PLqlmwAuBIF8qNKALCu9VGBtAmN7t3Enz0"],"url":"https:\/\/elversiculodeldia.com\/blog\/author\/jcqpastor\/"}]}},"amp_enabled":true,"_links":{"self":[{"href":"https:\/\/elversiculodeldia.com\/blog\/wp-json\/wp\/v2\/posts\/48456","targetHints":{"allow":["GET"]}}],"collection":[{"href":"https:\/\/elversiculodeldia.com\/blog\/wp-json\/wp\/v2\/posts"}],"about":[{"href":"https:\/\/elversiculodeldia.com\/blog\/wp-json\/wp\/v2\/types\/post"}],"author":[{"embeddable":true,"href":"https:\/\/elversiculodeldia.com\/blog\/wp-json\/wp\/v2\/users\/30"}],"replies":[{"embeddable":true,"href":"https:\/\/elversiculodeldia.com\/blog\/wp-json\/wp\/v2\/comments?post=48456"}],"version-history":[{"count":0,"href":"https:\/\/elversiculodeldia.com\/blog\/wp-json\/wp\/v2\/posts\/48456\/revisions"}],"wp:featuredmedia":[{"embeddable":true,"href":"https:\/\/elversiculodeldia.com\/blog\/wp-json\/wp\/v2\/media\/48457"}],"wp:attachment":[{"href":"https:\/\/elversiculodeldia.com\/blog\/wp-json\/wp\/v2\/media?parent=48456"}],"wp:term":[{"taxonomy":"category","embeddable":true,"href":"https:\/\/elversiculodeldia.com\/blog\/wp-json\/wp\/v2\/categories?post=48456"},{"taxonomy":"post_tag","embeddable":true,"href":"https:\/\/elversiculodeldia.com\/blog\/wp-json\/wp\/v2\/tags?post=48456"}],"curies":[{"name":"wp","href":"https:\/\/api.w.org\/{rel}","templated":true}]}}