{"id":42761,"date":"2017-06-27T23:25:31","date_gmt":"2017-06-28T03:25:31","guid":{"rendered":"http:\/\/www.elversiculodeldia.com\/?p=42761"},"modified":"2017-06-28T15:26:51","modified_gmt":"2017-06-28T19:26:51","slug":"buen-dia-puertas-abiertas-y-cerradas","status":"publish","type":"post","link":"https:\/\/elversiculodeldia.com\/blog\/buen-dia-puertas-abiertas-y-cerradas\/","title":{"rendered":"Buen Dia &#8211; Puertas abiertas y cerradas"},"content":{"rendered":"<p><img loading=\"lazy\" decoding=\"async\" class=\"alignnone size-large wp-image-42762\" src=\"http:\/\/www.elversiculodeldia.com\/wp-content\/uploads\/2017\/06\/PUERTAS-DE-DIOS-640x640.png\" alt=\"\" width=\"640\" height=\"640\" \/><br \/>\nPor una puerta pasamos para ir de un lugar a otro, para ingresar o para salir.<br \/>\nEs com\u00fan hablar de puertas cuando hacemos referencia a la vida, por ejemplo hay un dicho popular que dice \u201csi ves una puerta abierta debes entrar\u201d\u2026 y muchos otros relacionados con este tema.<br \/>\nDios en Su Palabra tambi\u00e9n nos habla de puertas, en el Salmo 78 verso 23 dice que \u201cDios abri\u00f3 las puertas del cielo\u201d y el motivo fue para que empezara a llover \u201cman\u00e1\u201d como alimento para el pueblo hebreo en su transici\u00f3n por el desierto.<br \/>\nEste es el principio para ti\u2026 \u201cDios es un Dios que abre y cierra puertas en nuestra vida\u201d.<br \/>\nS\u00e9\u2026 -y lo digo por experiencia propia; que buscamos \u201cpuertas abiertas\u201d cuando estamos pasando por estaciones de transici\u00f3n, por tiempos de malestar e incluso cuando transitamos por momentos de posibles \u00e9xitos.<br \/>\nCuando nos encontramos en el tiempo de la transici\u00f3n o del malestar estamos ubicados en una posici\u00f3n inc\u00f3moda y es entonces que clamamos para que Dios \u201cabra una puerta de bendici\u00f3n y cierre otras de episodios de nuestras vidas que deseamos dejar atr\u00e1s\u201d.<br \/>\nLa realidad es que \u201cuna puerta que Dios abra nos solucionara todas nuestras situaciones dificiles\u201d. De la enfermedad pasamos la puerta de sanidad y llega la salud; del problema financiero, Dios abre una puerta y estamos al otro lado con la situaci\u00f3n econ\u00f3micamente resuelta; de un problema de pareja dif\u00edcil de resolver, se pasa por una puerta que Dios abre, llega el perd\u00f3n y todo se restaura\u2026<br \/>\nTodo esto porque \u201cDios es experto en abrir puertas de bendici\u00f3n\u2026\u201d, \u00bflo crees?.<br \/>\nDesconozco tu situaci\u00f3n personal, pero el Se\u00f1or s\u00ed la conoce; por eso vamos a activar la fe para que Dios abra una puerta por la que puedas entrar y caminar a trav\u00e9s ella para llevarte al lugar del milagro, donde algo completamente nuevo va a ocurrir.<br \/>\nNo te centres en el problema que ha causado la dificultad que tienes hoy, conc\u00e9ntrate en el que abre las puertas, en Dios pon tu mirada en El y veras que tu fe no ser\u00e1 en vano. Dios mismo abrir\u00e1 una puerta de bendici\u00f3n para ti.<br \/>\nOremos hoy para que la certeza de que Dios abrir\u00e1 una puerta se active\u2026 para creer por puertas que \u00c9l va a cerrar que son de cap\u00edtulos pasados que deseas soltar y tambi\u00e9n creer por puertas que \u00c9l abrir\u00e1 de bendici\u00f3n para tu vida.<br \/>\nVers\u00edculo: \u201cDesde lo alto dio una orden a las nubes, y se abrieron las puertas de los cielos\u201d. Salmos 78:23 (NVI)<br \/>\nBuen Dia<br \/>\nJuan C Quintero<br \/>\nwww.buendiatodoslosdias.com<\/p>\n","protected":false},"excerpt":{"rendered":"<p>Por una puerta pasamos para ir de un lugar a otro, para ingresar o para salir. Es com\u00fan hablar de puertas cuando hacemos referencia a la vida, por ejemplo hay un dicho popular que dice \u201csi ves una puerta abierta debes entrar\u201d\u2026 y muchos otros relacionados con este tema. Dios en Su Palabra tambi\u00e9n nos [&hellip;]<\/p>\n","protected":false},"author":30,"featured_media":42762,"comment_status":"open","ping_status":"open","sticky":false,"template":"","format":"standard","meta":{"tdm_status":"","tdm_grid_status":"","footnotes":""},"categories":[7,2152,5,2293,1328],"tags":[4022,189,9,4023,1617,8,1341,4207,3272,462,4021,67,3322],"class_list":{"0":"post-42761","1":"post","2":"type-post","3":"status-publish","4":"format-standard","5":"has-post-thumbnail","7":"category-devocionales","8":"category-mensajes-cristianos","9":"category-reflexiones","10":"category-uncategorized-en","11":"category-varios","12":"tag-abrir","13":"tag-bendicion","14":"tag-biblia","15":"tag-cerrar","16":"tag-devocional","17":"tag-dios","18":"tag-espiritu-santo","19":"tag-iglesia-jesus","20":"tag-juan-c-quintero","21":"tag-pastor","22":"tag-puertas","23":"tag-vida","24":"tag-vida-worship-center"},"yoast_head":"<!-- This site is optimized with the Yoast SEO plugin v27.5 - https:\/\/yoast.com\/product\/yoast-seo-wordpress\/ -->\n<title>Buen Dia - Puertas abiertas y cerradas<\/title>\n<meta name=\"description\" content=\"Buen Dia - Puertas abiertas y cerradas - El vers\u00edculo del d\u00eda\" \/>\n<meta name=\"robots\" content=\"index, follow, max-snippet:-1, max-image-preview:large, max-video-preview:-1\" \/>\n<link rel=\"canonical\" href=\"https:\/\/elversiculodeldia.com\/blog\/buen-dia-puertas-abiertas-y-cerradas\/\" \/>\n<meta property=\"og:locale\" content=\"en_US\" \/>\n<meta property=\"og:type\" content=\"article\" \/>\n<meta property=\"og:title\" content=\"Buen Dia - Puertas abiertas y cerradas\" \/>\n<meta property=\"og:description\" content=\"Buen Dia - Puertas abiertas y cerradas - El vers\u00edculo del d\u00eda\" \/>\n<meta property=\"og:url\" content=\"https:\/\/elversiculodeldia.com\/blog\/buen-dia-puertas-abiertas-y-cerradas\/\" \/>\n<meta property=\"og:site_name\" content=\"El vers\u00edculo del d\u00eda\" \/>\n<meta property=\"article:publisher\" content=\"https:\/\/www.facebook.com\/elversiculodeldia\" \/>\n<meta property=\"article:author\" content=\"https:\/\/www.facebook.com\/pastorjuanquintero\/\" \/>\n<meta property=\"article:published_time\" content=\"2017-06-28T03:25:31+00:00\" \/>\n<meta property=\"article:modified_time\" content=\"2017-06-28T19:26:51+00:00\" \/>\n<meta property=\"og:image\" content=\"https:\/\/elversiculodeldia.com\/blog\/wp-content\/uploads\/2017\/06\/PUERTAS-DE-DIOS.png\" \/>\n\t<meta property=\"og:image:width\" content=\"800\" \/>\n\t<meta property=\"og:image:height\" content=\"800\" \/>\n\t<meta property=\"og:image:type\" content=\"image\/png\" \/>\n<meta name=\"author\" content=\"Juan Quintero\" \/>\n<meta name=\"twitter:card\" content=\"summary_large_image\" \/>\n<meta name=\"twitter:creator\" content=\"@elversiculo\" \/>\n<meta name=\"twitter:site\" content=\"@elversiculo\" \/>\n<meta name=\"twitter:label1\" content=\"Written by\" \/>\n\t<meta name=\"twitter:data1\" content=\"Juan Quintero\" \/>\n\t<meta name=\"twitter:label2\" content=\"Est. reading time\" \/>\n\t<meta name=\"twitter:data2\" content=\"2 minutes\" \/>\n<script type=\"application\/ld+json\" class=\"yoast-schema-graph\">{\"@context\":\"https:\\\/\\\/schema.org\",\"@graph\":[{\"@type\":\"Article\",\"@id\":\"https:\\\/\\\/elversiculodeldia.com\\\/blog\\\/buen-dia-puertas-abiertas-y-cerradas\\\/#article\",\"isPartOf\":{\"@id\":\"https:\\\/\\\/elversiculodeldia.com\\\/blog\\\/buen-dia-puertas-abiertas-y-cerradas\\\/\"},\"author\":{\"name\":\"Juan Quintero\",\"@id\":\"https:\\\/\\\/elversiculodeldia.com\\\/blog\\\/#\\\/schema\\\/person\\\/bead3290281db357e2b7d33ebdc876d2\"},\"headline\":\"Buen Dia &#8211; Puertas abiertas y cerradas\",\"datePublished\":\"2017-06-28T03:25:31+00:00\",\"dateModified\":\"2017-06-28T19:26:51+00:00\",\"mainEntityOfPage\":{\"@id\":\"https:\\\/\\\/elversiculodeldia.com\\\/blog\\\/buen-dia-puertas-abiertas-y-cerradas\\\/\"},\"wordCount\":458,\"commentCount\":0,\"publisher\":{\"@id\":\"https:\\\/\\\/elversiculodeldia.com\\\/blog\\\/#organization\"},\"image\":{\"@id\":\"https:\\\/\\\/elversiculodeldia.com\\\/blog\\\/buen-dia-puertas-abiertas-y-cerradas\\\/#primaryimage\"},\"thumbnailUrl\":\"https:\\\/\\\/elversiculodeldia.com\\\/blog\\\/wp-content\\\/uploads\\\/2017\\\/06\\\/PUERTAS-DE-DIOS.png\",\"keywords\":[\"ABRIR\",\"Bendicion\",\"biblia\",\"CERRAR\",\"Devocional\",\"Dios\",\"Espiritu Santo\",\"IGLESIA JESUS\",\"JUAN C QUINTERO\",\"Pastor\",\"PUERTAS\",\"vida\",\"VIDA WORSHIP CENTER\"],\"articleSection\":{\"0\":\"Devocionales\",\"1\":\"Mensajes\",\"2\":\"Reflexiones\",\"4\":\"Varios\"},\"inLanguage\":\"en-US\",\"potentialAction\":[{\"@type\":\"CommentAction\",\"name\":\"Comment\",\"target\":[\"https:\\\/\\\/elversiculodeldia.com\\\/blog\\\/buen-dia-puertas-abiertas-y-cerradas\\\/#respond\"]}]},{\"@type\":\"WebPage\",\"@id\":\"https:\\\/\\\/elversiculodeldia.com\\\/blog\\\/buen-dia-puertas-abiertas-y-cerradas\\\/\",\"url\":\"https:\\\/\\\/elversiculodeldia.com\\\/blog\\\/buen-dia-puertas-abiertas-y-cerradas\\\/\",\"name\":\"Buen Dia - Puertas abiertas y cerradas\",\"isPartOf\":{\"@id\":\"https:\\\/\\\/elversiculodeldia.com\\\/blog\\\/#website\"},\"primaryImageOfPage\":{\"@id\":\"https:\\\/\\\/elversiculodeldia.com\\\/blog\\\/buen-dia-puertas-abiertas-y-cerradas\\\/#primaryimage\"},\"image\":{\"@id\":\"https:\\\/\\\/elversiculodeldia.com\\\/blog\\\/buen-dia-puertas-abiertas-y-cerradas\\\/#primaryimage\"},\"thumbnailUrl\":\"https:\\\/\\\/elversiculodeldia.com\\\/blog\\\/wp-content\\\/uploads\\\/2017\\\/06\\\/PUERTAS-DE-DIOS.png\",\"datePublished\":\"2017-06-28T03:25:31+00:00\",\"dateModified\":\"2017-06-28T19:26:51+00:00\",\"description\":\"Buen Dia - Puertas abiertas y cerradas - El vers\u00edculo del d\u00eda\",\"inLanguage\":\"en-US\",\"potentialAction\":[{\"@type\":\"ReadAction\",\"target\":[\"https:\\\/\\\/elversiculodeldia.com\\\/blog\\\/buen-dia-puertas-abiertas-y-cerradas\\\/\"]}]},{\"@type\":\"ImageObject\",\"inLanguage\":\"en-US\",\"@id\":\"https:\\\/\\\/elversiculodeldia.com\\\/blog\\\/buen-dia-puertas-abiertas-y-cerradas\\\/#primaryimage\",\"url\":\"https:\\\/\\\/elversiculodeldia.com\\\/blog\\\/wp-content\\\/uploads\\\/2017\\\/06\\\/PUERTAS-DE-DIOS.png\",\"contentUrl\":\"https:\\\/\\\/elversiculodeldia.com\\\/blog\\\/wp-content\\\/uploads\\\/2017\\\/06\\\/PUERTAS-DE-DIOS.png\",\"width\":800,\"height\":800},{\"@type\":\"WebSite\",\"@id\":\"https:\\\/\\\/elversiculodeldia.com\\\/blog\\\/#website\",\"url\":\"https:\\\/\\\/elversiculodeldia.com\\\/blog\\\/\",\"name\":\"El Vers\u00edculo del D\u00eda\",\"description\":\"Llevando un vers\u00edculo de salvaci\u00f3n a cada coraz\u00f3n!\",\"publisher\":{\"@id\":\"https:\\\/\\\/elversiculodeldia.com\\\/blog\\\/#organization\"},\"potentialAction\":[{\"@type\":\"SearchAction\",\"target\":{\"@type\":\"EntryPoint\",\"urlTemplate\":\"https:\\\/\\\/elversiculodeldia.com\\\/blog\\\/?s={search_term_string}\"},\"query-input\":{\"@type\":\"PropertyValueSpecification\",\"valueRequired\":true,\"valueName\":\"search_term_string\"}}],\"inLanguage\":\"en-US\"},{\"@type\":\"Organization\",\"@id\":\"https:\\\/\\\/elversiculodeldia.com\\\/blog\\\/#organization\",\"name\":\"El Versiculo del Dia\",\"url\":\"https:\\\/\\\/elversiculodeldia.com\\\/blog\\\/\",\"logo\":{\"@type\":\"ImageObject\",\"inLanguage\":\"en-US\",\"@id\":\"https:\\\/\\\/elversiculodeldia.com\\\/blog\\\/#\\\/schema\\\/logo\\\/image\\\/\",\"url\":\"https:\\\/\\\/elversiculodeldia.com\\\/blog\\\/wp-content\\\/uploads\\\/2017\\\/04\\\/logoOficialEVD.png\",\"contentUrl\":\"https:\\\/\\\/elversiculodeldia.com\\\/blog\\\/wp-content\\\/uploads\\\/2017\\\/04\\\/logoOficialEVD.png\",\"width\":400,\"height\":100,\"caption\":\"El Versiculo del Dia\"},\"image\":{\"@id\":\"https:\\\/\\\/elversiculodeldia.com\\\/blog\\\/#\\\/schema\\\/logo\\\/image\\\/\"},\"sameAs\":[\"https:\\\/\\\/www.facebook.com\\\/elversiculodeldia\",\"https:\\\/\\\/x.com\\\/elversiculo\",\"https:\\\/\\\/www.instagram.com\\\/elversiculo\",\"https:\\\/\\\/www.youtube.com\\\/user\\\/elversiculodeldia\",\"https:\\\/\\\/chat.whatsapp.com\\\/HreYiXZFT8e0tZUmqriKfb\"]},{\"@type\":\"Person\",\"@id\":\"https:\\\/\\\/elversiculodeldia.com\\\/blog\\\/#\\\/schema\\\/person\\\/bead3290281db357e2b7d33ebdc876d2\",\"name\":\"Juan Quintero\",\"image\":{\"@type\":\"ImageObject\",\"inLanguage\":\"en-US\",\"@id\":\"https:\\\/\\\/elversiculodeldia.com\\\/blog\\\/wp-content\\\/uploads\\\/2021\\\/02\\\/JCQ-BIBLIA.png\",\"url\":\"https:\\\/\\\/elversiculodeldia.com\\\/blog\\\/wp-content\\\/uploads\\\/2021\\\/02\\\/JCQ-BIBLIA.png\",\"contentUrl\":\"https:\\\/\\\/elversiculodeldia.com\\\/blog\\\/wp-content\\\/uploads\\\/2021\\\/02\\\/JCQ-BIBLIA.png\",\"caption\":\"Juan Quintero\"},\"description\":\"Me llamo Juan C Quintero, soy pastor y coach en Coral Springs, Florida, en este lugar compartir\u00e9 mucho contenido gratuito de fe, de exhortaci\u00f3n y motivacional, para brindar crecimiento espiritual y personal. Encontraras videos con informaci\u00f3n relevante, interesante, actual, as\u00ed como tambi\u00e9n predicaciones cristianas, para toda la familia. Tengo la misi\u00f3n de empoderar tu vida, para que alcances todo el potencial que Dios a determinado para ti. Creo que somos seres integrales en alma, cuerpo y esp\u00edritu y que, con la ayuda de Jes\u00fas, con el poder del Esp\u00edritu Santo y con el amor de Dios el Padre llegaras a alcanzar niveles insospechados en tu vida. Todos los mensajes, art\u00edculos, videos y comentarios est\u00e1n enfocados en lograr cuatro cosas: - Que seas edificado a la manera de Jes\u00fas - Que tu familia sea cuidada - Que cumplas tu prop\u00f3sito en esta vida - Que crezcamos y nos multipliquemos como personas, entidades, organismos y como comunidad de fe Gracias por ver estos estudios y mensajes de fe y esperanza. Sinceramente Juan C Quintero Senior Pastor Vida Worship Center 10303 Royal Palm Blvd, Coral Springs, Fl 33065 email: pastor@vidawc.com Web: www.VidaWC.com\",\"sameAs\":[\"http:\\\/\\\/www.buendiatodoslosdias.com\",\"https:\\\/\\\/www.facebook.com\\\/pastorjuanquintero\\\/\",\"https:\\\/\\\/www.instagram.com\\\/vidawc\\\/\",\"https:\\\/\\\/www.youtube.com\\\/playlist?list=PLqlmwAuBIF8qNKALCu9VGBtAmN7t3Enz0\"],\"url\":\"https:\\\/\\\/elversiculodeldia.com\\\/blog\\\/author\\\/jcqpastor\\\/\"}]}<\/script>\n<!-- \/ Yoast SEO plugin. -->","yoast_head_json":{"title":"Buen Dia - Puertas abiertas y cerradas","description":"Buen Dia - Puertas abiertas y cerradas - El vers\u00edculo del d\u00eda","robots":{"index":"index","follow":"follow","max-snippet":"max-snippet:-1","max-image-preview":"max-image-preview:large","max-video-preview":"max-video-preview:-1"},"canonical":"https:\/\/elversiculodeldia.com\/blog\/buen-dia-puertas-abiertas-y-cerradas\/","og_locale":"en_US","og_type":"article","og_title":"Buen Dia - Puertas abiertas y cerradas","og_description":"Buen Dia - Puertas abiertas y cerradas - El vers\u00edculo del d\u00eda","og_url":"https:\/\/elversiculodeldia.com\/blog\/buen-dia-puertas-abiertas-y-cerradas\/","og_site_name":"El vers\u00edculo del d\u00eda","article_publisher":"https:\/\/www.facebook.com\/elversiculodeldia","article_author":"https:\/\/www.facebook.com\/pastorjuanquintero\/","article_published_time":"2017-06-28T03:25:31+00:00","article_modified_time":"2017-06-28T19:26:51+00:00","og_image":[{"width":800,"height":800,"url":"https:\/\/elversiculodeldia.com\/blog\/wp-content\/uploads\/2017\/06\/PUERTAS-DE-DIOS.png","type":"image\/png"}],"author":"Juan Quintero","twitter_card":"summary_large_image","twitter_creator":"@elversiculo","twitter_site":"@elversiculo","twitter_misc":{"Written by":"Juan Quintero","Est. reading time":"2 minutes"},"schema":{"@context":"https:\/\/schema.org","@graph":[{"@type":"Article","@id":"https:\/\/elversiculodeldia.com\/blog\/buen-dia-puertas-abiertas-y-cerradas\/#article","isPartOf":{"@id":"https:\/\/elversiculodeldia.com\/blog\/buen-dia-puertas-abiertas-y-cerradas\/"},"author":{"name":"Juan Quintero","@id":"https:\/\/elversiculodeldia.com\/blog\/#\/schema\/person\/bead3290281db357e2b7d33ebdc876d2"},"headline":"Buen Dia &#8211; Puertas abiertas y cerradas","datePublished":"2017-06-28T03:25:31+00:00","dateModified":"2017-06-28T19:26:51+00:00","mainEntityOfPage":{"@id":"https:\/\/elversiculodeldia.com\/blog\/buen-dia-puertas-abiertas-y-cerradas\/"},"wordCount":458,"commentCount":0,"publisher":{"@id":"https:\/\/elversiculodeldia.com\/blog\/#organization"},"image":{"@id":"https:\/\/elversiculodeldia.com\/blog\/buen-dia-puertas-abiertas-y-cerradas\/#primaryimage"},"thumbnailUrl":"https:\/\/elversiculodeldia.com\/blog\/wp-content\/uploads\/2017\/06\/PUERTAS-DE-DIOS.png","keywords":["ABRIR","Bendicion","biblia","CERRAR","Devocional","Dios","Espiritu Santo","IGLESIA JESUS","JUAN C QUINTERO","Pastor","PUERTAS","vida","VIDA WORSHIP CENTER"],"articleSection":{"0":"Devocionales","1":"Mensajes","2":"Reflexiones","4":"Varios"},"inLanguage":"en-US","potentialAction":[{"@type":"CommentAction","name":"Comment","target":["https:\/\/elversiculodeldia.com\/blog\/buen-dia-puertas-abiertas-y-cerradas\/#respond"]}]},{"@type":"WebPage","@id":"https:\/\/elversiculodeldia.com\/blog\/buen-dia-puertas-abiertas-y-cerradas\/","url":"https:\/\/elversiculodeldia.com\/blog\/buen-dia-puertas-abiertas-y-cerradas\/","name":"Buen Dia - Puertas abiertas y cerradas","isPartOf":{"@id":"https:\/\/elversiculodeldia.com\/blog\/#website"},"primaryImageOfPage":{"@id":"https:\/\/elversiculodeldia.com\/blog\/buen-dia-puertas-abiertas-y-cerradas\/#primaryimage"},"image":{"@id":"https:\/\/elversiculodeldia.com\/blog\/buen-dia-puertas-abiertas-y-cerradas\/#primaryimage"},"thumbnailUrl":"https:\/\/elversiculodeldia.com\/blog\/wp-content\/uploads\/2017\/06\/PUERTAS-DE-DIOS.png","datePublished":"2017-06-28T03:25:31+00:00","dateModified":"2017-06-28T19:26:51+00:00","description":"Buen Dia - Puertas abiertas y cerradas - El vers\u00edculo del d\u00eda","inLanguage":"en-US","potentialAction":[{"@type":"ReadAction","target":["https:\/\/elversiculodeldia.com\/blog\/buen-dia-puertas-abiertas-y-cerradas\/"]}]},{"@type":"ImageObject","inLanguage":"en-US","@id":"https:\/\/elversiculodeldia.com\/blog\/buen-dia-puertas-abiertas-y-cerradas\/#primaryimage","url":"https:\/\/elversiculodeldia.com\/blog\/wp-content\/uploads\/2017\/06\/PUERTAS-DE-DIOS.png","contentUrl":"https:\/\/elversiculodeldia.com\/blog\/wp-content\/uploads\/2017\/06\/PUERTAS-DE-DIOS.png","width":800,"height":800},{"@type":"WebSite","@id":"https:\/\/elversiculodeldia.com\/blog\/#website","url":"https:\/\/elversiculodeldia.com\/blog\/","name":"El Vers\u00edculo del D\u00eda","description":"Llevando un vers\u00edculo de salvaci\u00f3n a cada coraz\u00f3n!","publisher":{"@id":"https:\/\/elversiculodeldia.com\/blog\/#organization"},"potentialAction":[{"@type":"SearchAction","target":{"@type":"EntryPoint","urlTemplate":"https:\/\/elversiculodeldia.com\/blog\/?s={search_term_string}"},"query-input":{"@type":"PropertyValueSpecification","valueRequired":true,"valueName":"search_term_string"}}],"inLanguage":"en-US"},{"@type":"Organization","@id":"https:\/\/elversiculodeldia.com\/blog\/#organization","name":"El Versiculo del Dia","url":"https:\/\/elversiculodeldia.com\/blog\/","logo":{"@type":"ImageObject","inLanguage":"en-US","@id":"https:\/\/elversiculodeldia.com\/blog\/#\/schema\/logo\/image\/","url":"https:\/\/elversiculodeldia.com\/blog\/wp-content\/uploads\/2017\/04\/logoOficialEVD.png","contentUrl":"https:\/\/elversiculodeldia.com\/blog\/wp-content\/uploads\/2017\/04\/logoOficialEVD.png","width":400,"height":100,"caption":"El Versiculo del Dia"},"image":{"@id":"https:\/\/elversiculodeldia.com\/blog\/#\/schema\/logo\/image\/"},"sameAs":["https:\/\/www.facebook.com\/elversiculodeldia","https:\/\/x.com\/elversiculo","https:\/\/www.instagram.com\/elversiculo","https:\/\/www.youtube.com\/user\/elversiculodeldia","https:\/\/chat.whatsapp.com\/HreYiXZFT8e0tZUmqriKfb"]},{"@type":"Person","@id":"https:\/\/elversiculodeldia.com\/blog\/#\/schema\/person\/bead3290281db357e2b7d33ebdc876d2","name":"Juan Quintero","image":{"@type":"ImageObject","inLanguage":"en-US","@id":"https:\/\/elversiculodeldia.com\/blog\/wp-content\/uploads\/2021\/02\/JCQ-BIBLIA.png","url":"https:\/\/elversiculodeldia.com\/blog\/wp-content\/uploads\/2021\/02\/JCQ-BIBLIA.png","contentUrl":"https:\/\/elversiculodeldia.com\/blog\/wp-content\/uploads\/2021\/02\/JCQ-BIBLIA.png","caption":"Juan Quintero"},"description":"Me llamo Juan C Quintero, soy pastor y coach en Coral Springs, Florida, en este lugar compartir\u00e9 mucho contenido gratuito de fe, de exhortaci\u00f3n y motivacional, para brindar crecimiento espiritual y personal. Encontraras videos con informaci\u00f3n relevante, interesante, actual, as\u00ed como tambi\u00e9n predicaciones cristianas, para toda la familia. Tengo la misi\u00f3n de empoderar tu vida, para que alcances todo el potencial que Dios a determinado para ti. Creo que somos seres integrales en alma, cuerpo y esp\u00edritu y que, con la ayuda de Jes\u00fas, con el poder del Esp\u00edritu Santo y con el amor de Dios el Padre llegaras a alcanzar niveles insospechados en tu vida. Todos los mensajes, art\u00edculos, videos y comentarios est\u00e1n enfocados en lograr cuatro cosas: - Que seas edificado a la manera de Jes\u00fas - Que tu familia sea cuidada - Que cumplas tu prop\u00f3sito en esta vida - Que crezcamos y nos multipliquemos como personas, entidades, organismos y como comunidad de fe Gracias por ver estos estudios y mensajes de fe y esperanza. Sinceramente Juan C Quintero Senior Pastor Vida Worship Center 10303 Royal Palm Blvd, Coral Springs, Fl 33065 email: pastor@vidawc.com Web: www.VidaWC.com","sameAs":["http:\/\/www.buendiatodoslosdias.com","https:\/\/www.facebook.com\/pastorjuanquintero\/","https:\/\/www.instagram.com\/vidawc\/","https:\/\/www.youtube.com\/playlist?list=PLqlmwAuBIF8qNKALCu9VGBtAmN7t3Enz0"],"url":"https:\/\/elversiculodeldia.com\/blog\/author\/jcqpastor\/"}]}},"amp_enabled":true,"_links":{"self":[{"href":"https:\/\/elversiculodeldia.com\/blog\/wp-json\/wp\/v2\/posts\/42761","targetHints":{"allow":["GET"]}}],"collection":[{"href":"https:\/\/elversiculodeldia.com\/blog\/wp-json\/wp\/v2\/posts"}],"about":[{"href":"https:\/\/elversiculodeldia.com\/blog\/wp-json\/wp\/v2\/types\/post"}],"author":[{"embeddable":true,"href":"https:\/\/elversiculodeldia.com\/blog\/wp-json\/wp\/v2\/users\/30"}],"replies":[{"embeddable":true,"href":"https:\/\/elversiculodeldia.com\/blog\/wp-json\/wp\/v2\/comments?post=42761"}],"version-history":[{"count":0,"href":"https:\/\/elversiculodeldia.com\/blog\/wp-json\/wp\/v2\/posts\/42761\/revisions"}],"wp:featuredmedia":[{"embeddable":true,"href":"https:\/\/elversiculodeldia.com\/blog\/wp-json\/wp\/v2\/media\/42762"}],"wp:attachment":[{"href":"https:\/\/elversiculodeldia.com\/blog\/wp-json\/wp\/v2\/media?parent=42761"}],"wp:term":[{"taxonomy":"category","embeddable":true,"href":"https:\/\/elversiculodeldia.com\/blog\/wp-json\/wp\/v2\/categories?post=42761"},{"taxonomy":"post_tag","embeddable":true,"href":"https:\/\/elversiculodeldia.com\/blog\/wp-json\/wp\/v2\/tags?post=42761"}],"curies":[{"name":"wp","href":"https:\/\/api.w.org\/{rel}","templated":true}]}}