{"id":35878,"date":"2016-09-07T23:16:41","date_gmt":"2016-09-08T03:16:41","guid":{"rendered":"http:\/\/www.elversiculodeldia.com\/?p=35878"},"modified":"2016-09-09T16:28:54","modified_gmt":"2016-09-09T20:28:54","slug":"buen-dia-no-al-temor-paralizante","status":"publish","type":"post","link":"https:\/\/elversiculodeldia.com\/blog\/buen-dia-no-al-temor-paralizante\/","title":{"rendered":"Buen Dia &#8211; No al temor paralizante"},"content":{"rendered":"<p><img loading=\"lazy\" decoding=\"async\" class=\"size-large wp-image-35881 aligncenter\" src=\"http:\/\/www.elversiculodeldia.com\/wp-content\/uploads\/2016\/09\/NO-AL-TEMOR-640x316.png\" alt=\"NO AL TEMOR\" width=\"640\" height=\"316\" \/>Si evaluamos la vida encontramos que las personas tienen razones leg\u00edtimas para tener miedos porque vivimos en un mundo que tiene muchos peligros. Aun sabiendo esto, los creyentes en Cristo no debemos vivir con temor. Puesto que \u00c9l nos ha dado su Palabra, nos ha puesto el Esp\u00edritu Santo y nos llena de maravillosas promesas para poder vivir en medio de lo que ocurre a nuestro alrededor.<br \/>\nAlgunos temores son naturales, est\u00e1n puestos en nosotros para nuestra protecci\u00f3n, son parte de lo que se conoce como el <em>\u201cinstinto de protecci\u00f3n\u201d<\/em>; aqu\u00ed podemos enumerar, por ejemplo, el temor a las culebras, a ahogarnos en el agua profunda. Por otro lado, en la perfecci\u00f3n de Dios \u00c9l ha puesto en nosotros tambi\u00e9n un <em>\u201csistema de reacci\u00f3n\u201d;<\/em> el cual nos permite estar \u201calerta\u201d ante cualquier peligro, de manera que podamos reaccionar cuando una situaci\u00f3n apremiante se presente; aqu\u00ed podemos nombrar, la reacci\u00f3n ante una bicicleta que se nos atraviese en el camino, el actuar ante un perro que este suelto; por eso podemos decir que, tenemos un \u201csistema de protecci\u00f3n\u201d creado por Dios para defendernos de situaciones de apremiantes.<br \/>\nPero hay otra clase de miedo, que cuando se presenta de manera permanente, tal que \u201croba el sue\u00f1o\u201d, \u201cquita la paz\u201d y que hasta produce en nosotros enfermedades somatizadas.<br \/>\nPor un lado, est\u00e1 bien estar alerta ante los riesgos, evaluar y meditar en las posibles consecuencias, pero hay que evitar caer en la inactividad o incapacidad para asumir riesgos; en estos casos debemos confiar en Dios, en lugar de sentir angustia por todo lo malo que podr\u00eda ocurrir.<br \/>\nA medida que crece la ansiedad, aumenta tambi\u00e9n la incertidumbre, hasta que \u00e9sta obstaculiza nuestra relaci\u00f3n con los dem\u00e1s y m\u00e1s cr\u00edticamente, nuestra fe y comuni\u00f3n con Dios. Los temores son resultados de nuestras dudas de que el Se\u00f1or pueda actuar; al hacerlo, la atenci\u00f3n se centra en las preocupaciones, en vez de en Aquel que ha prometido sostenernos en su mano.<br \/>\nEn Su amor, el Se\u00f1or nos da fortaleza porque \u00c9l sabe c\u00f3mo puede atormentarnos el temor.<br \/>\nDesde hoy no permita que las preocupaciones le cieguen a las promesas, le hagan dudar de Su Palabra y le priven de la ayuda que \u00c9l siempre pone a nuestra disposici\u00f3n.<br \/>\nOremos: <em>\u201cSe\u00f1or, gracias por ser protector, por amarme como solo t\u00fa puedes hacerlo. Vengo ante ti a entregarte mis temores, lo que angustia mi coraz\u00f3n; decido confiar en ti, en tu cuidado y respuesta. Conf\u00edo en que cuidas de mi familia que, como dice tu Palabra, \u201ctodo lo puedo en Cristo que me fortalece\u201d, lo declaro en el precioso nombre de Jes\u00fas, Amen\u201d<br \/>\n<\/em>Vers\u00edculo: <em>\u201cMi Dios les proveer\u00e1 de todo lo que necesiten\u201d <\/em>Filipenses 4.19 (NVI).<br \/>\nBuen Dia.<br \/>\nJuan C Quintero<br \/>\n<a href=\"http:\/\/www.buendiatodoslosdias.com\" target=\"_blank\">www.buendiatodoslosdias.com<\/a><\/p>\n","protected":false},"excerpt":{"rendered":"<p>Si evaluamos la vida encontramos que las personas tienen razones leg\u00edtimas para tener miedos porque vivimos en un mundo que tiene muchos peligros. Aun sabiendo esto, los creyentes en Cristo no debemos vivir con temor. Puesto que \u00c9l nos ha dado su Palabra, nos ha puesto el Esp\u00edritu Santo y nos llena de maravillosas promesas [&hellip;]<\/p>\n","protected":false},"author":30,"featured_media":35881,"comment_status":"open","ping_status":"open","sticky":false,"template":"","format":"standard","meta":{"tdm_status":"","tdm_grid_status":"","footnotes":""},"categories":[7,2152,5,2293,1328],"tags":[397,3296,9,1617,8,3422,1341,31,50,38,3272,462,37,67],"class_list":{"0":"post-35878","1":"post","2":"type-post","3":"status-publish","4":"format-standard","5":"has-post-thumbnail","7":"category-devocionales","8":"category-mensajes-cristianos","9":"category-reflexiones","10":"category-uncategorized-en","11":"category-varios","12":"tag-angustia","13":"tag-articulo","14":"tag-biblia","15":"tag-devocional","16":"tag-dios","17":"tag-dudas","18":"tag-espiritu-santo","19":"tag-fortaleza","20":"tag-iglesia","21":"tag-jesus","22":"tag-juan-c-quintero","23":"tag-pastor","24":"tag-temor","25":"tag-vida"},"yoast_head":"<!-- This site is optimized with the Yoast SEO plugin v27.5 - https:\/\/yoast.com\/product\/yoast-seo-wordpress\/ -->\n<title>Buen Dia - No al temor paralizante<\/title>\n<meta name=\"description\" content=\"Buen Dia - No al temor paralizante - El vers\u00edculo del d\u00eda\" \/>\n<meta name=\"robots\" content=\"index, follow, max-snippet:-1, max-image-preview:large, max-video-preview:-1\" \/>\n<link rel=\"canonical\" href=\"https:\/\/elversiculodeldia.com\/blog\/buen-dia-no-al-temor-paralizante\/\" \/>\n<meta property=\"og:locale\" content=\"en_US\" \/>\n<meta property=\"og:type\" content=\"article\" \/>\n<meta property=\"og:title\" content=\"Buen Dia - No al temor paralizante\" \/>\n<meta property=\"og:description\" content=\"Buen Dia - No al temor paralizante - El vers\u00edculo del d\u00eda\" \/>\n<meta property=\"og:url\" content=\"https:\/\/elversiculodeldia.com\/blog\/buen-dia-no-al-temor-paralizante\/\" \/>\n<meta property=\"og:site_name\" content=\"El vers\u00edculo del d\u00eda\" \/>\n<meta property=\"article:publisher\" content=\"https:\/\/www.facebook.com\/elversiculodeldia\" \/>\n<meta property=\"article:author\" content=\"https:\/\/www.facebook.com\/pastorjuanquintero\/\" \/>\n<meta property=\"article:published_time\" content=\"2016-09-08T03:16:41+00:00\" \/>\n<meta property=\"article:modified_time\" content=\"2016-09-09T20:28:54+00:00\" \/>\n<meta property=\"og:image\" content=\"https:\/\/elversiculodeldia.com\/blog\/wp-content\/uploads\/2016\/09\/NO-AL-TEMOR.png\" \/>\n\t<meta property=\"og:image:width\" content=\"759\" \/>\n\t<meta property=\"og:image:height\" content=\"375\" \/>\n\t<meta property=\"og:image:type\" content=\"image\/png\" \/>\n<meta name=\"author\" content=\"Juan Quintero\" \/>\n<meta name=\"twitter:card\" content=\"summary_large_image\" \/>\n<meta name=\"twitter:creator\" content=\"@elversiculo\" \/>\n<meta name=\"twitter:site\" content=\"@elversiculo\" \/>\n<meta name=\"twitter:label1\" content=\"Written by\" \/>\n\t<meta name=\"twitter:data1\" content=\"Juan Quintero\" \/>\n\t<meta name=\"twitter:label2\" content=\"Est. reading time\" \/>\n\t<meta name=\"twitter:data2\" content=\"2 minutes\" \/>\n<script type=\"application\/ld+json\" class=\"yoast-schema-graph\">{\"@context\":\"https:\\\/\\\/schema.org\",\"@graph\":[{\"@type\":\"Article\",\"@id\":\"https:\\\/\\\/elversiculodeldia.com\\\/blog\\\/buen-dia-no-al-temor-paralizante\\\/#article\",\"isPartOf\":{\"@id\":\"https:\\\/\\\/elversiculodeldia.com\\\/blog\\\/buen-dia-no-al-temor-paralizante\\\/\"},\"author\":{\"name\":\"Juan Quintero\",\"@id\":\"https:\\\/\\\/elversiculodeldia.com\\\/blog\\\/#\\\/schema\\\/person\\\/bead3290281db357e2b7d33ebdc876d2\"},\"headline\":\"Buen Dia &#8211; No al temor paralizante\",\"datePublished\":\"2016-09-08T03:16:41+00:00\",\"dateModified\":\"2016-09-09T20:28:54+00:00\",\"mainEntityOfPage\":{\"@id\":\"https:\\\/\\\/elversiculodeldia.com\\\/blog\\\/buen-dia-no-al-temor-paralizante\\\/\"},\"wordCount\":492,\"commentCount\":0,\"publisher\":{\"@id\":\"https:\\\/\\\/elversiculodeldia.com\\\/blog\\\/#organization\"},\"image\":{\"@id\":\"https:\\\/\\\/elversiculodeldia.com\\\/blog\\\/buen-dia-no-al-temor-paralizante\\\/#primaryimage\"},\"thumbnailUrl\":\"https:\\\/\\\/elversiculodeldia.com\\\/blog\\\/wp-content\\\/uploads\\\/2016\\\/09\\\/NO-AL-TEMOR.png\",\"keywords\":[\"Angustia\",\"articulo\",\"biblia\",\"Devocional\",\"Dios\",\"DUDAS\",\"Espiritu Santo\",\"Fortaleza\",\"iglesia\",\"Jesus\",\"JUAN C QUINTERO\",\"Pastor\",\"Temor\",\"vida\"],\"articleSection\":{\"0\":\"Devocionales\",\"1\":\"Mensajes\",\"2\":\"Reflexiones\",\"4\":\"Varios\"},\"inLanguage\":\"en-US\",\"potentialAction\":[{\"@type\":\"CommentAction\",\"name\":\"Comment\",\"target\":[\"https:\\\/\\\/elversiculodeldia.com\\\/blog\\\/buen-dia-no-al-temor-paralizante\\\/#respond\"]}]},{\"@type\":\"WebPage\",\"@id\":\"https:\\\/\\\/elversiculodeldia.com\\\/blog\\\/buen-dia-no-al-temor-paralizante\\\/\",\"url\":\"https:\\\/\\\/elversiculodeldia.com\\\/blog\\\/buen-dia-no-al-temor-paralizante\\\/\",\"name\":\"Buen Dia - No al temor paralizante\",\"isPartOf\":{\"@id\":\"https:\\\/\\\/elversiculodeldia.com\\\/blog\\\/#website\"},\"primaryImageOfPage\":{\"@id\":\"https:\\\/\\\/elversiculodeldia.com\\\/blog\\\/buen-dia-no-al-temor-paralizante\\\/#primaryimage\"},\"image\":{\"@id\":\"https:\\\/\\\/elversiculodeldia.com\\\/blog\\\/buen-dia-no-al-temor-paralizante\\\/#primaryimage\"},\"thumbnailUrl\":\"https:\\\/\\\/elversiculodeldia.com\\\/blog\\\/wp-content\\\/uploads\\\/2016\\\/09\\\/NO-AL-TEMOR.png\",\"datePublished\":\"2016-09-08T03:16:41+00:00\",\"dateModified\":\"2016-09-09T20:28:54+00:00\",\"description\":\"Buen Dia - No al temor paralizante - El vers\u00edculo del d\u00eda\",\"inLanguage\":\"en-US\",\"potentialAction\":[{\"@type\":\"ReadAction\",\"target\":[\"https:\\\/\\\/elversiculodeldia.com\\\/blog\\\/buen-dia-no-al-temor-paralizante\\\/\"]}]},{\"@type\":\"ImageObject\",\"inLanguage\":\"en-US\",\"@id\":\"https:\\\/\\\/elversiculodeldia.com\\\/blog\\\/buen-dia-no-al-temor-paralizante\\\/#primaryimage\",\"url\":\"https:\\\/\\\/elversiculodeldia.com\\\/blog\\\/wp-content\\\/uploads\\\/2016\\\/09\\\/NO-AL-TEMOR.png\",\"contentUrl\":\"https:\\\/\\\/elversiculodeldia.com\\\/blog\\\/wp-content\\\/uploads\\\/2016\\\/09\\\/NO-AL-TEMOR.png\",\"width\":759,\"height\":375},{\"@type\":\"WebSite\",\"@id\":\"https:\\\/\\\/elversiculodeldia.com\\\/blog\\\/#website\",\"url\":\"https:\\\/\\\/elversiculodeldia.com\\\/blog\\\/\",\"name\":\"El Vers\u00edculo del D\u00eda\",\"description\":\"Llevando un vers\u00edculo de salvaci\u00f3n a cada coraz\u00f3n!\",\"publisher\":{\"@id\":\"https:\\\/\\\/elversiculodeldia.com\\\/blog\\\/#organization\"},\"potentialAction\":[{\"@type\":\"SearchAction\",\"target\":{\"@type\":\"EntryPoint\",\"urlTemplate\":\"https:\\\/\\\/elversiculodeldia.com\\\/blog\\\/?s={search_term_string}\"},\"query-input\":{\"@type\":\"PropertyValueSpecification\",\"valueRequired\":true,\"valueName\":\"search_term_string\"}}],\"inLanguage\":\"en-US\"},{\"@type\":\"Organization\",\"@id\":\"https:\\\/\\\/elversiculodeldia.com\\\/blog\\\/#organization\",\"name\":\"El Versiculo del Dia\",\"url\":\"https:\\\/\\\/elversiculodeldia.com\\\/blog\\\/\",\"logo\":{\"@type\":\"ImageObject\",\"inLanguage\":\"en-US\",\"@id\":\"https:\\\/\\\/elversiculodeldia.com\\\/blog\\\/#\\\/schema\\\/logo\\\/image\\\/\",\"url\":\"https:\\\/\\\/elversiculodeldia.com\\\/blog\\\/wp-content\\\/uploads\\\/2017\\\/04\\\/logoOficialEVD.png\",\"contentUrl\":\"https:\\\/\\\/elversiculodeldia.com\\\/blog\\\/wp-content\\\/uploads\\\/2017\\\/04\\\/logoOficialEVD.png\",\"width\":400,\"height\":100,\"caption\":\"El Versiculo del Dia\"},\"image\":{\"@id\":\"https:\\\/\\\/elversiculodeldia.com\\\/blog\\\/#\\\/schema\\\/logo\\\/image\\\/\"},\"sameAs\":[\"https:\\\/\\\/www.facebook.com\\\/elversiculodeldia\",\"https:\\\/\\\/x.com\\\/elversiculo\",\"https:\\\/\\\/www.instagram.com\\\/elversiculo\",\"https:\\\/\\\/www.youtube.com\\\/user\\\/elversiculodeldia\",\"https:\\\/\\\/chat.whatsapp.com\\\/HreYiXZFT8e0tZUmqriKfb\"]},{\"@type\":\"Person\",\"@id\":\"https:\\\/\\\/elversiculodeldia.com\\\/blog\\\/#\\\/schema\\\/person\\\/bead3290281db357e2b7d33ebdc876d2\",\"name\":\"Juan Quintero\",\"image\":{\"@type\":\"ImageObject\",\"inLanguage\":\"en-US\",\"@id\":\"https:\\\/\\\/elversiculodeldia.com\\\/blog\\\/wp-content\\\/uploads\\\/2021\\\/02\\\/JCQ-BIBLIA.png\",\"url\":\"https:\\\/\\\/elversiculodeldia.com\\\/blog\\\/wp-content\\\/uploads\\\/2021\\\/02\\\/JCQ-BIBLIA.png\",\"contentUrl\":\"https:\\\/\\\/elversiculodeldia.com\\\/blog\\\/wp-content\\\/uploads\\\/2021\\\/02\\\/JCQ-BIBLIA.png\",\"caption\":\"Juan Quintero\"},\"description\":\"Me llamo Juan C Quintero, soy pastor y coach en Coral Springs, Florida, en este lugar compartir\u00e9 mucho contenido gratuito de fe, de exhortaci\u00f3n y motivacional, para brindar crecimiento espiritual y personal. Encontraras videos con informaci\u00f3n relevante, interesante, actual, as\u00ed como tambi\u00e9n predicaciones cristianas, para toda la familia. Tengo la misi\u00f3n de empoderar tu vida, para que alcances todo el potencial que Dios a determinado para ti. Creo que somos seres integrales en alma, cuerpo y esp\u00edritu y que, con la ayuda de Jes\u00fas, con el poder del Esp\u00edritu Santo y con el amor de Dios el Padre llegaras a alcanzar niveles insospechados en tu vida. Todos los mensajes, art\u00edculos, videos y comentarios est\u00e1n enfocados en lograr cuatro cosas: - Que seas edificado a la manera de Jes\u00fas - Que tu familia sea cuidada - Que cumplas tu prop\u00f3sito en esta vida - Que crezcamos y nos multipliquemos como personas, entidades, organismos y como comunidad de fe Gracias por ver estos estudios y mensajes de fe y esperanza. Sinceramente Juan C Quintero Senior Pastor Vida Worship Center 10303 Royal Palm Blvd, Coral Springs, Fl 33065 email: pastor@vidawc.com Web: www.VidaWC.com\",\"sameAs\":[\"http:\\\/\\\/www.buendiatodoslosdias.com\",\"https:\\\/\\\/www.facebook.com\\\/pastorjuanquintero\\\/\",\"https:\\\/\\\/www.instagram.com\\\/vidawc\\\/\",\"https:\\\/\\\/www.youtube.com\\\/playlist?list=PLqlmwAuBIF8qNKALCu9VGBtAmN7t3Enz0\"],\"url\":\"https:\\\/\\\/elversiculodeldia.com\\\/blog\\\/author\\\/jcqpastor\\\/\"}]}<\/script>\n<!-- \/ Yoast SEO plugin. -->","yoast_head_json":{"title":"Buen Dia - No al temor paralizante","description":"Buen Dia - No al temor paralizante - El vers\u00edculo del d\u00eda","robots":{"index":"index","follow":"follow","max-snippet":"max-snippet:-1","max-image-preview":"max-image-preview:large","max-video-preview":"max-video-preview:-1"},"canonical":"https:\/\/elversiculodeldia.com\/blog\/buen-dia-no-al-temor-paralizante\/","og_locale":"en_US","og_type":"article","og_title":"Buen Dia - No al temor paralizante","og_description":"Buen Dia - No al temor paralizante - El vers\u00edculo del d\u00eda","og_url":"https:\/\/elversiculodeldia.com\/blog\/buen-dia-no-al-temor-paralizante\/","og_site_name":"El vers\u00edculo del d\u00eda","article_publisher":"https:\/\/www.facebook.com\/elversiculodeldia","article_author":"https:\/\/www.facebook.com\/pastorjuanquintero\/","article_published_time":"2016-09-08T03:16:41+00:00","article_modified_time":"2016-09-09T20:28:54+00:00","og_image":[{"width":759,"height":375,"url":"https:\/\/elversiculodeldia.com\/blog\/wp-content\/uploads\/2016\/09\/NO-AL-TEMOR.png","type":"image\/png"}],"author":"Juan Quintero","twitter_card":"summary_large_image","twitter_creator":"@elversiculo","twitter_site":"@elversiculo","twitter_misc":{"Written by":"Juan Quintero","Est. reading time":"2 minutes"},"schema":{"@context":"https:\/\/schema.org","@graph":[{"@type":"Article","@id":"https:\/\/elversiculodeldia.com\/blog\/buen-dia-no-al-temor-paralizante\/#article","isPartOf":{"@id":"https:\/\/elversiculodeldia.com\/blog\/buen-dia-no-al-temor-paralizante\/"},"author":{"name":"Juan Quintero","@id":"https:\/\/elversiculodeldia.com\/blog\/#\/schema\/person\/bead3290281db357e2b7d33ebdc876d2"},"headline":"Buen Dia &#8211; No al temor paralizante","datePublished":"2016-09-08T03:16:41+00:00","dateModified":"2016-09-09T20:28:54+00:00","mainEntityOfPage":{"@id":"https:\/\/elversiculodeldia.com\/blog\/buen-dia-no-al-temor-paralizante\/"},"wordCount":492,"commentCount":0,"publisher":{"@id":"https:\/\/elversiculodeldia.com\/blog\/#organization"},"image":{"@id":"https:\/\/elversiculodeldia.com\/blog\/buen-dia-no-al-temor-paralizante\/#primaryimage"},"thumbnailUrl":"https:\/\/elversiculodeldia.com\/blog\/wp-content\/uploads\/2016\/09\/NO-AL-TEMOR.png","keywords":["Angustia","articulo","biblia","Devocional","Dios","DUDAS","Espiritu Santo","Fortaleza","iglesia","Jesus","JUAN C QUINTERO","Pastor","Temor","vida"],"articleSection":{"0":"Devocionales","1":"Mensajes","2":"Reflexiones","4":"Varios"},"inLanguage":"en-US","potentialAction":[{"@type":"CommentAction","name":"Comment","target":["https:\/\/elversiculodeldia.com\/blog\/buen-dia-no-al-temor-paralizante\/#respond"]}]},{"@type":"WebPage","@id":"https:\/\/elversiculodeldia.com\/blog\/buen-dia-no-al-temor-paralizante\/","url":"https:\/\/elversiculodeldia.com\/blog\/buen-dia-no-al-temor-paralizante\/","name":"Buen Dia - No al temor paralizante","isPartOf":{"@id":"https:\/\/elversiculodeldia.com\/blog\/#website"},"primaryImageOfPage":{"@id":"https:\/\/elversiculodeldia.com\/blog\/buen-dia-no-al-temor-paralizante\/#primaryimage"},"image":{"@id":"https:\/\/elversiculodeldia.com\/blog\/buen-dia-no-al-temor-paralizante\/#primaryimage"},"thumbnailUrl":"https:\/\/elversiculodeldia.com\/blog\/wp-content\/uploads\/2016\/09\/NO-AL-TEMOR.png","datePublished":"2016-09-08T03:16:41+00:00","dateModified":"2016-09-09T20:28:54+00:00","description":"Buen Dia - No al temor paralizante - El vers\u00edculo del d\u00eda","inLanguage":"en-US","potentialAction":[{"@type":"ReadAction","target":["https:\/\/elversiculodeldia.com\/blog\/buen-dia-no-al-temor-paralizante\/"]}]},{"@type":"ImageObject","inLanguage":"en-US","@id":"https:\/\/elversiculodeldia.com\/blog\/buen-dia-no-al-temor-paralizante\/#primaryimage","url":"https:\/\/elversiculodeldia.com\/blog\/wp-content\/uploads\/2016\/09\/NO-AL-TEMOR.png","contentUrl":"https:\/\/elversiculodeldia.com\/blog\/wp-content\/uploads\/2016\/09\/NO-AL-TEMOR.png","width":759,"height":375},{"@type":"WebSite","@id":"https:\/\/elversiculodeldia.com\/blog\/#website","url":"https:\/\/elversiculodeldia.com\/blog\/","name":"El Vers\u00edculo del D\u00eda","description":"Llevando un vers\u00edculo de salvaci\u00f3n a cada coraz\u00f3n!","publisher":{"@id":"https:\/\/elversiculodeldia.com\/blog\/#organization"},"potentialAction":[{"@type":"SearchAction","target":{"@type":"EntryPoint","urlTemplate":"https:\/\/elversiculodeldia.com\/blog\/?s={search_term_string}"},"query-input":{"@type":"PropertyValueSpecification","valueRequired":true,"valueName":"search_term_string"}}],"inLanguage":"en-US"},{"@type":"Organization","@id":"https:\/\/elversiculodeldia.com\/blog\/#organization","name":"El Versiculo del Dia","url":"https:\/\/elversiculodeldia.com\/blog\/","logo":{"@type":"ImageObject","inLanguage":"en-US","@id":"https:\/\/elversiculodeldia.com\/blog\/#\/schema\/logo\/image\/","url":"https:\/\/elversiculodeldia.com\/blog\/wp-content\/uploads\/2017\/04\/logoOficialEVD.png","contentUrl":"https:\/\/elversiculodeldia.com\/blog\/wp-content\/uploads\/2017\/04\/logoOficialEVD.png","width":400,"height":100,"caption":"El Versiculo del Dia"},"image":{"@id":"https:\/\/elversiculodeldia.com\/blog\/#\/schema\/logo\/image\/"},"sameAs":["https:\/\/www.facebook.com\/elversiculodeldia","https:\/\/x.com\/elversiculo","https:\/\/www.instagram.com\/elversiculo","https:\/\/www.youtube.com\/user\/elversiculodeldia","https:\/\/chat.whatsapp.com\/HreYiXZFT8e0tZUmqriKfb"]},{"@type":"Person","@id":"https:\/\/elversiculodeldia.com\/blog\/#\/schema\/person\/bead3290281db357e2b7d33ebdc876d2","name":"Juan Quintero","image":{"@type":"ImageObject","inLanguage":"en-US","@id":"https:\/\/elversiculodeldia.com\/blog\/wp-content\/uploads\/2021\/02\/JCQ-BIBLIA.png","url":"https:\/\/elversiculodeldia.com\/blog\/wp-content\/uploads\/2021\/02\/JCQ-BIBLIA.png","contentUrl":"https:\/\/elversiculodeldia.com\/blog\/wp-content\/uploads\/2021\/02\/JCQ-BIBLIA.png","caption":"Juan Quintero"},"description":"Me llamo Juan C Quintero, soy pastor y coach en Coral Springs, Florida, en este lugar compartir\u00e9 mucho contenido gratuito de fe, de exhortaci\u00f3n y motivacional, para brindar crecimiento espiritual y personal. Encontraras videos con informaci\u00f3n relevante, interesante, actual, as\u00ed como tambi\u00e9n predicaciones cristianas, para toda la familia. Tengo la misi\u00f3n de empoderar tu vida, para que alcances todo el potencial que Dios a determinado para ti. Creo que somos seres integrales en alma, cuerpo y esp\u00edritu y que, con la ayuda de Jes\u00fas, con el poder del Esp\u00edritu Santo y con el amor de Dios el Padre llegaras a alcanzar niveles insospechados en tu vida. Todos los mensajes, art\u00edculos, videos y comentarios est\u00e1n enfocados en lograr cuatro cosas: - Que seas edificado a la manera de Jes\u00fas - Que tu familia sea cuidada - Que cumplas tu prop\u00f3sito en esta vida - Que crezcamos y nos multipliquemos como personas, entidades, organismos y como comunidad de fe Gracias por ver estos estudios y mensajes de fe y esperanza. Sinceramente Juan C Quintero Senior Pastor Vida Worship Center 10303 Royal Palm Blvd, Coral Springs, Fl 33065 email: pastor@vidawc.com Web: www.VidaWC.com","sameAs":["http:\/\/www.buendiatodoslosdias.com","https:\/\/www.facebook.com\/pastorjuanquintero\/","https:\/\/www.instagram.com\/vidawc\/","https:\/\/www.youtube.com\/playlist?list=PLqlmwAuBIF8qNKALCu9VGBtAmN7t3Enz0"],"url":"https:\/\/elversiculodeldia.com\/blog\/author\/jcqpastor\/"}]}},"amp_enabled":true,"_links":{"self":[{"href":"https:\/\/elversiculodeldia.com\/blog\/wp-json\/wp\/v2\/posts\/35878","targetHints":{"allow":["GET"]}}],"collection":[{"href":"https:\/\/elversiculodeldia.com\/blog\/wp-json\/wp\/v2\/posts"}],"about":[{"href":"https:\/\/elversiculodeldia.com\/blog\/wp-json\/wp\/v2\/types\/post"}],"author":[{"embeddable":true,"href":"https:\/\/elversiculodeldia.com\/blog\/wp-json\/wp\/v2\/users\/30"}],"replies":[{"embeddable":true,"href":"https:\/\/elversiculodeldia.com\/blog\/wp-json\/wp\/v2\/comments?post=35878"}],"version-history":[{"count":0,"href":"https:\/\/elversiculodeldia.com\/blog\/wp-json\/wp\/v2\/posts\/35878\/revisions"}],"wp:featuredmedia":[{"embeddable":true,"href":"https:\/\/elversiculodeldia.com\/blog\/wp-json\/wp\/v2\/media\/35881"}],"wp:attachment":[{"href":"https:\/\/elversiculodeldia.com\/blog\/wp-json\/wp\/v2\/media?parent=35878"}],"wp:term":[{"taxonomy":"category","embeddable":true,"href":"https:\/\/elversiculodeldia.com\/blog\/wp-json\/wp\/v2\/categories?post=35878"},{"taxonomy":"post_tag","embeddable":true,"href":"https:\/\/elversiculodeldia.com\/blog\/wp-json\/wp\/v2\/tags?post=35878"}],"curies":[{"name":"wp","href":"https:\/\/api.w.org\/{rel}","templated":true}]}}