{"id":34401,"date":"2016-07-27T23:40:46","date_gmt":"2016-07-28T03:40:46","guid":{"rendered":"http:\/\/www.elversiculodeldia.com\/?p=34401"},"modified":"2016-07-28T00:31:35","modified_gmt":"2016-07-28T04:31:35","slug":"mirame-reflexiones-cristianas","status":"publish","type":"post","link":"https:\/\/elversiculodeldia.com\/blog\/mirame-reflexiones-cristianas\/","title":{"rendered":"\u00a1M\u00edrame! &#8211; Reflexiones Cristianas"},"content":{"rendered":"<p dir=\"ltr\">Mi socorro viene del Se\u00f1or, que hizo los cielos y la tierra.<br \/> <b>Salmo 121:2<\/b><\/p>\n<p dir=\"ltr\">Los que miraron a \u00e9l fueron alumbrados.<br \/> <b>Salmo 34:5<\/b><\/p>\n<p dir=\"ltr\">Esta ma\u00f1ana mi hijo se port\u00f3 mal, y lo llam\u00e9 para arreglar el problema entre \u00e9l y yo. Se acerc\u00f3 cabizbajo. \u2013Jer\u00f3nimo, \u00a1m\u00edrame, por favor!, le dije. El ni\u00f1o levant\u00f3 la cabeza, y nuestras miradas se cruzaron. As\u00ed establec\u00ed un contacto personal con \u00e9l. Jer\u00f3nimo supo que estaba frente a su pap\u00e1. Pudo leer en mi mirada que lo amo y que me preocupo por \u00e9l porque es mi hijo. Tambi\u00e9n comprendi\u00f3 que lo \u00fanico que yo deseaba era perdonarlo, si \u00e9l reconoc\u00eda sus errores. Y gracias a este contacto directo las cosas se arreglaron tranquilamente.<\/p>\n<p dir=\"ltr\">Al llegar la noche, Jer\u00f3nimo ten\u00eda un problema con un juguete. Muy alterado entr\u00f3 en mi oficina con el juguete en la mano. Le daba vueltas y vueltas y trataba de arreglarlo solo. Yo estaba ah\u00ed, esperando&#8230; Despu\u00e9s de un rato lo anim\u00e9, dici\u00e9ndole: \u2013Jer\u00f3nimo, m\u00edrame y expl\u00edcame. El ni\u00f1o levant\u00f3 la cabeza y descubri\u00f3 al fin que su pap\u00e1 estaba verdaderamente ah\u00ed. \u00a1Ah\u00ed estaba el que pod\u00eda ayudarle! Entonces me explic\u00f3 cu\u00e1l era el problema y r\u00e1pidamente le arregl\u00e9 el juguete.<\/p>\n<p dir=\"ltr\">Cristianos, cuando oramos, es esencial volver nuestra mirada hacia Dios. Nunca olvidemos que nos dirigimos a un Padre que nos ama. \u00c9l est\u00e1 dispuesto a perdonarnos, si le confesamos nuestros pecados. \u00c9l est\u00e1 listo para respondernos, si le presentamos nuestras necesidades. \u00a1Y nuestras dificultades nunca son demasiado grandes para \u00e9l!<\/p>\n<p dir=\"ltr\">No oremos, pues, con los ojos puestos en nosotros mismos; no nos dejemos dominar por nuestras dificultades. Levantemos los ojos hacia nuestro Dios, habl\u00e9mosle realmente, y nuestras oraciones ser\u00e1n transformadas.<\/p>\n<p dir=\"ltr\">N\u00fameros 16:20-50 &#8211; 3 Juan &#8211; Salmo 79:1-7 &#8211; Proverbios 18:22<br \/> \u00a9 Editorial La Buena Semilla<\/p>\n<p>   <a href=\"http:\/\/www.elversiculodeldia.com\/?attachment_id=34402\"><img decoding=\"async\" src=\"http:\/\/www.elversiculodeldia.com\/wp-content\/uploads\/2016\/07\/BzdiHqaIUAA-j_5.jpg\" alt=\"\" width=\"600px\" height=\"574px\" class=\"alignnone size-medium wp-image-34402\" \/><\/a><\/p>\n","protected":false},"excerpt":{"rendered":"<p>Mi socorro viene del Se\u00f1or, que hizo los cielos y la tierra. Salmo 121:2 Los que miraron a \u00e9l fueron alumbrados. Salmo 34:5 Esta ma\u00f1ana mi hijo se port\u00f3 mal, y lo llam\u00e9 para arreglar el problema entre \u00e9l y yo. Se acerc\u00f3 cabizbajo. \u2013Jer\u00f3nimo, \u00a1m\u00edrame, por favor!, le dije. El ni\u00f1o levant\u00f3 la cabeza, [&hellip;]<\/p>\n","protected":false},"author":179,"featured_media":34402,"comment_status":"open","ping_status":"open","sticky":false,"template":"","format":"standard","meta":{"tdm_status":"","tdm_grid_status":"","footnotes":""},"categories":[5],"tags":[525,8,1386,143,13],"class_list":{"0":"post-34401","1":"post","2":"type-post","3":"status-publish","4":"format-standard","5":"has-post-thumbnail","7":"category-reflexiones","8":"tag-cristianos","9":"tag-dios","10":"tag-errores","11":"tag-hijo","12":"tag-padre"},"yoast_head":"<!-- This site is optimized with the Yoast SEO plugin v27.5 - https:\/\/yoast.com\/product\/yoast-seo-wordpress\/ -->\n<title>\u00a1M\u00edrame! - Reflexiones Cristianas<\/title>\n<meta name=\"description\" content=\"\u00a1M\u00edrame! - Reflexiones Cristianas - El vers\u00edculo del d\u00eda\" \/>\n<meta name=\"robots\" content=\"index, follow, max-snippet:-1, max-image-preview:large, max-video-preview:-1\" \/>\n<link rel=\"canonical\" href=\"https:\/\/elversiculodeldia.com\/blog\/mirame-reflexiones-cristianas\/\" \/>\n<meta property=\"og:locale\" content=\"en_US\" \/>\n<meta property=\"og:type\" content=\"article\" \/>\n<meta property=\"og:title\" content=\"\u00a1M\u00edrame! - Reflexiones Cristianas\" \/>\n<meta property=\"og:description\" content=\"\u00a1M\u00edrame! - Reflexiones Cristianas - El vers\u00edculo del d\u00eda\" \/>\n<meta property=\"og:url\" content=\"https:\/\/elversiculodeldia.com\/blog\/mirame-reflexiones-cristianas\/\" \/>\n<meta property=\"og:site_name\" content=\"El vers\u00edculo del d\u00eda\" \/>\n<meta property=\"article:publisher\" content=\"https:\/\/www.facebook.com\/elversiculodeldia\" \/>\n<meta property=\"article:published_time\" content=\"2016-07-28T03:40:46+00:00\" \/>\n<meta property=\"article:modified_time\" content=\"2016-07-28T04:31:35+00:00\" \/>\n<meta property=\"og:image\" content=\"https:\/\/elversiculodeldia.com\/blog\/wp-content\/uploads\/2016\/07\/BzdiHqaIUAA-j_5.jpg\" \/>\n\t<meta property=\"og:image:width\" content=\"600\" \/>\n\t<meta property=\"og:image:height\" content=\"574\" \/>\n\t<meta property=\"og:image:type\" content=\"image\/jpeg\" \/>\n<meta name=\"author\" content=\"Publicador\" \/>\n<meta name=\"twitter:card\" content=\"summary_large_image\" \/>\n<meta name=\"twitter:creator\" content=\"@elversiculo\" \/>\n<meta name=\"twitter:site\" content=\"@elversiculo\" \/>\n<meta name=\"twitter:label1\" content=\"Written by\" \/>\n\t<meta name=\"twitter:data1\" content=\"Publicador\" \/>\n\t<meta name=\"twitter:label2\" content=\"Est. reading time\" \/>\n\t<meta name=\"twitter:data2\" content=\"2 minutes\" \/>\n<script type=\"application\/ld+json\" class=\"yoast-schema-graph\">{\"@context\":\"https:\\\/\\\/schema.org\",\"@graph\":[{\"@type\":\"Article\",\"@id\":\"https:\\\/\\\/elversiculodeldia.com\\\/blog\\\/mirame-reflexiones-cristianas\\\/#article\",\"isPartOf\":{\"@id\":\"https:\\\/\\\/elversiculodeldia.com\\\/blog\\\/mirame-reflexiones-cristianas\\\/\"},\"author\":{\"name\":\"Publicador\",\"@id\":\"https:\\\/\\\/elversiculodeldia.com\\\/blog\\\/#\\\/schema\\\/person\\\/28207690384384b0c36020e7c000f640\"},\"headline\":\"\u00a1M\u00edrame! &#8211; Reflexiones Cristianas\",\"datePublished\":\"2016-07-28T03:40:46+00:00\",\"dateModified\":\"2016-07-28T04:31:35+00:00\",\"mainEntityOfPage\":{\"@id\":\"https:\\\/\\\/elversiculodeldia.com\\\/blog\\\/mirame-reflexiones-cristianas\\\/\"},\"wordCount\":319,\"commentCount\":0,\"publisher\":{\"@id\":\"https:\\\/\\\/elversiculodeldia.com\\\/blog\\\/#organization\"},\"image\":{\"@id\":\"https:\\\/\\\/elversiculodeldia.com\\\/blog\\\/mirame-reflexiones-cristianas\\\/#primaryimage\"},\"thumbnailUrl\":\"https:\\\/\\\/elversiculodeldia.com\\\/blog\\\/wp-content\\\/uploads\\\/2016\\\/07\\\/BzdiHqaIUAA-j_5.jpg\",\"keywords\":[\"Cristianos\",\"Dios\",\"errores\",\"hijo\",\"Padre\"],\"articleSection\":[\"Reflexiones\"],\"inLanguage\":\"en-US\",\"potentialAction\":[{\"@type\":\"CommentAction\",\"name\":\"Comment\",\"target\":[\"https:\\\/\\\/elversiculodeldia.com\\\/blog\\\/mirame-reflexiones-cristianas\\\/#respond\"]}]},{\"@type\":\"WebPage\",\"@id\":\"https:\\\/\\\/elversiculodeldia.com\\\/blog\\\/mirame-reflexiones-cristianas\\\/\",\"url\":\"https:\\\/\\\/elversiculodeldia.com\\\/blog\\\/mirame-reflexiones-cristianas\\\/\",\"name\":\"\u00a1M\u00edrame! - Reflexiones Cristianas\",\"isPartOf\":{\"@id\":\"https:\\\/\\\/elversiculodeldia.com\\\/blog\\\/#website\"},\"primaryImageOfPage\":{\"@id\":\"https:\\\/\\\/elversiculodeldia.com\\\/blog\\\/mirame-reflexiones-cristianas\\\/#primaryimage\"},\"image\":{\"@id\":\"https:\\\/\\\/elversiculodeldia.com\\\/blog\\\/mirame-reflexiones-cristianas\\\/#primaryimage\"},\"thumbnailUrl\":\"https:\\\/\\\/elversiculodeldia.com\\\/blog\\\/wp-content\\\/uploads\\\/2016\\\/07\\\/BzdiHqaIUAA-j_5.jpg\",\"datePublished\":\"2016-07-28T03:40:46+00:00\",\"dateModified\":\"2016-07-28T04:31:35+00:00\",\"description\":\"\u00a1M\u00edrame! - Reflexiones Cristianas - El vers\u00edculo del d\u00eda\",\"inLanguage\":\"en-US\",\"potentialAction\":[{\"@type\":\"ReadAction\",\"target\":[\"https:\\\/\\\/elversiculodeldia.com\\\/blog\\\/mirame-reflexiones-cristianas\\\/\"]}]},{\"@type\":\"ImageObject\",\"inLanguage\":\"en-US\",\"@id\":\"https:\\\/\\\/elversiculodeldia.com\\\/blog\\\/mirame-reflexiones-cristianas\\\/#primaryimage\",\"url\":\"https:\\\/\\\/elversiculodeldia.com\\\/blog\\\/wp-content\\\/uploads\\\/2016\\\/07\\\/BzdiHqaIUAA-j_5.jpg\",\"contentUrl\":\"https:\\\/\\\/elversiculodeldia.com\\\/blog\\\/wp-content\\\/uploads\\\/2016\\\/07\\\/BzdiHqaIUAA-j_5.jpg\",\"width\":600,\"height\":574},{\"@type\":\"WebSite\",\"@id\":\"https:\\\/\\\/elversiculodeldia.com\\\/blog\\\/#website\",\"url\":\"https:\\\/\\\/elversiculodeldia.com\\\/blog\\\/\",\"name\":\"El Vers\u00edculo del D\u00eda\",\"description\":\"Llevando un vers\u00edculo de salvaci\u00f3n a cada coraz\u00f3n!\",\"publisher\":{\"@id\":\"https:\\\/\\\/elversiculodeldia.com\\\/blog\\\/#organization\"},\"potentialAction\":[{\"@type\":\"SearchAction\",\"target\":{\"@type\":\"EntryPoint\",\"urlTemplate\":\"https:\\\/\\\/elversiculodeldia.com\\\/blog\\\/?s={search_term_string}\"},\"query-input\":{\"@type\":\"PropertyValueSpecification\",\"valueRequired\":true,\"valueName\":\"search_term_string\"}}],\"inLanguage\":\"en-US\"},{\"@type\":\"Organization\",\"@id\":\"https:\\\/\\\/elversiculodeldia.com\\\/blog\\\/#organization\",\"name\":\"El Versiculo del Dia\",\"url\":\"https:\\\/\\\/elversiculodeldia.com\\\/blog\\\/\",\"logo\":{\"@type\":\"ImageObject\",\"inLanguage\":\"en-US\",\"@id\":\"https:\\\/\\\/elversiculodeldia.com\\\/blog\\\/#\\\/schema\\\/logo\\\/image\\\/\",\"url\":\"https:\\\/\\\/elversiculodeldia.com\\\/blog\\\/wp-content\\\/uploads\\\/2017\\\/04\\\/logoOficialEVD.png\",\"contentUrl\":\"https:\\\/\\\/elversiculodeldia.com\\\/blog\\\/wp-content\\\/uploads\\\/2017\\\/04\\\/logoOficialEVD.png\",\"width\":400,\"height\":100,\"caption\":\"El Versiculo del Dia\"},\"image\":{\"@id\":\"https:\\\/\\\/elversiculodeldia.com\\\/blog\\\/#\\\/schema\\\/logo\\\/image\\\/\"},\"sameAs\":[\"https:\\\/\\\/www.facebook.com\\\/elversiculodeldia\",\"https:\\\/\\\/x.com\\\/elversiculo\",\"https:\\\/\\\/www.instagram.com\\\/elversiculo\",\"https:\\\/\\\/www.youtube.com\\\/user\\\/elversiculodeldia\",\"https:\\\/\\\/chat.whatsapp.com\\\/HreYiXZFT8e0tZUmqriKfb\"]},{\"@type\":\"Person\",\"@id\":\"https:\\\/\\\/elversiculodeldia.com\\\/blog\\\/#\\\/schema\\\/person\\\/28207690384384b0c36020e7c000f640\",\"name\":\"Publicador\",\"image\":{\"@type\":\"ImageObject\",\"inLanguage\":\"en-US\",\"@id\":\"https:\\\/\\\/elversiculodeldia.com\\\/blog\\\/wp-content\\\/uploads\\\/2020\\\/01\\\/userbss.png\",\"url\":\"https:\\\/\\\/elversiculodeldia.com\\\/blog\\\/wp-content\\\/uploads\\\/2020\\\/01\\\/userbss.png\",\"contentUrl\":\"https:\\\/\\\/elversiculodeldia.com\\\/blog\\\/wp-content\\\/uploads\\\/2020\\\/01\\\/userbss.png\",\"caption\":\"Publicador\"},\"description\":\"Salvo por gracia \u2764 Dios es bueno y para siempre es Su misericordia!\",\"sameAs\":[\"https:\\\/\\\/www.elversiculodeldia.com\\\/\"],\"url\":\"https:\\\/\\\/elversiculodeldia.com\\\/blog\\\/author\\\/publicador\\\/\"}]}<\/script>\n<!-- \/ Yoast SEO plugin. -->","yoast_head_json":{"title":"\u00a1M\u00edrame! - Reflexiones Cristianas","description":"\u00a1M\u00edrame! - Reflexiones Cristianas - El vers\u00edculo del d\u00eda","robots":{"index":"index","follow":"follow","max-snippet":"max-snippet:-1","max-image-preview":"max-image-preview:large","max-video-preview":"max-video-preview:-1"},"canonical":"https:\/\/elversiculodeldia.com\/blog\/mirame-reflexiones-cristianas\/","og_locale":"en_US","og_type":"article","og_title":"\u00a1M\u00edrame! - Reflexiones Cristianas","og_description":"\u00a1M\u00edrame! - Reflexiones Cristianas - El vers\u00edculo del d\u00eda","og_url":"https:\/\/elversiculodeldia.com\/blog\/mirame-reflexiones-cristianas\/","og_site_name":"El vers\u00edculo del d\u00eda","article_publisher":"https:\/\/www.facebook.com\/elversiculodeldia","article_published_time":"2016-07-28T03:40:46+00:00","article_modified_time":"2016-07-28T04:31:35+00:00","og_image":[{"width":600,"height":574,"url":"https:\/\/elversiculodeldia.com\/blog\/wp-content\/uploads\/2016\/07\/BzdiHqaIUAA-j_5.jpg","type":"image\/jpeg"}],"author":"Publicador","twitter_card":"summary_large_image","twitter_creator":"@elversiculo","twitter_site":"@elversiculo","twitter_misc":{"Written by":"Publicador","Est. reading time":"2 minutes"},"schema":{"@context":"https:\/\/schema.org","@graph":[{"@type":"Article","@id":"https:\/\/elversiculodeldia.com\/blog\/mirame-reflexiones-cristianas\/#article","isPartOf":{"@id":"https:\/\/elversiculodeldia.com\/blog\/mirame-reflexiones-cristianas\/"},"author":{"name":"Publicador","@id":"https:\/\/elversiculodeldia.com\/blog\/#\/schema\/person\/28207690384384b0c36020e7c000f640"},"headline":"\u00a1M\u00edrame! &#8211; Reflexiones Cristianas","datePublished":"2016-07-28T03:40:46+00:00","dateModified":"2016-07-28T04:31:35+00:00","mainEntityOfPage":{"@id":"https:\/\/elversiculodeldia.com\/blog\/mirame-reflexiones-cristianas\/"},"wordCount":319,"commentCount":0,"publisher":{"@id":"https:\/\/elversiculodeldia.com\/blog\/#organization"},"image":{"@id":"https:\/\/elversiculodeldia.com\/blog\/mirame-reflexiones-cristianas\/#primaryimage"},"thumbnailUrl":"https:\/\/elversiculodeldia.com\/blog\/wp-content\/uploads\/2016\/07\/BzdiHqaIUAA-j_5.jpg","keywords":["Cristianos","Dios","errores","hijo","Padre"],"articleSection":["Reflexiones"],"inLanguage":"en-US","potentialAction":[{"@type":"CommentAction","name":"Comment","target":["https:\/\/elversiculodeldia.com\/blog\/mirame-reflexiones-cristianas\/#respond"]}]},{"@type":"WebPage","@id":"https:\/\/elversiculodeldia.com\/blog\/mirame-reflexiones-cristianas\/","url":"https:\/\/elversiculodeldia.com\/blog\/mirame-reflexiones-cristianas\/","name":"\u00a1M\u00edrame! - Reflexiones Cristianas","isPartOf":{"@id":"https:\/\/elversiculodeldia.com\/blog\/#website"},"primaryImageOfPage":{"@id":"https:\/\/elversiculodeldia.com\/blog\/mirame-reflexiones-cristianas\/#primaryimage"},"image":{"@id":"https:\/\/elversiculodeldia.com\/blog\/mirame-reflexiones-cristianas\/#primaryimage"},"thumbnailUrl":"https:\/\/elversiculodeldia.com\/blog\/wp-content\/uploads\/2016\/07\/BzdiHqaIUAA-j_5.jpg","datePublished":"2016-07-28T03:40:46+00:00","dateModified":"2016-07-28T04:31:35+00:00","description":"\u00a1M\u00edrame! - Reflexiones Cristianas - El vers\u00edculo del d\u00eda","inLanguage":"en-US","potentialAction":[{"@type":"ReadAction","target":["https:\/\/elversiculodeldia.com\/blog\/mirame-reflexiones-cristianas\/"]}]},{"@type":"ImageObject","inLanguage":"en-US","@id":"https:\/\/elversiculodeldia.com\/blog\/mirame-reflexiones-cristianas\/#primaryimage","url":"https:\/\/elversiculodeldia.com\/blog\/wp-content\/uploads\/2016\/07\/BzdiHqaIUAA-j_5.jpg","contentUrl":"https:\/\/elversiculodeldia.com\/blog\/wp-content\/uploads\/2016\/07\/BzdiHqaIUAA-j_5.jpg","width":600,"height":574},{"@type":"WebSite","@id":"https:\/\/elversiculodeldia.com\/blog\/#website","url":"https:\/\/elversiculodeldia.com\/blog\/","name":"El Vers\u00edculo del D\u00eda","description":"Llevando un vers\u00edculo de salvaci\u00f3n a cada coraz\u00f3n!","publisher":{"@id":"https:\/\/elversiculodeldia.com\/blog\/#organization"},"potentialAction":[{"@type":"SearchAction","target":{"@type":"EntryPoint","urlTemplate":"https:\/\/elversiculodeldia.com\/blog\/?s={search_term_string}"},"query-input":{"@type":"PropertyValueSpecification","valueRequired":true,"valueName":"search_term_string"}}],"inLanguage":"en-US"},{"@type":"Organization","@id":"https:\/\/elversiculodeldia.com\/blog\/#organization","name":"El Versiculo del Dia","url":"https:\/\/elversiculodeldia.com\/blog\/","logo":{"@type":"ImageObject","inLanguage":"en-US","@id":"https:\/\/elversiculodeldia.com\/blog\/#\/schema\/logo\/image\/","url":"https:\/\/elversiculodeldia.com\/blog\/wp-content\/uploads\/2017\/04\/logoOficialEVD.png","contentUrl":"https:\/\/elversiculodeldia.com\/blog\/wp-content\/uploads\/2017\/04\/logoOficialEVD.png","width":400,"height":100,"caption":"El Versiculo del Dia"},"image":{"@id":"https:\/\/elversiculodeldia.com\/blog\/#\/schema\/logo\/image\/"},"sameAs":["https:\/\/www.facebook.com\/elversiculodeldia","https:\/\/x.com\/elversiculo","https:\/\/www.instagram.com\/elversiculo","https:\/\/www.youtube.com\/user\/elversiculodeldia","https:\/\/chat.whatsapp.com\/HreYiXZFT8e0tZUmqriKfb"]},{"@type":"Person","@id":"https:\/\/elversiculodeldia.com\/blog\/#\/schema\/person\/28207690384384b0c36020e7c000f640","name":"Publicador","image":{"@type":"ImageObject","inLanguage":"en-US","@id":"https:\/\/elversiculodeldia.com\/blog\/wp-content\/uploads\/2020\/01\/userbss.png","url":"https:\/\/elversiculodeldia.com\/blog\/wp-content\/uploads\/2020\/01\/userbss.png","contentUrl":"https:\/\/elversiculodeldia.com\/blog\/wp-content\/uploads\/2020\/01\/userbss.png","caption":"Publicador"},"description":"Salvo por gracia \u2764 Dios es bueno y para siempre es Su misericordia!","sameAs":["https:\/\/www.elversiculodeldia.com\/"],"url":"https:\/\/elversiculodeldia.com\/blog\/author\/publicador\/"}]}},"amp_enabled":true,"_links":{"self":[{"href":"https:\/\/elversiculodeldia.com\/blog\/wp-json\/wp\/v2\/posts\/34401","targetHints":{"allow":["GET"]}}],"collection":[{"href":"https:\/\/elversiculodeldia.com\/blog\/wp-json\/wp\/v2\/posts"}],"about":[{"href":"https:\/\/elversiculodeldia.com\/blog\/wp-json\/wp\/v2\/types\/post"}],"author":[{"embeddable":true,"href":"https:\/\/elversiculodeldia.com\/blog\/wp-json\/wp\/v2\/users\/179"}],"replies":[{"embeddable":true,"href":"https:\/\/elversiculodeldia.com\/blog\/wp-json\/wp\/v2\/comments?post=34401"}],"version-history":[{"count":0,"href":"https:\/\/elversiculodeldia.com\/blog\/wp-json\/wp\/v2\/posts\/34401\/revisions"}],"wp:featuredmedia":[{"embeddable":true,"href":"https:\/\/elversiculodeldia.com\/blog\/wp-json\/wp\/v2\/media\/34402"}],"wp:attachment":[{"href":"https:\/\/elversiculodeldia.com\/blog\/wp-json\/wp\/v2\/media?parent=34401"}],"wp:term":[{"taxonomy":"category","embeddable":true,"href":"https:\/\/elversiculodeldia.com\/blog\/wp-json\/wp\/v2\/categories?post=34401"},{"taxonomy":"post_tag","embeddable":true,"href":"https:\/\/elversiculodeldia.com\/blog\/wp-json\/wp\/v2\/tags?post=34401"}],"curies":[{"name":"wp","href":"https:\/\/api.w.org\/{rel}","templated":true}]}}