{"id":31545,"date":"2016-05-05T10:30:02","date_gmt":"2016-05-05T14:30:02","guid":{"rendered":"http:\/\/www.elversiculodeldia.com\/?p=31545"},"modified":"2016-05-04T08:57:10","modified_gmt":"2016-05-04T12:57:10","slug":"buen-dia-tener-fe-y-descansar","status":"publish","type":"post","link":"https:\/\/elversiculodeldia.com\/blog\/buen-dia-tener-fe-y-descansar\/","title":{"rendered":"Buen D\u00eda &#8211; Tener Fe y Descansar"},"content":{"rendered":"<p><img loading=\"lazy\" decoding=\"async\" class=\" size-large wp-image-31547 aligncenter\" src=\"http:\/\/www.elversiculodeldia.com\/wp-content\/uploads\/2016\/05\/MAYORES-RETOS-MAYOR-FE-640x316.png\" alt=\"MAYORES RETOS MAYOR FE\" width=\"640\" height=\"316\" \/><\/p>\n<p>Vivimos en una \u00e9poca en la que las f\u00f3rmulas para hacer las cosas son parte de nuestra cotidianidad. Se nos quiere ense\u00f1ar cu\u00e1l es la clave para progresar, para salir de deudas, para bajar de peso, etc., todas ellas con la intenci\u00f3n de hacer que la vida sea m\u00e1s f\u00e1cil.<\/p>\n<p>Igualmente pasa con los creyentes muchos quieren tener la <em>\u201cf\u00f3rmula\u201d<\/em> para que su vida espiritual sea plena. Quiero dejarte claro que Dios nos es un Dios de f\u00f3rmulas, pero si nos dej\u00f3 claros unos principios que son la clave para el crecimiento espiritual. Todo comienza y termina con la <em>\u201cfe\u201d.<br \/>\n<\/em>Es la fe puesta en Jes\u00fas y en su obra; tener fe es poner la confianza en \u00c9l, creyendo que gracias a ese sacrificio de la cruz tenemos acceso al Padre Celestial.<\/p>\n<p>Confiar significa dejar las angustias, viviendo una vida tal y como nos lo dice la Palabra de Dios en Romanos 4:5 (NTV): \u201c<em>pero la gente no es considerada justa por sus acciones sino por su fe en Dios, quien perdona a los pecadores\u201d.<br \/>\n<\/em>La respuesta es siempre la misma para los que est\u00e1n en Cristo Jes\u00fas&#8230; <em>\u00a1creer!<\/em><\/p>\n<p>Los principios de Dios se activan por fe. La fe nos habilita para aceptar, recibir y acatar los principios. Por fe decidimos tanto, ser como Jes\u00fas, como aprender y seguir sus ense\u00f1anzas.<br \/>\nTener descanso significa que la fe est\u00e1 por encima de las circunstancias; es decir, que no hay ning\u00fan evento que pueda alterar la fe en Dios.<\/p>\n<p>Aprenda esto: <em>\u201ca mayores retos&#8230; mayor fe es requerida\u201d<br \/>\n<\/em><em>\u00bfAnhela hacer m\u00e1s cosas?, \u00bflograr mayores \u00e9xitos?, \u00bftener m\u00e1s capacidades?, \u00bfayudar a m\u00e1s personas?<\/em>, si la respuesta es afirmativa entonces usted necesita afincarse en la fe; porque vendr\u00e1n momentos donde solo el descanso en la fe puesta en nuestro creador ser\u00e1 el \u00fanico recurso disponible.Por eso es que fe y descanso van de la mano.<br \/>\nCreamos por m\u00e1s para hacer m\u00e1s\u2026<br \/>\nOremos: <em>\u201cSe\u00f1or, conf\u00edo y descanso en ti. Creo con todo mi coraz\u00f3n en Jes\u00fas, conf\u00edo sin dudas en el poder del Esp\u00edritu Santo. Gracias Se\u00f1or por fortalecer mi fe. Declaro que Dios es m\u00e1s grande que cualquier dificultad, y que todo lo superar\u00e9 en Cristo Jes\u00fas, Amen\u201d<\/em><\/p>\n<p><u>Vers\u00edculo<\/u>: <em>\u201cpero la gente no es considerada justa por sus acciones sino por su fe en Dios, quien perdona a los pecadores\u201d<\/em>. Romanos 4:5 (NTV)<\/p>\n<p>Buen D\u00eda<br \/>\nJuan C Quintero<br \/>\n<a href=\"http:\/\/www.buendiatodoslosdias.com\/\" target=\"_blank\">www.buendiatodoslosdias.com<\/a><\/p>\n","protected":false},"excerpt":{"rendered":"<p>Vivimos en una \u00e9poca en la que las f\u00f3rmulas para hacer las cosas son parte de nuestra cotidianidad. Se nos quiere ense\u00f1ar cu\u00e1l es la clave para progresar, para salir de deudas, para bajar de peso, etc., todas ellas con la intenci\u00f3n de hacer que la vida sea m\u00e1s f\u00e1cil. Igualmente pasa con los creyentes [&hellip;]<\/p>\n","protected":false},"author":30,"featured_media":31547,"comment_status":"open","ping_status":"open","sticky":false,"template":"","format":"standard","meta":{"tdm_status":"","tdm_grid_status":"","footnotes":""},"categories":[7,2839,2152,2293,1328],"tags":[23,53,80,1617,8,1341,26,50,38,3272,3387,462,3336,67],"class_list":{"0":"post-31545","1":"post","2":"type-post","3":"status-publish","4":"format-standard","5":"has-post-thumbnail","7":"category-devocionales","8":"category-lecturas","9":"category-mensajes-cristianos","10":"category-uncategorized-en","11":"category-varios","12":"tag-confianza","13":"tag-crecimiento","14":"tag-descanso","15":"tag-devocional","16":"tag-dios","17":"tag-espiritu-santo","18":"tag-fe","19":"tag-iglesia","20":"tag-jesus","21":"tag-juan-c-quintero","22":"tag-jus","23":"tag-pastor","24":"tag-principios","25":"tag-vida"},"yoast_head":"<!-- This site is optimized with the Yoast SEO plugin v27.5 - https:\/\/yoast.com\/product\/yoast-seo-wordpress\/ -->\n<title>Buen D\u00eda - Tener Fe y Descansar<\/title>\n<meta name=\"description\" content=\"Buen D\u00eda - Tener Fe y Descansar - El vers\u00edculo del d\u00eda\" \/>\n<meta name=\"robots\" content=\"index, follow, max-snippet:-1, max-image-preview:large, max-video-preview:-1\" \/>\n<link rel=\"canonical\" href=\"https:\/\/elversiculodeldia.com\/blog\/buen-dia-tener-fe-y-descansar\/\" \/>\n<meta property=\"og:locale\" content=\"en_US\" \/>\n<meta property=\"og:type\" content=\"article\" \/>\n<meta property=\"og:title\" content=\"Buen D\u00eda - Tener Fe y Descansar\" \/>\n<meta property=\"og:description\" content=\"Buen D\u00eda - Tener Fe y Descansar - El vers\u00edculo del d\u00eda\" \/>\n<meta property=\"og:url\" content=\"https:\/\/elversiculodeldia.com\/blog\/buen-dia-tener-fe-y-descansar\/\" \/>\n<meta property=\"og:site_name\" content=\"El vers\u00edculo del d\u00eda\" \/>\n<meta property=\"article:publisher\" content=\"https:\/\/www.facebook.com\/elversiculodeldia\" \/>\n<meta property=\"article:author\" content=\"https:\/\/www.facebook.com\/pastorjuanquintero\/\" \/>\n<meta property=\"article:published_time\" content=\"2016-05-05T14:30:02+00:00\" \/>\n<meta property=\"og:image\" content=\"https:\/\/elversiculodeldia.com\/blog\/wp-content\/uploads\/2016\/05\/MAYORES-RETOS-MAYOR-FE.png\" \/>\n\t<meta property=\"og:image:width\" content=\"759\" \/>\n\t<meta property=\"og:image:height\" content=\"375\" \/>\n\t<meta property=\"og:image:type\" content=\"image\/png\" \/>\n<meta name=\"author\" content=\"Juan Quintero\" \/>\n<meta name=\"twitter:card\" content=\"summary_large_image\" \/>\n<meta name=\"twitter:creator\" content=\"@elversiculo\" \/>\n<meta name=\"twitter:site\" content=\"@elversiculo\" \/>\n<meta name=\"twitter:label1\" content=\"Written by\" \/>\n\t<meta name=\"twitter:data1\" content=\"Juan Quintero\" \/>\n\t<meta name=\"twitter:label2\" content=\"Est. reading time\" \/>\n\t<meta name=\"twitter:data2\" content=\"2 minutes\" \/>\n<script type=\"application\/ld+json\" class=\"yoast-schema-graph\">{\"@context\":\"https:\\\/\\\/schema.org\",\"@graph\":[{\"@type\":\"Article\",\"@id\":\"https:\\\/\\\/elversiculodeldia.com\\\/blog\\\/buen-dia-tener-fe-y-descansar\\\/#article\",\"isPartOf\":{\"@id\":\"https:\\\/\\\/elversiculodeldia.com\\\/blog\\\/buen-dia-tener-fe-y-descansar\\\/\"},\"author\":{\"name\":\"Juan Quintero\",\"@id\":\"https:\\\/\\\/elversiculodeldia.com\\\/blog\\\/#\\\/schema\\\/person\\\/bead3290281db357e2b7d33ebdc876d2\"},\"headline\":\"Buen D\u00eda &#8211; Tener Fe y Descansar\",\"datePublished\":\"2016-05-05T14:30:02+00:00\",\"mainEntityOfPage\":{\"@id\":\"https:\\\/\\\/elversiculodeldia.com\\\/blog\\\/buen-dia-tener-fe-y-descansar\\\/\"},\"wordCount\":435,\"commentCount\":0,\"publisher\":{\"@id\":\"https:\\\/\\\/elversiculodeldia.com\\\/blog\\\/#organization\"},\"image\":{\"@id\":\"https:\\\/\\\/elversiculodeldia.com\\\/blog\\\/buen-dia-tener-fe-y-descansar\\\/#primaryimage\"},\"thumbnailUrl\":\"https:\\\/\\\/elversiculodeldia.com\\\/blog\\\/wp-content\\\/uploads\\\/2016\\\/05\\\/MAYORES-RETOS-MAYOR-FE.png\",\"keywords\":[\"Confianza\",\"crecimiento\",\"Descanso\",\"Devocional\",\"Dios\",\"Espiritu Santo\",\"Fe\",\"iglesia\",\"Jesus\",\"JUAN C QUINTERO\",\"JUS\",\"Pastor\",\"PRINCIPIOS\",\"vida\"],\"articleSection\":{\"0\":\"Devocionales\",\"1\":\"Lecturas\",\"2\":\"Mensajes\",\"4\":\"Varios\"},\"inLanguage\":\"en-US\",\"potentialAction\":[{\"@type\":\"CommentAction\",\"name\":\"Comment\",\"target\":[\"https:\\\/\\\/elversiculodeldia.com\\\/blog\\\/buen-dia-tener-fe-y-descansar\\\/#respond\"]}]},{\"@type\":\"WebPage\",\"@id\":\"https:\\\/\\\/elversiculodeldia.com\\\/blog\\\/buen-dia-tener-fe-y-descansar\\\/\",\"url\":\"https:\\\/\\\/elversiculodeldia.com\\\/blog\\\/buen-dia-tener-fe-y-descansar\\\/\",\"name\":\"Buen D\u00eda - Tener Fe y Descansar\",\"isPartOf\":{\"@id\":\"https:\\\/\\\/elversiculodeldia.com\\\/blog\\\/#website\"},\"primaryImageOfPage\":{\"@id\":\"https:\\\/\\\/elversiculodeldia.com\\\/blog\\\/buen-dia-tener-fe-y-descansar\\\/#primaryimage\"},\"image\":{\"@id\":\"https:\\\/\\\/elversiculodeldia.com\\\/blog\\\/buen-dia-tener-fe-y-descansar\\\/#primaryimage\"},\"thumbnailUrl\":\"https:\\\/\\\/elversiculodeldia.com\\\/blog\\\/wp-content\\\/uploads\\\/2016\\\/05\\\/MAYORES-RETOS-MAYOR-FE.png\",\"datePublished\":\"2016-05-05T14:30:02+00:00\",\"description\":\"Buen D\u00eda - Tener Fe y Descansar - El vers\u00edculo del d\u00eda\",\"inLanguage\":\"en-US\",\"potentialAction\":[{\"@type\":\"ReadAction\",\"target\":[\"https:\\\/\\\/elversiculodeldia.com\\\/blog\\\/buen-dia-tener-fe-y-descansar\\\/\"]}]},{\"@type\":\"ImageObject\",\"inLanguage\":\"en-US\",\"@id\":\"https:\\\/\\\/elversiculodeldia.com\\\/blog\\\/buen-dia-tener-fe-y-descansar\\\/#primaryimage\",\"url\":\"https:\\\/\\\/elversiculodeldia.com\\\/blog\\\/wp-content\\\/uploads\\\/2016\\\/05\\\/MAYORES-RETOS-MAYOR-FE.png\",\"contentUrl\":\"https:\\\/\\\/elversiculodeldia.com\\\/blog\\\/wp-content\\\/uploads\\\/2016\\\/05\\\/MAYORES-RETOS-MAYOR-FE.png\",\"width\":759,\"height\":375},{\"@type\":\"WebSite\",\"@id\":\"https:\\\/\\\/elversiculodeldia.com\\\/blog\\\/#website\",\"url\":\"https:\\\/\\\/elversiculodeldia.com\\\/blog\\\/\",\"name\":\"El Vers\u00edculo del D\u00eda\",\"description\":\"Llevando un vers\u00edculo de salvaci\u00f3n a cada coraz\u00f3n!\",\"publisher\":{\"@id\":\"https:\\\/\\\/elversiculodeldia.com\\\/blog\\\/#organization\"},\"potentialAction\":[{\"@type\":\"SearchAction\",\"target\":{\"@type\":\"EntryPoint\",\"urlTemplate\":\"https:\\\/\\\/elversiculodeldia.com\\\/blog\\\/?s={search_term_string}\"},\"query-input\":{\"@type\":\"PropertyValueSpecification\",\"valueRequired\":true,\"valueName\":\"search_term_string\"}}],\"inLanguage\":\"en-US\"},{\"@type\":\"Organization\",\"@id\":\"https:\\\/\\\/elversiculodeldia.com\\\/blog\\\/#organization\",\"name\":\"El Versiculo del Dia\",\"url\":\"https:\\\/\\\/elversiculodeldia.com\\\/blog\\\/\",\"logo\":{\"@type\":\"ImageObject\",\"inLanguage\":\"en-US\",\"@id\":\"https:\\\/\\\/elversiculodeldia.com\\\/blog\\\/#\\\/schema\\\/logo\\\/image\\\/\",\"url\":\"https:\\\/\\\/elversiculodeldia.com\\\/blog\\\/wp-content\\\/uploads\\\/2017\\\/04\\\/logoOficialEVD.png\",\"contentUrl\":\"https:\\\/\\\/elversiculodeldia.com\\\/blog\\\/wp-content\\\/uploads\\\/2017\\\/04\\\/logoOficialEVD.png\",\"width\":400,\"height\":100,\"caption\":\"El Versiculo del Dia\"},\"image\":{\"@id\":\"https:\\\/\\\/elversiculodeldia.com\\\/blog\\\/#\\\/schema\\\/logo\\\/image\\\/\"},\"sameAs\":[\"https:\\\/\\\/www.facebook.com\\\/elversiculodeldia\",\"https:\\\/\\\/x.com\\\/elversiculo\",\"https:\\\/\\\/www.instagram.com\\\/elversiculo\",\"https:\\\/\\\/www.youtube.com\\\/user\\\/elversiculodeldia\",\"https:\\\/\\\/chat.whatsapp.com\\\/HreYiXZFT8e0tZUmqriKfb\"]},{\"@type\":\"Person\",\"@id\":\"https:\\\/\\\/elversiculodeldia.com\\\/blog\\\/#\\\/schema\\\/person\\\/bead3290281db357e2b7d33ebdc876d2\",\"name\":\"Juan Quintero\",\"image\":{\"@type\":\"ImageObject\",\"inLanguage\":\"en-US\",\"@id\":\"https:\\\/\\\/elversiculodeldia.com\\\/blog\\\/wp-content\\\/uploads\\\/2021\\\/02\\\/JCQ-BIBLIA.png\",\"url\":\"https:\\\/\\\/elversiculodeldia.com\\\/blog\\\/wp-content\\\/uploads\\\/2021\\\/02\\\/JCQ-BIBLIA.png\",\"contentUrl\":\"https:\\\/\\\/elversiculodeldia.com\\\/blog\\\/wp-content\\\/uploads\\\/2021\\\/02\\\/JCQ-BIBLIA.png\",\"caption\":\"Juan Quintero\"},\"description\":\"Me llamo Juan C Quintero, soy pastor y coach en Coral Springs, Florida, en este lugar compartir\u00e9 mucho contenido gratuito de fe, de exhortaci\u00f3n y motivacional, para brindar crecimiento espiritual y personal. Encontraras videos con informaci\u00f3n relevante, interesante, actual, as\u00ed como tambi\u00e9n predicaciones cristianas, para toda la familia. Tengo la misi\u00f3n de empoderar tu vida, para que alcances todo el potencial que Dios a determinado para ti. Creo que somos seres integrales en alma, cuerpo y esp\u00edritu y que, con la ayuda de Jes\u00fas, con el poder del Esp\u00edritu Santo y con el amor de Dios el Padre llegaras a alcanzar niveles insospechados en tu vida. Todos los mensajes, art\u00edculos, videos y comentarios est\u00e1n enfocados en lograr cuatro cosas: - Que seas edificado a la manera de Jes\u00fas - Que tu familia sea cuidada - Que cumplas tu prop\u00f3sito en esta vida - Que crezcamos y nos multipliquemos como personas, entidades, organismos y como comunidad de fe Gracias por ver estos estudios y mensajes de fe y esperanza. Sinceramente Juan C Quintero Senior Pastor Vida Worship Center 10303 Royal Palm Blvd, Coral Springs, Fl 33065 email: pastor@vidawc.com Web: www.VidaWC.com\",\"sameAs\":[\"http:\\\/\\\/www.buendiatodoslosdias.com\",\"https:\\\/\\\/www.facebook.com\\\/pastorjuanquintero\\\/\",\"https:\\\/\\\/www.instagram.com\\\/vidawc\\\/\",\"https:\\\/\\\/www.youtube.com\\\/playlist?list=PLqlmwAuBIF8qNKALCu9VGBtAmN7t3Enz0\"],\"url\":\"https:\\\/\\\/elversiculodeldia.com\\\/blog\\\/author\\\/jcqpastor\\\/\"}]}<\/script>\n<!-- \/ Yoast SEO plugin. -->","yoast_head_json":{"title":"Buen D\u00eda - Tener Fe y Descansar","description":"Buen D\u00eda - Tener Fe y Descansar - El vers\u00edculo del d\u00eda","robots":{"index":"index","follow":"follow","max-snippet":"max-snippet:-1","max-image-preview":"max-image-preview:large","max-video-preview":"max-video-preview:-1"},"canonical":"https:\/\/elversiculodeldia.com\/blog\/buen-dia-tener-fe-y-descansar\/","og_locale":"en_US","og_type":"article","og_title":"Buen D\u00eda - Tener Fe y Descansar","og_description":"Buen D\u00eda - Tener Fe y Descansar - El vers\u00edculo del d\u00eda","og_url":"https:\/\/elversiculodeldia.com\/blog\/buen-dia-tener-fe-y-descansar\/","og_site_name":"El vers\u00edculo del d\u00eda","article_publisher":"https:\/\/www.facebook.com\/elversiculodeldia","article_author":"https:\/\/www.facebook.com\/pastorjuanquintero\/","article_published_time":"2016-05-05T14:30:02+00:00","og_image":[{"width":759,"height":375,"url":"https:\/\/elversiculodeldia.com\/blog\/wp-content\/uploads\/2016\/05\/MAYORES-RETOS-MAYOR-FE.png","type":"image\/png"}],"author":"Juan Quintero","twitter_card":"summary_large_image","twitter_creator":"@elversiculo","twitter_site":"@elversiculo","twitter_misc":{"Written by":"Juan Quintero","Est. reading time":"2 minutes"},"schema":{"@context":"https:\/\/schema.org","@graph":[{"@type":"Article","@id":"https:\/\/elversiculodeldia.com\/blog\/buen-dia-tener-fe-y-descansar\/#article","isPartOf":{"@id":"https:\/\/elversiculodeldia.com\/blog\/buen-dia-tener-fe-y-descansar\/"},"author":{"name":"Juan Quintero","@id":"https:\/\/elversiculodeldia.com\/blog\/#\/schema\/person\/bead3290281db357e2b7d33ebdc876d2"},"headline":"Buen D\u00eda &#8211; Tener Fe y Descansar","datePublished":"2016-05-05T14:30:02+00:00","mainEntityOfPage":{"@id":"https:\/\/elversiculodeldia.com\/blog\/buen-dia-tener-fe-y-descansar\/"},"wordCount":435,"commentCount":0,"publisher":{"@id":"https:\/\/elversiculodeldia.com\/blog\/#organization"},"image":{"@id":"https:\/\/elversiculodeldia.com\/blog\/buen-dia-tener-fe-y-descansar\/#primaryimage"},"thumbnailUrl":"https:\/\/elversiculodeldia.com\/blog\/wp-content\/uploads\/2016\/05\/MAYORES-RETOS-MAYOR-FE.png","keywords":["Confianza","crecimiento","Descanso","Devocional","Dios","Espiritu Santo","Fe","iglesia","Jesus","JUAN C QUINTERO","JUS","Pastor","PRINCIPIOS","vida"],"articleSection":{"0":"Devocionales","1":"Lecturas","2":"Mensajes","4":"Varios"},"inLanguage":"en-US","potentialAction":[{"@type":"CommentAction","name":"Comment","target":["https:\/\/elversiculodeldia.com\/blog\/buen-dia-tener-fe-y-descansar\/#respond"]}]},{"@type":"WebPage","@id":"https:\/\/elversiculodeldia.com\/blog\/buen-dia-tener-fe-y-descansar\/","url":"https:\/\/elversiculodeldia.com\/blog\/buen-dia-tener-fe-y-descansar\/","name":"Buen D\u00eda - Tener Fe y Descansar","isPartOf":{"@id":"https:\/\/elversiculodeldia.com\/blog\/#website"},"primaryImageOfPage":{"@id":"https:\/\/elversiculodeldia.com\/blog\/buen-dia-tener-fe-y-descansar\/#primaryimage"},"image":{"@id":"https:\/\/elversiculodeldia.com\/blog\/buen-dia-tener-fe-y-descansar\/#primaryimage"},"thumbnailUrl":"https:\/\/elversiculodeldia.com\/blog\/wp-content\/uploads\/2016\/05\/MAYORES-RETOS-MAYOR-FE.png","datePublished":"2016-05-05T14:30:02+00:00","description":"Buen D\u00eda - Tener Fe y Descansar - El vers\u00edculo del d\u00eda","inLanguage":"en-US","potentialAction":[{"@type":"ReadAction","target":["https:\/\/elversiculodeldia.com\/blog\/buen-dia-tener-fe-y-descansar\/"]}]},{"@type":"ImageObject","inLanguage":"en-US","@id":"https:\/\/elversiculodeldia.com\/blog\/buen-dia-tener-fe-y-descansar\/#primaryimage","url":"https:\/\/elversiculodeldia.com\/blog\/wp-content\/uploads\/2016\/05\/MAYORES-RETOS-MAYOR-FE.png","contentUrl":"https:\/\/elversiculodeldia.com\/blog\/wp-content\/uploads\/2016\/05\/MAYORES-RETOS-MAYOR-FE.png","width":759,"height":375},{"@type":"WebSite","@id":"https:\/\/elversiculodeldia.com\/blog\/#website","url":"https:\/\/elversiculodeldia.com\/blog\/","name":"El Vers\u00edculo del D\u00eda","description":"Llevando un vers\u00edculo de salvaci\u00f3n a cada coraz\u00f3n!","publisher":{"@id":"https:\/\/elversiculodeldia.com\/blog\/#organization"},"potentialAction":[{"@type":"SearchAction","target":{"@type":"EntryPoint","urlTemplate":"https:\/\/elversiculodeldia.com\/blog\/?s={search_term_string}"},"query-input":{"@type":"PropertyValueSpecification","valueRequired":true,"valueName":"search_term_string"}}],"inLanguage":"en-US"},{"@type":"Organization","@id":"https:\/\/elversiculodeldia.com\/blog\/#organization","name":"El Versiculo del Dia","url":"https:\/\/elversiculodeldia.com\/blog\/","logo":{"@type":"ImageObject","inLanguage":"en-US","@id":"https:\/\/elversiculodeldia.com\/blog\/#\/schema\/logo\/image\/","url":"https:\/\/elversiculodeldia.com\/blog\/wp-content\/uploads\/2017\/04\/logoOficialEVD.png","contentUrl":"https:\/\/elversiculodeldia.com\/blog\/wp-content\/uploads\/2017\/04\/logoOficialEVD.png","width":400,"height":100,"caption":"El Versiculo del Dia"},"image":{"@id":"https:\/\/elversiculodeldia.com\/blog\/#\/schema\/logo\/image\/"},"sameAs":["https:\/\/www.facebook.com\/elversiculodeldia","https:\/\/x.com\/elversiculo","https:\/\/www.instagram.com\/elversiculo","https:\/\/www.youtube.com\/user\/elversiculodeldia","https:\/\/chat.whatsapp.com\/HreYiXZFT8e0tZUmqriKfb"]},{"@type":"Person","@id":"https:\/\/elversiculodeldia.com\/blog\/#\/schema\/person\/bead3290281db357e2b7d33ebdc876d2","name":"Juan Quintero","image":{"@type":"ImageObject","inLanguage":"en-US","@id":"https:\/\/elversiculodeldia.com\/blog\/wp-content\/uploads\/2021\/02\/JCQ-BIBLIA.png","url":"https:\/\/elversiculodeldia.com\/blog\/wp-content\/uploads\/2021\/02\/JCQ-BIBLIA.png","contentUrl":"https:\/\/elversiculodeldia.com\/blog\/wp-content\/uploads\/2021\/02\/JCQ-BIBLIA.png","caption":"Juan Quintero"},"description":"Me llamo Juan C Quintero, soy pastor y coach en Coral Springs, Florida, en este lugar compartir\u00e9 mucho contenido gratuito de fe, de exhortaci\u00f3n y motivacional, para brindar crecimiento espiritual y personal. Encontraras videos con informaci\u00f3n relevante, interesante, actual, as\u00ed como tambi\u00e9n predicaciones cristianas, para toda la familia. Tengo la misi\u00f3n de empoderar tu vida, para que alcances todo el potencial que Dios a determinado para ti. Creo que somos seres integrales en alma, cuerpo y esp\u00edritu y que, con la ayuda de Jes\u00fas, con el poder del Esp\u00edritu Santo y con el amor de Dios el Padre llegaras a alcanzar niveles insospechados en tu vida. Todos los mensajes, art\u00edculos, videos y comentarios est\u00e1n enfocados en lograr cuatro cosas: - Que seas edificado a la manera de Jes\u00fas - Que tu familia sea cuidada - Que cumplas tu prop\u00f3sito en esta vida - Que crezcamos y nos multipliquemos como personas, entidades, organismos y como comunidad de fe Gracias por ver estos estudios y mensajes de fe y esperanza. Sinceramente Juan C Quintero Senior Pastor Vida Worship Center 10303 Royal Palm Blvd, Coral Springs, Fl 33065 email: pastor@vidawc.com Web: www.VidaWC.com","sameAs":["http:\/\/www.buendiatodoslosdias.com","https:\/\/www.facebook.com\/pastorjuanquintero\/","https:\/\/www.instagram.com\/vidawc\/","https:\/\/www.youtube.com\/playlist?list=PLqlmwAuBIF8qNKALCu9VGBtAmN7t3Enz0"],"url":"https:\/\/elversiculodeldia.com\/blog\/author\/jcqpastor\/"}]}},"amp_enabled":true,"_links":{"self":[{"href":"https:\/\/elversiculodeldia.com\/blog\/wp-json\/wp\/v2\/posts\/31545","targetHints":{"allow":["GET"]}}],"collection":[{"href":"https:\/\/elversiculodeldia.com\/blog\/wp-json\/wp\/v2\/posts"}],"about":[{"href":"https:\/\/elversiculodeldia.com\/blog\/wp-json\/wp\/v2\/types\/post"}],"author":[{"embeddable":true,"href":"https:\/\/elversiculodeldia.com\/blog\/wp-json\/wp\/v2\/users\/30"}],"replies":[{"embeddable":true,"href":"https:\/\/elversiculodeldia.com\/blog\/wp-json\/wp\/v2\/comments?post=31545"}],"version-history":[{"count":0,"href":"https:\/\/elversiculodeldia.com\/blog\/wp-json\/wp\/v2\/posts\/31545\/revisions"}],"wp:featuredmedia":[{"embeddable":true,"href":"https:\/\/elversiculodeldia.com\/blog\/wp-json\/wp\/v2\/media\/31547"}],"wp:attachment":[{"href":"https:\/\/elversiculodeldia.com\/blog\/wp-json\/wp\/v2\/media?parent=31545"}],"wp:term":[{"taxonomy":"category","embeddable":true,"href":"https:\/\/elversiculodeldia.com\/blog\/wp-json\/wp\/v2\/categories?post=31545"},{"taxonomy":"post_tag","embeddable":true,"href":"https:\/\/elversiculodeldia.com\/blog\/wp-json\/wp\/v2\/tags?post=31545"}],"curies":[{"name":"wp","href":"https:\/\/api.w.org\/{rel}","templated":true}]}}