{"id":31530,"date":"2016-05-04T11:04:04","date_gmt":"2016-05-04T15:04:04","guid":{"rendered":"http:\/\/www.elversiculodeldia.com\/?p=31530"},"modified":"2016-05-03T12:07:09","modified_gmt":"2016-05-03T16:07:09","slug":"31530","status":"publish","type":"post","link":"https:\/\/elversiculodeldia.com\/blog\/31530\/","title":{"rendered":"Buen D\u00eda &#8211; Orar por salvaci\u00f3n"},"content":{"rendered":"<p><img loading=\"lazy\" decoding=\"async\" class=\" size-large wp-image-31531 aligncenter\" src=\"http:\/\/www.elversiculodeldia.com\/wp-content\/uploads\/2016\/05\/SALVOS-640x316.png\" alt=\"SALVOS\" width=\"640\" height=\"316\" \/><\/p>\n<p>Uno de los grandes retos de los creyentes es la burla de su familia, amigos y conocidos. Es un esp\u00edritu de contrariedad que se levanta en aquellos que deciden poner su confianza en Jes\u00fas y entregarle su vida al Se\u00f1or. Hoy quiero que tome nuevas fuerzas en la fe, que tenga esperanza en el poder de Dios y que afirme su decisi\u00f3n de avanzar en el caminar como disc\u00edpulo(a) de Jes\u00fas.<br \/>\nCuando una persona es salva Dios no solo tiene en mente a esa persona sino tambi\u00e9n a toda su familia. Es por eso que Su Palabra dice: <em>&#8220;Cree en el Se\u00f1or Jesucristo, y ser\u00e1s salvo, t\u00fa y tu casa&#8221;<\/em>; ahora, esto no quiere decir que una vez que usted cree en Jes\u00fas los miembros de su familia se salvan autom\u00e1ticamente. Lo que significa es que usted ha abierto una puerta poderosa para que Dios se mueva en la vida de su familia y que <em>\u00a1as\u00ed puedan ser salvos t\u00fa y todos los de tu casa!<br \/>\n<\/em>Recibir a Jes\u00fas es la primera puerta de bendici\u00f3n que abrimos en nuestras vidas, es la entrada del Se\u00f1or en nuestro hogar la cual se hace extensiva a toda la familia. La Palabra de Dios dice <em>\u201cAs\u00ed que acerqu\u00e9monos confiadamente al trono de la gracia para recibir misericordia y hallar la gracia que nos ayude en el momento que m\u00e1s la necesitemos.\u201d <\/em>(Hebreos 4:16-NVI)<em>, <\/em><em>\u201cesto nos dice que Dios llega a tiempo\u201d,<\/em> por lo tanto debemos orar y tener la fe de que incluso en el \u00faltimo momento Dios va a llegar a aquellos miembros de la familia que no sean salvos. En el lecho de muerte quiz\u00e1s alguien pida perd\u00f3n y acepte a Jes\u00fas como su Se\u00f1or\u2026 recordemos que Dios dice que <em>&#8220;todo aquel que invoque el nombre del Se\u00f1or, ser\u00e1 salvo&#8221;<\/em>. (Hechos 2:21)<br \/>\nCreo que Jes\u00fas va a encontrar cualquier excusa para salvar a una persona. El deseo de Dios es que toda la familia sea salva; puede ser que en este momento, ellos le est\u00e9n dando un dificultades por su fe, porque usted es cristiano(a), pero al aceptar a Jes\u00fas has abierto una gran puerta para que <em>\u00a1Dios desde el cielo pueda tocarlos!<\/em><\/p>\n<p>Oremos: <em>\u201cSe\u00f1or, hoy mi oraci\u00f3n es por mi familia, por aquellos que se burlan de m\u00ed, por aquellos que no comprenden la decisi\u00f3n que he tomado de ser tu hijo(a). Amado Dios clamo a ti para que todos ellos sean salvos, lo creo y declaro en el nombre de Jes\u00fas, Amen\u201d<\/em><\/p>\n<p><u>Vers\u00edculo<\/u>: <em>\u201cEllos dijeron: Cree en el Se\u00f1or Jesucristo, y ser\u00e1s salvo, t\u00fa y tu casa\u201d<\/em> Hechos 16:31 (RVR1960)<\/p>\n<p>Buen D\u00eda<br \/>\nJuan C Quintero<br \/>\n<a href=\"http:\/\/www.buendiatodoslosdias.com\/\" target=\"_blank\">www.buendiatodoslosdias.com<\/a><\/p>\n","protected":false},"excerpt":{"rendered":"<p>Uno de los grandes retos de los creyentes es la burla de su familia, amigos y conocidos. Es un esp\u00edritu de contrariedad que se levanta en aquellos que deciden poner su confianza en Jes\u00fas y entregarle su vida al Se\u00f1or. Hoy quiero que tome nuevas fuerzas en la fe, que tenga esperanza en el poder [&hellip;]<\/p>\n","protected":false},"author":30,"featured_media":31531,"comment_status":"open","ping_status":"open","sticky":false,"template":"","format":"standard","meta":{"tdm_status":"","tdm_grid_status":"","footnotes":""},"categories":[7,2839,2152,5,2293,1328],"tags":[29,9,3306,1478,117,1617,8,1341,3386,26,676,50,38,3272,11,462,42,1226,67],"class_list":{"0":"post-31530","1":"post","2":"type-post","3":"status-publish","4":"format-standard","5":"has-post-thumbnail","7":"category-devocionales","8":"category-lecturas","9":"category-mensajes-cristianos","10":"category-reflexiones","11":"category-uncategorized-en","12":"category-varios","13":"tag-amor","14":"tag-biblia","15":"tag-buen-dia","16":"tag-burla","17":"tag-cristo","18":"tag-devocional","19":"tag-dios","20":"tag-espiritu-santo","21":"tag-familai","22":"tag-fe","23":"tag-hogar","24":"tag-iglesia","25":"tag-jesus","26":"tag-juan-c-quintero","27":"tag-oracion","28":"tag-pastor","29":"tag-salvacion","30":"tag-salvos","31":"tag-vida"},"yoast_head":"<!-- This site is optimized with the Yoast SEO plugin v27.5 - https:\/\/yoast.com\/product\/yoast-seo-wordpress\/ -->\n<title>Buen D\u00eda - Orar por salvaci\u00f3n<\/title>\n<meta name=\"description\" content=\"Buen D\u00eda - Orar por salvaci\u00f3n - El vers\u00edculo del d\u00eda\" \/>\n<meta name=\"robots\" content=\"index, follow, max-snippet:-1, max-image-preview:large, max-video-preview:-1\" \/>\n<link rel=\"canonical\" href=\"https:\/\/elversiculodeldia.com\/blog\/31530\/\" \/>\n<meta property=\"og:locale\" content=\"en_US\" \/>\n<meta property=\"og:type\" content=\"article\" \/>\n<meta property=\"og:title\" content=\"Buen D\u00eda - Orar por salvaci\u00f3n\" \/>\n<meta property=\"og:description\" content=\"Buen D\u00eda - Orar por salvaci\u00f3n - El vers\u00edculo del d\u00eda\" \/>\n<meta property=\"og:url\" content=\"https:\/\/elversiculodeldia.com\/blog\/31530\/\" \/>\n<meta property=\"og:site_name\" content=\"El vers\u00edculo del d\u00eda\" \/>\n<meta property=\"article:publisher\" content=\"https:\/\/www.facebook.com\/elversiculodeldia\" \/>\n<meta property=\"article:author\" content=\"https:\/\/www.facebook.com\/pastorjuanquintero\/\" \/>\n<meta property=\"article:published_time\" content=\"2016-05-04T15:04:04+00:00\" \/>\n<meta property=\"og:image\" content=\"https:\/\/elversiculodeldia.com\/blog\/wp-content\/uploads\/2016\/05\/SALVOS.png\" \/>\n\t<meta property=\"og:image:width\" content=\"759\" \/>\n\t<meta property=\"og:image:height\" content=\"375\" \/>\n\t<meta property=\"og:image:type\" content=\"image\/png\" \/>\n<meta name=\"author\" content=\"Juan Quintero\" \/>\n<meta name=\"twitter:card\" content=\"summary_large_image\" \/>\n<meta name=\"twitter:creator\" content=\"@elversiculo\" \/>\n<meta name=\"twitter:site\" content=\"@elversiculo\" \/>\n<meta name=\"twitter:label1\" content=\"Written by\" \/>\n\t<meta name=\"twitter:data1\" content=\"Juan Quintero\" \/>\n\t<meta name=\"twitter:label2\" content=\"Est. reading time\" \/>\n\t<meta name=\"twitter:data2\" content=\"2 minutes\" \/>\n<script type=\"application\/ld+json\" class=\"yoast-schema-graph\">{\"@context\":\"https:\\\/\\\/schema.org\",\"@graph\":[{\"@type\":\"Article\",\"@id\":\"https:\\\/\\\/elversiculodeldia.com\\\/blog\\\/31530\\\/#article\",\"isPartOf\":{\"@id\":\"https:\\\/\\\/elversiculodeldia.com\\\/blog\\\/31530\\\/\"},\"author\":{\"name\":\"Juan Quintero\",\"@id\":\"https:\\\/\\\/elversiculodeldia.com\\\/blog\\\/#\\\/schema\\\/person\\\/bead3290281db357e2b7d33ebdc876d2\"},\"headline\":\"Buen D\u00eda &#8211; Orar por salvaci\u00f3n\",\"datePublished\":\"2016-05-04T15:04:04+00:00\",\"mainEntityOfPage\":{\"@id\":\"https:\\\/\\\/elversiculodeldia.com\\\/blog\\\/31530\\\/\"},\"wordCount\":480,\"commentCount\":0,\"publisher\":{\"@id\":\"https:\\\/\\\/elversiculodeldia.com\\\/blog\\\/#organization\"},\"image\":{\"@id\":\"https:\\\/\\\/elversiculodeldia.com\\\/blog\\\/31530\\\/#primaryimage\"},\"thumbnailUrl\":\"https:\\\/\\\/elversiculodeldia.com\\\/blog\\\/wp-content\\\/uploads\\\/2016\\\/05\\\/SALVOS.png\",\"keywords\":[\"amor\",\"biblia\",\"Buen Dia\",\"Burla\",\"Cristo\",\"Devocional\",\"Dios\",\"Espiritu Santo\",\"FAMILAI\",\"Fe\",\"hogar\",\"iglesia\",\"Jesus\",\"JUAN C QUINTERO\",\"oracion\",\"Pastor\",\"salvacion\",\"Salvos\",\"vida\"],\"articleSection\":{\"0\":\"Devocionales\",\"1\":\"Lecturas\",\"2\":\"Mensajes\",\"3\":\"Reflexiones\",\"5\":\"Varios\"},\"inLanguage\":\"en-US\",\"potentialAction\":[{\"@type\":\"CommentAction\",\"name\":\"Comment\",\"target\":[\"https:\\\/\\\/elversiculodeldia.com\\\/blog\\\/31530\\\/#respond\"]}]},{\"@type\":\"WebPage\",\"@id\":\"https:\\\/\\\/elversiculodeldia.com\\\/blog\\\/31530\\\/\",\"url\":\"https:\\\/\\\/elversiculodeldia.com\\\/blog\\\/31530\\\/\",\"name\":\"Buen D\u00eda - Orar por salvaci\u00f3n\",\"isPartOf\":{\"@id\":\"https:\\\/\\\/elversiculodeldia.com\\\/blog\\\/#website\"},\"primaryImageOfPage\":{\"@id\":\"https:\\\/\\\/elversiculodeldia.com\\\/blog\\\/31530\\\/#primaryimage\"},\"image\":{\"@id\":\"https:\\\/\\\/elversiculodeldia.com\\\/blog\\\/31530\\\/#primaryimage\"},\"thumbnailUrl\":\"https:\\\/\\\/elversiculodeldia.com\\\/blog\\\/wp-content\\\/uploads\\\/2016\\\/05\\\/SALVOS.png\",\"datePublished\":\"2016-05-04T15:04:04+00:00\",\"description\":\"Buen D\u00eda - Orar por salvaci\u00f3n - El vers\u00edculo del d\u00eda\",\"inLanguage\":\"en-US\",\"potentialAction\":[{\"@type\":\"ReadAction\",\"target\":[\"https:\\\/\\\/elversiculodeldia.com\\\/blog\\\/31530\\\/\"]}]},{\"@type\":\"ImageObject\",\"inLanguage\":\"en-US\",\"@id\":\"https:\\\/\\\/elversiculodeldia.com\\\/blog\\\/31530\\\/#primaryimage\",\"url\":\"https:\\\/\\\/elversiculodeldia.com\\\/blog\\\/wp-content\\\/uploads\\\/2016\\\/05\\\/SALVOS.png\",\"contentUrl\":\"https:\\\/\\\/elversiculodeldia.com\\\/blog\\\/wp-content\\\/uploads\\\/2016\\\/05\\\/SALVOS.png\",\"width\":759,\"height\":375},{\"@type\":\"WebSite\",\"@id\":\"https:\\\/\\\/elversiculodeldia.com\\\/blog\\\/#website\",\"url\":\"https:\\\/\\\/elversiculodeldia.com\\\/blog\\\/\",\"name\":\"El Vers\u00edculo del D\u00eda\",\"description\":\"Llevando un vers\u00edculo de salvaci\u00f3n a cada coraz\u00f3n!\",\"publisher\":{\"@id\":\"https:\\\/\\\/elversiculodeldia.com\\\/blog\\\/#organization\"},\"potentialAction\":[{\"@type\":\"SearchAction\",\"target\":{\"@type\":\"EntryPoint\",\"urlTemplate\":\"https:\\\/\\\/elversiculodeldia.com\\\/blog\\\/?s={search_term_string}\"},\"query-input\":{\"@type\":\"PropertyValueSpecification\",\"valueRequired\":true,\"valueName\":\"search_term_string\"}}],\"inLanguage\":\"en-US\"},{\"@type\":\"Organization\",\"@id\":\"https:\\\/\\\/elversiculodeldia.com\\\/blog\\\/#organization\",\"name\":\"El Versiculo del Dia\",\"url\":\"https:\\\/\\\/elversiculodeldia.com\\\/blog\\\/\",\"logo\":{\"@type\":\"ImageObject\",\"inLanguage\":\"en-US\",\"@id\":\"https:\\\/\\\/elversiculodeldia.com\\\/blog\\\/#\\\/schema\\\/logo\\\/image\\\/\",\"url\":\"https:\\\/\\\/elversiculodeldia.com\\\/blog\\\/wp-content\\\/uploads\\\/2017\\\/04\\\/logoOficialEVD.png\",\"contentUrl\":\"https:\\\/\\\/elversiculodeldia.com\\\/blog\\\/wp-content\\\/uploads\\\/2017\\\/04\\\/logoOficialEVD.png\",\"width\":400,\"height\":100,\"caption\":\"El Versiculo del Dia\"},\"image\":{\"@id\":\"https:\\\/\\\/elversiculodeldia.com\\\/blog\\\/#\\\/schema\\\/logo\\\/image\\\/\"},\"sameAs\":[\"https:\\\/\\\/www.facebook.com\\\/elversiculodeldia\",\"https:\\\/\\\/x.com\\\/elversiculo\",\"https:\\\/\\\/www.instagram.com\\\/elversiculo\",\"https:\\\/\\\/www.youtube.com\\\/user\\\/elversiculodeldia\",\"https:\\\/\\\/chat.whatsapp.com\\\/HreYiXZFT8e0tZUmqriKfb\"]},{\"@type\":\"Person\",\"@id\":\"https:\\\/\\\/elversiculodeldia.com\\\/blog\\\/#\\\/schema\\\/person\\\/bead3290281db357e2b7d33ebdc876d2\",\"name\":\"Juan Quintero\",\"image\":{\"@type\":\"ImageObject\",\"inLanguage\":\"en-US\",\"@id\":\"https:\\\/\\\/elversiculodeldia.com\\\/blog\\\/wp-content\\\/uploads\\\/2021\\\/02\\\/JCQ-BIBLIA.png\",\"url\":\"https:\\\/\\\/elversiculodeldia.com\\\/blog\\\/wp-content\\\/uploads\\\/2021\\\/02\\\/JCQ-BIBLIA.png\",\"contentUrl\":\"https:\\\/\\\/elversiculodeldia.com\\\/blog\\\/wp-content\\\/uploads\\\/2021\\\/02\\\/JCQ-BIBLIA.png\",\"caption\":\"Juan Quintero\"},\"description\":\"Me llamo Juan C Quintero, soy pastor y coach en Coral Springs, Florida, en este lugar compartir\u00e9 mucho contenido gratuito de fe, de exhortaci\u00f3n y motivacional, para brindar crecimiento espiritual y personal. Encontraras videos con informaci\u00f3n relevante, interesante, actual, as\u00ed como tambi\u00e9n predicaciones cristianas, para toda la familia. Tengo la misi\u00f3n de empoderar tu vida, para que alcances todo el potencial que Dios a determinado para ti. Creo que somos seres integrales en alma, cuerpo y esp\u00edritu y que, con la ayuda de Jes\u00fas, con el poder del Esp\u00edritu Santo y con el amor de Dios el Padre llegaras a alcanzar niveles insospechados en tu vida. Todos los mensajes, art\u00edculos, videos y comentarios est\u00e1n enfocados en lograr cuatro cosas: - Que seas edificado a la manera de Jes\u00fas - Que tu familia sea cuidada - Que cumplas tu prop\u00f3sito en esta vida - Que crezcamos y nos multipliquemos como personas, entidades, organismos y como comunidad de fe Gracias por ver estos estudios y mensajes de fe y esperanza. Sinceramente Juan C Quintero Senior Pastor Vida Worship Center 10303 Royal Palm Blvd, Coral Springs, Fl 33065 email: pastor@vidawc.com Web: www.VidaWC.com\",\"sameAs\":[\"http:\\\/\\\/www.buendiatodoslosdias.com\",\"https:\\\/\\\/www.facebook.com\\\/pastorjuanquintero\\\/\",\"https:\\\/\\\/www.instagram.com\\\/vidawc\\\/\",\"https:\\\/\\\/www.youtube.com\\\/playlist?list=PLqlmwAuBIF8qNKALCu9VGBtAmN7t3Enz0\"],\"url\":\"https:\\\/\\\/elversiculodeldia.com\\\/blog\\\/author\\\/jcqpastor\\\/\"}]}<\/script>\n<!-- \/ Yoast SEO plugin. -->","yoast_head_json":{"title":"Buen D\u00eda - Orar por salvaci\u00f3n","description":"Buen D\u00eda - Orar por salvaci\u00f3n - El vers\u00edculo del d\u00eda","robots":{"index":"index","follow":"follow","max-snippet":"max-snippet:-1","max-image-preview":"max-image-preview:large","max-video-preview":"max-video-preview:-1"},"canonical":"https:\/\/elversiculodeldia.com\/blog\/31530\/","og_locale":"en_US","og_type":"article","og_title":"Buen D\u00eda - Orar por salvaci\u00f3n","og_description":"Buen D\u00eda - Orar por salvaci\u00f3n - El vers\u00edculo del d\u00eda","og_url":"https:\/\/elversiculodeldia.com\/blog\/31530\/","og_site_name":"El vers\u00edculo del d\u00eda","article_publisher":"https:\/\/www.facebook.com\/elversiculodeldia","article_author":"https:\/\/www.facebook.com\/pastorjuanquintero\/","article_published_time":"2016-05-04T15:04:04+00:00","og_image":[{"width":759,"height":375,"url":"https:\/\/elversiculodeldia.com\/blog\/wp-content\/uploads\/2016\/05\/SALVOS.png","type":"image\/png"}],"author":"Juan Quintero","twitter_card":"summary_large_image","twitter_creator":"@elversiculo","twitter_site":"@elversiculo","twitter_misc":{"Written by":"Juan Quintero","Est. reading time":"2 minutes"},"schema":{"@context":"https:\/\/schema.org","@graph":[{"@type":"Article","@id":"https:\/\/elversiculodeldia.com\/blog\/31530\/#article","isPartOf":{"@id":"https:\/\/elversiculodeldia.com\/blog\/31530\/"},"author":{"name":"Juan Quintero","@id":"https:\/\/elversiculodeldia.com\/blog\/#\/schema\/person\/bead3290281db357e2b7d33ebdc876d2"},"headline":"Buen D\u00eda &#8211; Orar por salvaci\u00f3n","datePublished":"2016-05-04T15:04:04+00:00","mainEntityOfPage":{"@id":"https:\/\/elversiculodeldia.com\/blog\/31530\/"},"wordCount":480,"commentCount":0,"publisher":{"@id":"https:\/\/elversiculodeldia.com\/blog\/#organization"},"image":{"@id":"https:\/\/elversiculodeldia.com\/blog\/31530\/#primaryimage"},"thumbnailUrl":"https:\/\/elversiculodeldia.com\/blog\/wp-content\/uploads\/2016\/05\/SALVOS.png","keywords":["amor","biblia","Buen Dia","Burla","Cristo","Devocional","Dios","Espiritu Santo","FAMILAI","Fe","hogar","iglesia","Jesus","JUAN C QUINTERO","oracion","Pastor","salvacion","Salvos","vida"],"articleSection":{"0":"Devocionales","1":"Lecturas","2":"Mensajes","3":"Reflexiones","5":"Varios"},"inLanguage":"en-US","potentialAction":[{"@type":"CommentAction","name":"Comment","target":["https:\/\/elversiculodeldia.com\/blog\/31530\/#respond"]}]},{"@type":"WebPage","@id":"https:\/\/elversiculodeldia.com\/blog\/31530\/","url":"https:\/\/elversiculodeldia.com\/blog\/31530\/","name":"Buen D\u00eda - Orar por salvaci\u00f3n","isPartOf":{"@id":"https:\/\/elversiculodeldia.com\/blog\/#website"},"primaryImageOfPage":{"@id":"https:\/\/elversiculodeldia.com\/blog\/31530\/#primaryimage"},"image":{"@id":"https:\/\/elversiculodeldia.com\/blog\/31530\/#primaryimage"},"thumbnailUrl":"https:\/\/elversiculodeldia.com\/blog\/wp-content\/uploads\/2016\/05\/SALVOS.png","datePublished":"2016-05-04T15:04:04+00:00","description":"Buen D\u00eda - Orar por salvaci\u00f3n - El vers\u00edculo del d\u00eda","inLanguage":"en-US","potentialAction":[{"@type":"ReadAction","target":["https:\/\/elversiculodeldia.com\/blog\/31530\/"]}]},{"@type":"ImageObject","inLanguage":"en-US","@id":"https:\/\/elversiculodeldia.com\/blog\/31530\/#primaryimage","url":"https:\/\/elversiculodeldia.com\/blog\/wp-content\/uploads\/2016\/05\/SALVOS.png","contentUrl":"https:\/\/elversiculodeldia.com\/blog\/wp-content\/uploads\/2016\/05\/SALVOS.png","width":759,"height":375},{"@type":"WebSite","@id":"https:\/\/elversiculodeldia.com\/blog\/#website","url":"https:\/\/elversiculodeldia.com\/blog\/","name":"El Vers\u00edculo del D\u00eda","description":"Llevando un vers\u00edculo de salvaci\u00f3n a cada coraz\u00f3n!","publisher":{"@id":"https:\/\/elversiculodeldia.com\/blog\/#organization"},"potentialAction":[{"@type":"SearchAction","target":{"@type":"EntryPoint","urlTemplate":"https:\/\/elversiculodeldia.com\/blog\/?s={search_term_string}"},"query-input":{"@type":"PropertyValueSpecification","valueRequired":true,"valueName":"search_term_string"}}],"inLanguage":"en-US"},{"@type":"Organization","@id":"https:\/\/elversiculodeldia.com\/blog\/#organization","name":"El Versiculo del Dia","url":"https:\/\/elversiculodeldia.com\/blog\/","logo":{"@type":"ImageObject","inLanguage":"en-US","@id":"https:\/\/elversiculodeldia.com\/blog\/#\/schema\/logo\/image\/","url":"https:\/\/elversiculodeldia.com\/blog\/wp-content\/uploads\/2017\/04\/logoOficialEVD.png","contentUrl":"https:\/\/elversiculodeldia.com\/blog\/wp-content\/uploads\/2017\/04\/logoOficialEVD.png","width":400,"height":100,"caption":"El Versiculo del Dia"},"image":{"@id":"https:\/\/elversiculodeldia.com\/blog\/#\/schema\/logo\/image\/"},"sameAs":["https:\/\/www.facebook.com\/elversiculodeldia","https:\/\/x.com\/elversiculo","https:\/\/www.instagram.com\/elversiculo","https:\/\/www.youtube.com\/user\/elversiculodeldia","https:\/\/chat.whatsapp.com\/HreYiXZFT8e0tZUmqriKfb"]},{"@type":"Person","@id":"https:\/\/elversiculodeldia.com\/blog\/#\/schema\/person\/bead3290281db357e2b7d33ebdc876d2","name":"Juan Quintero","image":{"@type":"ImageObject","inLanguage":"en-US","@id":"https:\/\/elversiculodeldia.com\/blog\/wp-content\/uploads\/2021\/02\/JCQ-BIBLIA.png","url":"https:\/\/elversiculodeldia.com\/blog\/wp-content\/uploads\/2021\/02\/JCQ-BIBLIA.png","contentUrl":"https:\/\/elversiculodeldia.com\/blog\/wp-content\/uploads\/2021\/02\/JCQ-BIBLIA.png","caption":"Juan Quintero"},"description":"Me llamo Juan C Quintero, soy pastor y coach en Coral Springs, Florida, en este lugar compartir\u00e9 mucho contenido gratuito de fe, de exhortaci\u00f3n y motivacional, para brindar crecimiento espiritual y personal. Encontraras videos con informaci\u00f3n relevante, interesante, actual, as\u00ed como tambi\u00e9n predicaciones cristianas, para toda la familia. Tengo la misi\u00f3n de empoderar tu vida, para que alcances todo el potencial que Dios a determinado para ti. Creo que somos seres integrales en alma, cuerpo y esp\u00edritu y que, con la ayuda de Jes\u00fas, con el poder del Esp\u00edritu Santo y con el amor de Dios el Padre llegaras a alcanzar niveles insospechados en tu vida. Todos los mensajes, art\u00edculos, videos y comentarios est\u00e1n enfocados en lograr cuatro cosas: - Que seas edificado a la manera de Jes\u00fas - Que tu familia sea cuidada - Que cumplas tu prop\u00f3sito en esta vida - Que crezcamos y nos multipliquemos como personas, entidades, organismos y como comunidad de fe Gracias por ver estos estudios y mensajes de fe y esperanza. Sinceramente Juan C Quintero Senior Pastor Vida Worship Center 10303 Royal Palm Blvd, Coral Springs, Fl 33065 email: pastor@vidawc.com Web: www.VidaWC.com","sameAs":["http:\/\/www.buendiatodoslosdias.com","https:\/\/www.facebook.com\/pastorjuanquintero\/","https:\/\/www.instagram.com\/vidawc\/","https:\/\/www.youtube.com\/playlist?list=PLqlmwAuBIF8qNKALCu9VGBtAmN7t3Enz0"],"url":"https:\/\/elversiculodeldia.com\/blog\/author\/jcqpastor\/"}]}},"amp_enabled":true,"_links":{"self":[{"href":"https:\/\/elversiculodeldia.com\/blog\/wp-json\/wp\/v2\/posts\/31530","targetHints":{"allow":["GET"]}}],"collection":[{"href":"https:\/\/elversiculodeldia.com\/blog\/wp-json\/wp\/v2\/posts"}],"about":[{"href":"https:\/\/elversiculodeldia.com\/blog\/wp-json\/wp\/v2\/types\/post"}],"author":[{"embeddable":true,"href":"https:\/\/elversiculodeldia.com\/blog\/wp-json\/wp\/v2\/users\/30"}],"replies":[{"embeddable":true,"href":"https:\/\/elversiculodeldia.com\/blog\/wp-json\/wp\/v2\/comments?post=31530"}],"version-history":[{"count":0,"href":"https:\/\/elversiculodeldia.com\/blog\/wp-json\/wp\/v2\/posts\/31530\/revisions"}],"wp:featuredmedia":[{"embeddable":true,"href":"https:\/\/elversiculodeldia.com\/blog\/wp-json\/wp\/v2\/media\/31531"}],"wp:attachment":[{"href":"https:\/\/elversiculodeldia.com\/blog\/wp-json\/wp\/v2\/media?parent=31530"}],"wp:term":[{"taxonomy":"category","embeddable":true,"href":"https:\/\/elversiculodeldia.com\/blog\/wp-json\/wp\/v2\/categories?post=31530"},{"taxonomy":"post_tag","embeddable":true,"href":"https:\/\/elversiculodeldia.com\/blog\/wp-json\/wp\/v2\/tags?post=31530"}],"curies":[{"name":"wp","href":"https:\/\/api.w.org\/{rel}","templated":true}]}}