{"id":2872,"date":"2011-06-07T09:15:56","date_gmt":"2011-06-07T13:15:56","guid":{"rendered":"http:\/\/www.elversiculodeldia.com\/?p=2872"},"modified":"2011-06-07T09:15:56","modified_gmt":"2011-06-07T13:15:56","slug":"reflexiones-un-versiculo-con-promesa","status":"publish","type":"post","link":"https:\/\/elversiculodeldia.com\/blog\/reflexiones-un-versiculo-con-promesa\/","title":{"rendered":"Reflexiones &#8211; Un versiculo con promesa"},"content":{"rendered":"<p><strong><img loading=\"lazy\" decoding=\"async\" class=\"alignleft size-thumbnail wp-image-2873\" title=\"promesas de dios\" src=\"http:\/\/www.elversiculodeldia.com\/wp-content\/uploads\/2011\/06\/promesas-de-dios-150x134.jpg\" alt=\"\" width=\"150\" height=\"134\" \/>Reflexiones &#8211; <\/strong><strong>Un vers\u00edculo con promesa&#8230; Pract\u00edcalo<\/strong><strong><\/p>\n<p>Proverbios 3:9-10 &#8220;Honra a Jehov\u00e1 con tus bienes, y con las primicias\u00a0 de todos tus frutos; y ser\u00e1n llenos tus graneros con abundancia, y tus\u00a0 lagares rebosar\u00e1n de mosto.&#8221; (Reina &#8211; Valera) <\/strong><\/p>\n<p><strong>&#8220;Honra al Se\u00f1or con tus riquezas y con los primeros frutos de tus\u00a0 cosechas; as\u00ed se llenar\u00e1n a reventar tus graneros y tus dep\u00f3sitos de\u00a0 vino.&#8221; (Dios Habla Hoy) <\/strong><br \/>\nUna de las ense\u00f1anzas claves que Jehov\u00e1 Dios le dio a su pueblo fue\u00a0 que deber\u00edan honrarle por sobre todas las cosas.\u00a0 Exist\u00eda un doble\u00a0 prop\u00f3sito<!--more--> para hacer eso:<br \/>\n<strong>a) El es digno de ser honrado y adorado por\u00a0 ser el \u00danico y Verdadero Dios y<br \/>\nb) habr\u00eda una recompensa para quienes\u00a0 lo practicaran.<\/strong><\/p>\n<p>Dios conoce al ser humano.\u00a0 A todos nos gusta estar bien y obtener las\u00a0 bendiciones de Dios.\u00a0 Sabiendo esto, el Se\u00f1or siempre motiv\u00f3 a Su\u00a0 pueblo a que le buscase a fin de que ellos resultaran bendecidos en\u00a0 sus vidas, familias y posesiones.<br \/>\nEl pasaje de hoy refleja esta verdad, pues nos aconseja a que honremos\u00a0 al Se\u00f1or y le demos las primicias, o lo mejor de lo primero, para\u00a0 posteriormente ser bendecidos.\u00a0 El Se\u00f1or es digno, por ser Dios, de\u00a0 recibir lo mejor de nuestras vidas.<\/p>\n<p>Muchas veces le damos al Se\u00f1or lo segundo o lo tercero de nuestro\u00a0 tiempo, de nuestro esfuerzo, de nuestro dinero etc.\u00a0 Lo vemos a El\u00a0 como un Dios que s\u00f3lo se le busca cuando tenemos o hay problemas, pero\u00a0 tenemos inconvenientes en verlo como el Se\u00f1or que reina con poder y es\u00a0 digno de ser adorado y merecedor por excelencia de las primicias o lo\u00a0 mejor de nosotros.\u00a0 Algunos cristianos ven al Se\u00f1or como una especie\u00a0 de &#8220;l\u00e1mpara de Aladino&#8221;, donde creen que frot\u00e1ndola sale un sirviente\u00a0 dispuesto a hacer lo que\u00a0 ellos pidan.<\/p>\n<p>\u00a1Este no es el Se\u00f1or del que nos habla la Biblia!\u00a0 Ella nos habla del\u00a0 Se\u00f1or como Aquel que reina con poder sobre todo el universo y como\u00a0 tal, es digno de que le honremos y le demos las primicias de nuestras\u00a0 vidas.\u00a0 \u00bfLo estamos haciendo?<\/p>\n<p><strong> Oraci\u00f3n: <\/strong>Cambia mi perspectiva espiritual, oh Dios, para verte como lo que T\u00fa\u00a0 realmente eres: El Se\u00f1or Todopoderoso, que es digno de ser honrado y\u00a0 merecedor de lo mejor de nuestras primicias.\u00a0 Por Cristo nuestro\u00a0 Se\u00f1or, am\u00e9n.<\/p>\n<p>Por: <strong>Ritchie Pugliese<\/strong><\/p>\n","protected":false},"excerpt":{"rendered":"<p>Reflexiones &#8211; Un vers\u00edculo con promesa&#8230; Pract\u00edcalo Proverbios 3:9-10 &#8220;Honra a Jehov\u00e1 con tus bienes, y con las primicias\u00a0 de todos tus frutos; y ser\u00e1n llenos tus graneros con abundancia, y tus\u00a0 lagares rebosar\u00e1n de mosto.&#8221; (Reina &#8211; Valera) &#8220;Honra al Se\u00f1or con tus riquezas y con los primeros frutos de tus\u00a0 cosechas; as\u00ed se [&hellip;]<\/p>\n","protected":false},"author":179,"featured_media":2873,"comment_status":"open","ping_status":"open","sticky":false,"template":"","format":"standard","meta":{"tdm_status":"","tdm_grid_status":"","footnotes":""},"categories":[5],"tags":[8,332,259,433,241,451,662,399,334,284],"class_list":{"0":"post-2872","1":"post","2":"type-post","3":"status-publish","4":"format-standard","5":"has-post-thumbnail","7":"category-reflexiones","8":"tag-dios","9":"tag-ensenanzas","10":"tag-frutos","11":"tag-honrar","12":"tag-justo","13":"tag-poderoso","14":"tag-primicias","15":"tag-promesas","16":"tag-sabio","17":"tag-senor"},"yoast_head":"<!-- This site is optimized with the Yoast SEO plugin v27.5 - https:\/\/yoast.com\/product\/yoast-seo-wordpress\/ -->\n<title>Reflexiones - Un versiculo con promesa<\/title>\n<meta name=\"description\" content=\"Reflexiones - Un versiculo con promesa - El vers\u00edculo del d\u00eda\" \/>\n<meta name=\"robots\" content=\"index, follow, max-snippet:-1, max-image-preview:large, max-video-preview:-1\" \/>\n<link rel=\"canonical\" href=\"https:\/\/elversiculodeldia.com\/blog\/reflexiones-un-versiculo-con-promesa\/\" \/>\n<meta property=\"og:locale\" content=\"en_US\" \/>\n<meta property=\"og:type\" content=\"article\" \/>\n<meta property=\"og:title\" content=\"Reflexiones - Un versiculo con promesa\" \/>\n<meta property=\"og:description\" content=\"Reflexiones - Un versiculo con promesa - El vers\u00edculo del d\u00eda\" \/>\n<meta property=\"og:url\" content=\"https:\/\/elversiculodeldia.com\/blog\/reflexiones-un-versiculo-con-promesa\/\" \/>\n<meta property=\"og:site_name\" content=\"El vers\u00edculo del d\u00eda\" \/>\n<meta property=\"article:publisher\" content=\"https:\/\/www.facebook.com\/elversiculodeldia\" \/>\n<meta property=\"article:published_time\" content=\"2011-06-07T13:15:56+00:00\" \/>\n<meta property=\"og:image\" content=\"https:\/\/elversiculodeldia.com\/blog\/wp-content\/uploads\/2011\/06\/promesas-de-dios.jpg\" \/>\n\t<meta property=\"og:image:width\" content=\"204\" \/>\n\t<meta property=\"og:image:height\" content=\"134\" \/>\n\t<meta property=\"og:image:type\" content=\"image\/jpeg\" \/>\n<meta name=\"author\" content=\"Publicador\" \/>\n<meta name=\"twitter:card\" content=\"summary_large_image\" \/>\n<meta name=\"twitter:creator\" content=\"@elversiculo\" \/>\n<meta name=\"twitter:site\" content=\"@elversiculo\" \/>\n<meta name=\"twitter:label1\" content=\"Written by\" \/>\n\t<meta name=\"twitter:data1\" content=\"Publicador\" \/>\n\t<meta name=\"twitter:label2\" content=\"Est. reading time\" \/>\n\t<meta name=\"twitter:data2\" content=\"2 minutes\" \/>\n<script type=\"application\/ld+json\" class=\"yoast-schema-graph\">{\"@context\":\"https:\\\/\\\/schema.org\",\"@graph\":[{\"@type\":\"Article\",\"@id\":\"https:\\\/\\\/elversiculodeldia.com\\\/blog\\\/reflexiones-un-versiculo-con-promesa\\\/#article\",\"isPartOf\":{\"@id\":\"https:\\\/\\\/elversiculodeldia.com\\\/blog\\\/reflexiones-un-versiculo-con-promesa\\\/\"},\"author\":{\"name\":\"Publicador\",\"@id\":\"https:\\\/\\\/elversiculodeldia.com\\\/blog\\\/#\\\/schema\\\/person\\\/28207690384384b0c36020e7c000f640\"},\"headline\":\"Reflexiones &#8211; Un versiculo con promesa\",\"datePublished\":\"2011-06-07T13:15:56+00:00\",\"mainEntityOfPage\":{\"@id\":\"https:\\\/\\\/elversiculodeldia.com\\\/blog\\\/reflexiones-un-versiculo-con-promesa\\\/\"},\"wordCount\":422,\"commentCount\":0,\"publisher\":{\"@id\":\"https:\\\/\\\/elversiculodeldia.com\\\/blog\\\/#organization\"},\"image\":{\"@id\":\"https:\\\/\\\/elversiculodeldia.com\\\/blog\\\/reflexiones-un-versiculo-con-promesa\\\/#primaryimage\"},\"thumbnailUrl\":\"https:\\\/\\\/elversiculodeldia.com\\\/blog\\\/wp-content\\\/uploads\\\/2011\\\/06\\\/promesas-de-dios.jpg\",\"keywords\":[\"Dios\",\"Ense\u00f1anzas\",\"Frutos\",\"Honrar\",\"Justo\",\"Poderoso\",\"Primicias\",\"Promesas\",\"Sabio\",\"Senor\"],\"articleSection\":[\"Reflexiones\"],\"inLanguage\":\"en-US\",\"potentialAction\":[{\"@type\":\"CommentAction\",\"name\":\"Comment\",\"target\":[\"https:\\\/\\\/elversiculodeldia.com\\\/blog\\\/reflexiones-un-versiculo-con-promesa\\\/#respond\"]}]},{\"@type\":\"WebPage\",\"@id\":\"https:\\\/\\\/elversiculodeldia.com\\\/blog\\\/reflexiones-un-versiculo-con-promesa\\\/\",\"url\":\"https:\\\/\\\/elversiculodeldia.com\\\/blog\\\/reflexiones-un-versiculo-con-promesa\\\/\",\"name\":\"Reflexiones - Un versiculo con promesa\",\"isPartOf\":{\"@id\":\"https:\\\/\\\/elversiculodeldia.com\\\/blog\\\/#website\"},\"primaryImageOfPage\":{\"@id\":\"https:\\\/\\\/elversiculodeldia.com\\\/blog\\\/reflexiones-un-versiculo-con-promesa\\\/#primaryimage\"},\"image\":{\"@id\":\"https:\\\/\\\/elversiculodeldia.com\\\/blog\\\/reflexiones-un-versiculo-con-promesa\\\/#primaryimage\"},\"thumbnailUrl\":\"https:\\\/\\\/elversiculodeldia.com\\\/blog\\\/wp-content\\\/uploads\\\/2011\\\/06\\\/promesas-de-dios.jpg\",\"datePublished\":\"2011-06-07T13:15:56+00:00\",\"description\":\"Reflexiones - Un versiculo con promesa - El vers\u00edculo del d\u00eda\",\"inLanguage\":\"en-US\",\"potentialAction\":[{\"@type\":\"ReadAction\",\"target\":[\"https:\\\/\\\/elversiculodeldia.com\\\/blog\\\/reflexiones-un-versiculo-con-promesa\\\/\"]}]},{\"@type\":\"ImageObject\",\"inLanguage\":\"en-US\",\"@id\":\"https:\\\/\\\/elversiculodeldia.com\\\/blog\\\/reflexiones-un-versiculo-con-promesa\\\/#primaryimage\",\"url\":\"https:\\\/\\\/elversiculodeldia.com\\\/blog\\\/wp-content\\\/uploads\\\/2011\\\/06\\\/promesas-de-dios.jpg\",\"contentUrl\":\"https:\\\/\\\/elversiculodeldia.com\\\/blog\\\/wp-content\\\/uploads\\\/2011\\\/06\\\/promesas-de-dios.jpg\",\"width\":204,\"height\":134},{\"@type\":\"WebSite\",\"@id\":\"https:\\\/\\\/elversiculodeldia.com\\\/blog\\\/#website\",\"url\":\"https:\\\/\\\/elversiculodeldia.com\\\/blog\\\/\",\"name\":\"El Vers\u00edculo del D\u00eda\",\"description\":\"Llevando un vers\u00edculo de salvaci\u00f3n a cada coraz\u00f3n!\",\"publisher\":{\"@id\":\"https:\\\/\\\/elversiculodeldia.com\\\/blog\\\/#organization\"},\"potentialAction\":[{\"@type\":\"SearchAction\",\"target\":{\"@type\":\"EntryPoint\",\"urlTemplate\":\"https:\\\/\\\/elversiculodeldia.com\\\/blog\\\/?s={search_term_string}\"},\"query-input\":{\"@type\":\"PropertyValueSpecification\",\"valueRequired\":true,\"valueName\":\"search_term_string\"}}],\"inLanguage\":\"en-US\"},{\"@type\":\"Organization\",\"@id\":\"https:\\\/\\\/elversiculodeldia.com\\\/blog\\\/#organization\",\"name\":\"El Versiculo del Dia\",\"url\":\"https:\\\/\\\/elversiculodeldia.com\\\/blog\\\/\",\"logo\":{\"@type\":\"ImageObject\",\"inLanguage\":\"en-US\",\"@id\":\"https:\\\/\\\/elversiculodeldia.com\\\/blog\\\/#\\\/schema\\\/logo\\\/image\\\/\",\"url\":\"https:\\\/\\\/elversiculodeldia.com\\\/blog\\\/wp-content\\\/uploads\\\/2017\\\/04\\\/logoOficialEVD.png\",\"contentUrl\":\"https:\\\/\\\/elversiculodeldia.com\\\/blog\\\/wp-content\\\/uploads\\\/2017\\\/04\\\/logoOficialEVD.png\",\"width\":400,\"height\":100,\"caption\":\"El Versiculo del Dia\"},\"image\":{\"@id\":\"https:\\\/\\\/elversiculodeldia.com\\\/blog\\\/#\\\/schema\\\/logo\\\/image\\\/\"},\"sameAs\":[\"https:\\\/\\\/www.facebook.com\\\/elversiculodeldia\",\"https:\\\/\\\/x.com\\\/elversiculo\",\"https:\\\/\\\/www.instagram.com\\\/elversiculo\",\"https:\\\/\\\/www.youtube.com\\\/user\\\/elversiculodeldia\",\"https:\\\/\\\/chat.whatsapp.com\\\/HreYiXZFT8e0tZUmqriKfb\"]},{\"@type\":\"Person\",\"@id\":\"https:\\\/\\\/elversiculodeldia.com\\\/blog\\\/#\\\/schema\\\/person\\\/28207690384384b0c36020e7c000f640\",\"name\":\"Publicador\",\"image\":{\"@type\":\"ImageObject\",\"inLanguage\":\"en-US\",\"@id\":\"https:\\\/\\\/elversiculodeldia.com\\\/blog\\\/wp-content\\\/uploads\\\/2020\\\/01\\\/userbss.png\",\"url\":\"https:\\\/\\\/elversiculodeldia.com\\\/blog\\\/wp-content\\\/uploads\\\/2020\\\/01\\\/userbss.png\",\"contentUrl\":\"https:\\\/\\\/elversiculodeldia.com\\\/blog\\\/wp-content\\\/uploads\\\/2020\\\/01\\\/userbss.png\",\"caption\":\"Publicador\"},\"description\":\"Salvo por gracia \u2764 Dios es bueno y para siempre es Su misericordia!\",\"sameAs\":[\"https:\\\/\\\/www.elversiculodeldia.com\\\/\"],\"url\":\"https:\\\/\\\/elversiculodeldia.com\\\/blog\\\/author\\\/publicador\\\/\"}]}<\/script>\n<!-- \/ Yoast SEO plugin. -->","yoast_head_json":{"title":"Reflexiones - Un versiculo con promesa","description":"Reflexiones - Un versiculo con promesa - El vers\u00edculo del d\u00eda","robots":{"index":"index","follow":"follow","max-snippet":"max-snippet:-1","max-image-preview":"max-image-preview:large","max-video-preview":"max-video-preview:-1"},"canonical":"https:\/\/elversiculodeldia.com\/blog\/reflexiones-un-versiculo-con-promesa\/","og_locale":"en_US","og_type":"article","og_title":"Reflexiones - Un versiculo con promesa","og_description":"Reflexiones - Un versiculo con promesa - El vers\u00edculo del d\u00eda","og_url":"https:\/\/elversiculodeldia.com\/blog\/reflexiones-un-versiculo-con-promesa\/","og_site_name":"El vers\u00edculo del d\u00eda","article_publisher":"https:\/\/www.facebook.com\/elversiculodeldia","article_published_time":"2011-06-07T13:15:56+00:00","og_image":[{"width":204,"height":134,"url":"https:\/\/elversiculodeldia.com\/blog\/wp-content\/uploads\/2011\/06\/promesas-de-dios.jpg","type":"image\/jpeg"}],"author":"Publicador","twitter_card":"summary_large_image","twitter_creator":"@elversiculo","twitter_site":"@elversiculo","twitter_misc":{"Written by":"Publicador","Est. reading time":"2 minutes"},"schema":{"@context":"https:\/\/schema.org","@graph":[{"@type":"Article","@id":"https:\/\/elversiculodeldia.com\/blog\/reflexiones-un-versiculo-con-promesa\/#article","isPartOf":{"@id":"https:\/\/elversiculodeldia.com\/blog\/reflexiones-un-versiculo-con-promesa\/"},"author":{"name":"Publicador","@id":"https:\/\/elversiculodeldia.com\/blog\/#\/schema\/person\/28207690384384b0c36020e7c000f640"},"headline":"Reflexiones &#8211; Un versiculo con promesa","datePublished":"2011-06-07T13:15:56+00:00","mainEntityOfPage":{"@id":"https:\/\/elversiculodeldia.com\/blog\/reflexiones-un-versiculo-con-promesa\/"},"wordCount":422,"commentCount":0,"publisher":{"@id":"https:\/\/elversiculodeldia.com\/blog\/#organization"},"image":{"@id":"https:\/\/elversiculodeldia.com\/blog\/reflexiones-un-versiculo-con-promesa\/#primaryimage"},"thumbnailUrl":"https:\/\/elversiculodeldia.com\/blog\/wp-content\/uploads\/2011\/06\/promesas-de-dios.jpg","keywords":["Dios","Ense\u00f1anzas","Frutos","Honrar","Justo","Poderoso","Primicias","Promesas","Sabio","Senor"],"articleSection":["Reflexiones"],"inLanguage":"en-US","potentialAction":[{"@type":"CommentAction","name":"Comment","target":["https:\/\/elversiculodeldia.com\/blog\/reflexiones-un-versiculo-con-promesa\/#respond"]}]},{"@type":"WebPage","@id":"https:\/\/elversiculodeldia.com\/blog\/reflexiones-un-versiculo-con-promesa\/","url":"https:\/\/elversiculodeldia.com\/blog\/reflexiones-un-versiculo-con-promesa\/","name":"Reflexiones - Un versiculo con promesa","isPartOf":{"@id":"https:\/\/elversiculodeldia.com\/blog\/#website"},"primaryImageOfPage":{"@id":"https:\/\/elversiculodeldia.com\/blog\/reflexiones-un-versiculo-con-promesa\/#primaryimage"},"image":{"@id":"https:\/\/elversiculodeldia.com\/blog\/reflexiones-un-versiculo-con-promesa\/#primaryimage"},"thumbnailUrl":"https:\/\/elversiculodeldia.com\/blog\/wp-content\/uploads\/2011\/06\/promesas-de-dios.jpg","datePublished":"2011-06-07T13:15:56+00:00","description":"Reflexiones - Un versiculo con promesa - El vers\u00edculo del d\u00eda","inLanguage":"en-US","potentialAction":[{"@type":"ReadAction","target":["https:\/\/elversiculodeldia.com\/blog\/reflexiones-un-versiculo-con-promesa\/"]}]},{"@type":"ImageObject","inLanguage":"en-US","@id":"https:\/\/elversiculodeldia.com\/blog\/reflexiones-un-versiculo-con-promesa\/#primaryimage","url":"https:\/\/elversiculodeldia.com\/blog\/wp-content\/uploads\/2011\/06\/promesas-de-dios.jpg","contentUrl":"https:\/\/elversiculodeldia.com\/blog\/wp-content\/uploads\/2011\/06\/promesas-de-dios.jpg","width":204,"height":134},{"@type":"WebSite","@id":"https:\/\/elversiculodeldia.com\/blog\/#website","url":"https:\/\/elversiculodeldia.com\/blog\/","name":"El Vers\u00edculo del D\u00eda","description":"Llevando un vers\u00edculo de salvaci\u00f3n a cada coraz\u00f3n!","publisher":{"@id":"https:\/\/elversiculodeldia.com\/blog\/#organization"},"potentialAction":[{"@type":"SearchAction","target":{"@type":"EntryPoint","urlTemplate":"https:\/\/elversiculodeldia.com\/blog\/?s={search_term_string}"},"query-input":{"@type":"PropertyValueSpecification","valueRequired":true,"valueName":"search_term_string"}}],"inLanguage":"en-US"},{"@type":"Organization","@id":"https:\/\/elversiculodeldia.com\/blog\/#organization","name":"El Versiculo del Dia","url":"https:\/\/elversiculodeldia.com\/blog\/","logo":{"@type":"ImageObject","inLanguage":"en-US","@id":"https:\/\/elversiculodeldia.com\/blog\/#\/schema\/logo\/image\/","url":"https:\/\/elversiculodeldia.com\/blog\/wp-content\/uploads\/2017\/04\/logoOficialEVD.png","contentUrl":"https:\/\/elversiculodeldia.com\/blog\/wp-content\/uploads\/2017\/04\/logoOficialEVD.png","width":400,"height":100,"caption":"El Versiculo del Dia"},"image":{"@id":"https:\/\/elversiculodeldia.com\/blog\/#\/schema\/logo\/image\/"},"sameAs":["https:\/\/www.facebook.com\/elversiculodeldia","https:\/\/x.com\/elversiculo","https:\/\/www.instagram.com\/elversiculo","https:\/\/www.youtube.com\/user\/elversiculodeldia","https:\/\/chat.whatsapp.com\/HreYiXZFT8e0tZUmqriKfb"]},{"@type":"Person","@id":"https:\/\/elversiculodeldia.com\/blog\/#\/schema\/person\/28207690384384b0c36020e7c000f640","name":"Publicador","image":{"@type":"ImageObject","inLanguage":"en-US","@id":"https:\/\/elversiculodeldia.com\/blog\/wp-content\/uploads\/2020\/01\/userbss.png","url":"https:\/\/elversiculodeldia.com\/blog\/wp-content\/uploads\/2020\/01\/userbss.png","contentUrl":"https:\/\/elversiculodeldia.com\/blog\/wp-content\/uploads\/2020\/01\/userbss.png","caption":"Publicador"},"description":"Salvo por gracia \u2764 Dios es bueno y para siempre es Su misericordia!","sameAs":["https:\/\/www.elversiculodeldia.com\/"],"url":"https:\/\/elversiculodeldia.com\/blog\/author\/publicador\/"}]}},"amp_enabled":true,"_links":{"self":[{"href":"https:\/\/elversiculodeldia.com\/blog\/wp-json\/wp\/v2\/posts\/2872","targetHints":{"allow":["GET"]}}],"collection":[{"href":"https:\/\/elversiculodeldia.com\/blog\/wp-json\/wp\/v2\/posts"}],"about":[{"href":"https:\/\/elversiculodeldia.com\/blog\/wp-json\/wp\/v2\/types\/post"}],"author":[{"embeddable":true,"href":"https:\/\/elversiculodeldia.com\/blog\/wp-json\/wp\/v2\/users\/179"}],"replies":[{"embeddable":true,"href":"https:\/\/elversiculodeldia.com\/blog\/wp-json\/wp\/v2\/comments?post=2872"}],"version-history":[{"count":0,"href":"https:\/\/elversiculodeldia.com\/blog\/wp-json\/wp\/v2\/posts\/2872\/revisions"}],"wp:featuredmedia":[{"embeddable":true,"href":"https:\/\/elversiculodeldia.com\/blog\/wp-json\/wp\/v2\/media\/2873"}],"wp:attachment":[{"href":"https:\/\/elversiculodeldia.com\/blog\/wp-json\/wp\/v2\/media?parent=2872"}],"wp:term":[{"taxonomy":"category","embeddable":true,"href":"https:\/\/elversiculodeldia.com\/blog\/wp-json\/wp\/v2\/categories?post=2872"},{"taxonomy":"post_tag","embeddable":true,"href":"https:\/\/elversiculodeldia.com\/blog\/wp-json\/wp\/v2\/tags?post=2872"}],"curies":[{"name":"wp","href":"https:\/\/api.w.org\/{rel}","templated":true}]}}