{"id":28111,"date":"2016-01-06T20:35:55","date_gmt":"2016-01-07T00:35:55","guid":{"rendered":"http:\/\/www.elversiculodeldia.com\/?p=28111"},"modified":"2016-01-07T09:26:18","modified_gmt":"2016-01-07T13:26:18","slug":"la-lengua-primera-parte-fuente-de-males","status":"publish","type":"post","link":"https:\/\/elversiculodeldia.com\/blog\/la-lengua-primera-parte-fuente-de-males\/","title":{"rendered":"La lengua &#8211; Primera parte &#8211; fuente de males"},"content":{"rendered":"<p dir=\"ltr\"><img loading=\"lazy\" decoding=\"async\" class=\"alignleft size-full wp-image-28123\" src=\"http:\/\/www.elversiculodeldia.com\/wp-content\/uploads\/2016\/01\/fuego.jpg\" alt=\"fuego\" width=\"275\" height=\"183\" \/>La lengua es un fuego&#8230; ning\u00fan hombre puede domar la lengua, que es un mal&#8230; llena de veneno mortal.<br \/>\nSantiago 3:6-8<\/p>\n<p dir=\"ltr\">El que guarda su boca y su lengua, su alma guarda de angustias.<br \/>\nProverbios 21:23<\/p>\n<p dir=\"ltr\">Por tus palabras ser\u00e1s justificado, y por tus palabras ser\u00e1s condenado.<br \/>\nMateo 12:37<\/p>\n<p dir=\"ltr\">Lengua: palabra que designa a la vez el \u00f3rgano f\u00edsico de nuestro cuerpo y el lenguaje humano. Mediante ella expresamos con palabras nuestros sentimientos y emociones; nos comunicamos. Nuestras palabras desempe\u00f1an un papel fundamental en nuestras relaciones con los dem\u00e1s. La Biblia lo subraya con expresiones muy claras:<\/p>\n<p dir=\"ltr\">\u201cLa muerte y la vida est\u00e1n en poder de la lengua\u201d (Proverbios 18:21). Ese poder es comparado al de un peque\u00f1o fuego que provoca un gran incendio (Santiago 3:5). La Biblia nos advierte contra las malas acciones de la lengua:<\/p>\n<p dir=\"ltr\">\u2013 La maledicencia es subrayar el mal en el otro (Lev\u00edtico 19:16).<\/p>\n<p dir=\"ltr\">\u2013 La calumnia es una acusaci\u00f3n mentirosa (Proverbios 10:18).<\/p>\n<p dir=\"ltr\">\u2013 Las palabras inspiradas por la ira, la envidia, el orgullo (Efesios 4:31).<\/p>\n<p dir=\"ltr\">\u2013 Las palabras mentirosas (Zacar\u00edas 8:17).<\/p>\n<p dir=\"ltr\">\u2013 Las bromas sucias o groseras (Efesios 5:4).<\/p>\n<p dir=\"ltr\">\u2013 Las palabras que hieren (Proverbios 12:18).<\/p>\n<p dir=\"ltr\">\u00a1Tales palabras pueden ser devastadoras para los dem\u00e1s y tambi\u00e9n para el que las pronuncia, ya sea en las familias, las iglesias locales, las empresas o la sociedad!<\/p>\n<p dir=\"ltr\">Refrenar la lengua es velar continuamente sobre nuestras palabras para que \u00e9stas sean agradables a nuestro Dios. \u201cEl amor no tiene envidia, el amor no es jactancioso, no se envanece&#8230; no busca lo suyo, no se irrita, no guarda rencor; no se goza de la injusticia, mas se goza de la verdad\u201d (1 Corintios 13:4-6).<\/p>\n<p dir=\"ltr\">Job 2-3 &#8211; Juan 19:31-42 &#8211; Salmo 119:137-144 &#8211; Proverbios 27:1-2<br \/>\n\u00a9 Editorial La Buena Semilla<\/p>\n","protected":false},"excerpt":{"rendered":"<p>La lengua es un fuego&#8230; ning\u00fan hombre puede domar la lengua, que es un mal&#8230; llena de veneno mortal. Santiago 3:6-8 El que guarda su boca y su lengua, su alma guarda de angustias. Proverbios 21:23 Por tus palabras ser\u00e1s justificado, y por tus palabras ser\u00e1s condenado. Mateo 12:37 Lengua: palabra que designa a la [&hellip;]<\/p>\n","protected":false},"author":179,"featured_media":28123,"comment_status":"open","ping_status":"open","sticky":false,"template":"","format":"standard","meta":{"tdm_status":"","tdm_grid_status":"","footnotes":""},"categories":[5],"tags":[1118,29,8,1057,1230,715,602,1114,1048,1120],"class_list":{"0":"post-28111","1":"post","2":"type-post","3":"status-publish","4":"format-standard","5":"has-post-thumbnail","7":"category-reflexiones","8":"tag-1118","9":"tag-amor","10":"tag-dios","11":"tag-efesios-5","12":"tag-envidia","13":"tag-lengua","14":"tag-males","15":"tag-mateo","16":"tag-proverbios-18","17":"tag-santiago"},"yoast_head":"<!-- This site is optimized with the Yoast SEO plugin v27.5 - https:\/\/yoast.com\/product\/yoast-seo-wordpress\/ -->\n<title>La lengua - Primera parte - fuente de males<\/title>\n<meta name=\"description\" content=\"La lengua - Primera parte - fuente de males - El vers\u00edculo del d\u00eda\" \/>\n<meta name=\"robots\" content=\"index, follow, max-snippet:-1, max-image-preview:large, max-video-preview:-1\" \/>\n<link rel=\"canonical\" href=\"https:\/\/elversiculodeldia.com\/blog\/la-lengua-primera-parte-fuente-de-males\/\" \/>\n<meta property=\"og:locale\" content=\"en_US\" \/>\n<meta property=\"og:type\" content=\"article\" \/>\n<meta property=\"og:title\" content=\"La lengua - Primera parte - fuente de males\" \/>\n<meta property=\"og:description\" content=\"La lengua - Primera parte - fuente de males - El vers\u00edculo del d\u00eda\" \/>\n<meta property=\"og:url\" content=\"https:\/\/elversiculodeldia.com\/blog\/la-lengua-primera-parte-fuente-de-males\/\" \/>\n<meta property=\"og:site_name\" content=\"El vers\u00edculo del d\u00eda\" \/>\n<meta property=\"article:publisher\" content=\"https:\/\/www.facebook.com\/elversiculodeldia\" \/>\n<meta property=\"article:published_time\" content=\"2016-01-07T00:35:55+00:00\" \/>\n<meta property=\"article:modified_time\" content=\"2016-01-07T13:26:18+00:00\" \/>\n<meta property=\"og:image\" content=\"https:\/\/elversiculodeldia.com\/blog\/wp-content\/uploads\/2016\/01\/fuego.jpg\" \/>\n\t<meta property=\"og:image:width\" content=\"275\" \/>\n\t<meta property=\"og:image:height\" content=\"183\" \/>\n\t<meta property=\"og:image:type\" content=\"image\/jpeg\" \/>\n<meta name=\"author\" content=\"Publicador\" \/>\n<meta name=\"twitter:card\" content=\"summary_large_image\" \/>\n<meta name=\"twitter:creator\" content=\"@elversiculo\" \/>\n<meta name=\"twitter:site\" content=\"@elversiculo\" \/>\n<meta name=\"twitter:label1\" content=\"Written by\" \/>\n\t<meta name=\"twitter:data1\" content=\"Publicador\" \/>\n\t<meta name=\"twitter:label2\" content=\"Est. reading time\" \/>\n\t<meta name=\"twitter:data2\" content=\"1 minute\" \/>\n<script type=\"application\/ld+json\" class=\"yoast-schema-graph\">{\"@context\":\"https:\\\/\\\/schema.org\",\"@graph\":[{\"@type\":\"Article\",\"@id\":\"https:\\\/\\\/elversiculodeldia.com\\\/blog\\\/la-lengua-primera-parte-fuente-de-males\\\/#article\",\"isPartOf\":{\"@id\":\"https:\\\/\\\/elversiculodeldia.com\\\/blog\\\/la-lengua-primera-parte-fuente-de-males\\\/\"},\"author\":{\"name\":\"Publicador\",\"@id\":\"https:\\\/\\\/elversiculodeldia.com\\\/blog\\\/#\\\/schema\\\/person\\\/28207690384384b0c36020e7c000f640\"},\"headline\":\"La lengua &#8211; Primera parte &#8211; fuente de males\",\"datePublished\":\"2016-01-07T00:35:55+00:00\",\"dateModified\":\"2016-01-07T13:26:18+00:00\",\"mainEntityOfPage\":{\"@id\":\"https:\\\/\\\/elversiculodeldia.com\\\/blog\\\/la-lengua-primera-parte-fuente-de-males\\\/\"},\"wordCount\":295,\"commentCount\":0,\"publisher\":{\"@id\":\"https:\\\/\\\/elversiculodeldia.com\\\/blog\\\/#organization\"},\"image\":{\"@id\":\"https:\\\/\\\/elversiculodeldia.com\\\/blog\\\/la-lengua-primera-parte-fuente-de-males\\\/#primaryimage\"},\"thumbnailUrl\":\"https:\\\/\\\/elversiculodeldia.com\\\/blog\\\/wp-content\\\/uploads\\\/2016\\\/01\\\/fuego.jpg\",\"keywords\":[\"37\",\"amor\",\"Dios\",\"Efesios 5\",\"envidia\",\"Lengua\",\"males\",\"Mateo\",\"Proverbios 18\",\"Santiago\"],\"articleSection\":[\"Reflexiones\"],\"inLanguage\":\"en-US\",\"potentialAction\":[{\"@type\":\"CommentAction\",\"name\":\"Comment\",\"target\":[\"https:\\\/\\\/elversiculodeldia.com\\\/blog\\\/la-lengua-primera-parte-fuente-de-males\\\/#respond\"]}]},{\"@type\":\"WebPage\",\"@id\":\"https:\\\/\\\/elversiculodeldia.com\\\/blog\\\/la-lengua-primera-parte-fuente-de-males\\\/\",\"url\":\"https:\\\/\\\/elversiculodeldia.com\\\/blog\\\/la-lengua-primera-parte-fuente-de-males\\\/\",\"name\":\"La lengua - Primera parte - fuente de males\",\"isPartOf\":{\"@id\":\"https:\\\/\\\/elversiculodeldia.com\\\/blog\\\/#website\"},\"primaryImageOfPage\":{\"@id\":\"https:\\\/\\\/elversiculodeldia.com\\\/blog\\\/la-lengua-primera-parte-fuente-de-males\\\/#primaryimage\"},\"image\":{\"@id\":\"https:\\\/\\\/elversiculodeldia.com\\\/blog\\\/la-lengua-primera-parte-fuente-de-males\\\/#primaryimage\"},\"thumbnailUrl\":\"https:\\\/\\\/elversiculodeldia.com\\\/blog\\\/wp-content\\\/uploads\\\/2016\\\/01\\\/fuego.jpg\",\"datePublished\":\"2016-01-07T00:35:55+00:00\",\"dateModified\":\"2016-01-07T13:26:18+00:00\",\"description\":\"La lengua - Primera parte - fuente de males - El vers\u00edculo del d\u00eda\",\"inLanguage\":\"en-US\",\"potentialAction\":[{\"@type\":\"ReadAction\",\"target\":[\"https:\\\/\\\/elversiculodeldia.com\\\/blog\\\/la-lengua-primera-parte-fuente-de-males\\\/\"]}]},{\"@type\":\"ImageObject\",\"inLanguage\":\"en-US\",\"@id\":\"https:\\\/\\\/elversiculodeldia.com\\\/blog\\\/la-lengua-primera-parte-fuente-de-males\\\/#primaryimage\",\"url\":\"https:\\\/\\\/elversiculodeldia.com\\\/blog\\\/wp-content\\\/uploads\\\/2016\\\/01\\\/fuego.jpg\",\"contentUrl\":\"https:\\\/\\\/elversiculodeldia.com\\\/blog\\\/wp-content\\\/uploads\\\/2016\\\/01\\\/fuego.jpg\",\"width\":275,\"height\":183},{\"@type\":\"WebSite\",\"@id\":\"https:\\\/\\\/elversiculodeldia.com\\\/blog\\\/#website\",\"url\":\"https:\\\/\\\/elversiculodeldia.com\\\/blog\\\/\",\"name\":\"El Vers\u00edculo del D\u00eda\",\"description\":\"Llevando un vers\u00edculo de salvaci\u00f3n a cada coraz\u00f3n!\",\"publisher\":{\"@id\":\"https:\\\/\\\/elversiculodeldia.com\\\/blog\\\/#organization\"},\"potentialAction\":[{\"@type\":\"SearchAction\",\"target\":{\"@type\":\"EntryPoint\",\"urlTemplate\":\"https:\\\/\\\/elversiculodeldia.com\\\/blog\\\/?s={search_term_string}\"},\"query-input\":{\"@type\":\"PropertyValueSpecification\",\"valueRequired\":true,\"valueName\":\"search_term_string\"}}],\"inLanguage\":\"en-US\"},{\"@type\":\"Organization\",\"@id\":\"https:\\\/\\\/elversiculodeldia.com\\\/blog\\\/#organization\",\"name\":\"El Versiculo del Dia\",\"url\":\"https:\\\/\\\/elversiculodeldia.com\\\/blog\\\/\",\"logo\":{\"@type\":\"ImageObject\",\"inLanguage\":\"en-US\",\"@id\":\"https:\\\/\\\/elversiculodeldia.com\\\/blog\\\/#\\\/schema\\\/logo\\\/image\\\/\",\"url\":\"https:\\\/\\\/elversiculodeldia.com\\\/blog\\\/wp-content\\\/uploads\\\/2017\\\/04\\\/logoOficialEVD.png\",\"contentUrl\":\"https:\\\/\\\/elversiculodeldia.com\\\/blog\\\/wp-content\\\/uploads\\\/2017\\\/04\\\/logoOficialEVD.png\",\"width\":400,\"height\":100,\"caption\":\"El Versiculo del Dia\"},\"image\":{\"@id\":\"https:\\\/\\\/elversiculodeldia.com\\\/blog\\\/#\\\/schema\\\/logo\\\/image\\\/\"},\"sameAs\":[\"https:\\\/\\\/www.facebook.com\\\/elversiculodeldia\",\"https:\\\/\\\/x.com\\\/elversiculo\",\"https:\\\/\\\/www.instagram.com\\\/elversiculo\",\"https:\\\/\\\/www.youtube.com\\\/user\\\/elversiculodeldia\",\"https:\\\/\\\/chat.whatsapp.com\\\/HreYiXZFT8e0tZUmqriKfb\"]},{\"@type\":\"Person\",\"@id\":\"https:\\\/\\\/elversiculodeldia.com\\\/blog\\\/#\\\/schema\\\/person\\\/28207690384384b0c36020e7c000f640\",\"name\":\"Publicador\",\"image\":{\"@type\":\"ImageObject\",\"inLanguage\":\"en-US\",\"@id\":\"https:\\\/\\\/elversiculodeldia.com\\\/blog\\\/wp-content\\\/uploads\\\/2020\\\/01\\\/userbss.png\",\"url\":\"https:\\\/\\\/elversiculodeldia.com\\\/blog\\\/wp-content\\\/uploads\\\/2020\\\/01\\\/userbss.png\",\"contentUrl\":\"https:\\\/\\\/elversiculodeldia.com\\\/blog\\\/wp-content\\\/uploads\\\/2020\\\/01\\\/userbss.png\",\"caption\":\"Publicador\"},\"description\":\"Salvo por gracia \u2764 Dios es bueno y para siempre es Su misericordia!\",\"sameAs\":[\"https:\\\/\\\/www.elversiculodeldia.com\\\/\"],\"url\":\"https:\\\/\\\/elversiculodeldia.com\\\/blog\\\/author\\\/publicador\\\/\"}]}<\/script>\n<!-- \/ Yoast SEO plugin. -->","yoast_head_json":{"title":"La lengua - Primera parte - fuente de males","description":"La lengua - Primera parte - fuente de males - El vers\u00edculo del d\u00eda","robots":{"index":"index","follow":"follow","max-snippet":"max-snippet:-1","max-image-preview":"max-image-preview:large","max-video-preview":"max-video-preview:-1"},"canonical":"https:\/\/elversiculodeldia.com\/blog\/la-lengua-primera-parte-fuente-de-males\/","og_locale":"en_US","og_type":"article","og_title":"La lengua - Primera parte - fuente de males","og_description":"La lengua - Primera parte - fuente de males - El vers\u00edculo del d\u00eda","og_url":"https:\/\/elversiculodeldia.com\/blog\/la-lengua-primera-parte-fuente-de-males\/","og_site_name":"El vers\u00edculo del d\u00eda","article_publisher":"https:\/\/www.facebook.com\/elversiculodeldia","article_published_time":"2016-01-07T00:35:55+00:00","article_modified_time":"2016-01-07T13:26:18+00:00","og_image":[{"width":275,"height":183,"url":"https:\/\/elversiculodeldia.com\/blog\/wp-content\/uploads\/2016\/01\/fuego.jpg","type":"image\/jpeg"}],"author":"Publicador","twitter_card":"summary_large_image","twitter_creator":"@elversiculo","twitter_site":"@elversiculo","twitter_misc":{"Written by":"Publicador","Est. reading time":"1 minute"},"schema":{"@context":"https:\/\/schema.org","@graph":[{"@type":"Article","@id":"https:\/\/elversiculodeldia.com\/blog\/la-lengua-primera-parte-fuente-de-males\/#article","isPartOf":{"@id":"https:\/\/elversiculodeldia.com\/blog\/la-lengua-primera-parte-fuente-de-males\/"},"author":{"name":"Publicador","@id":"https:\/\/elversiculodeldia.com\/blog\/#\/schema\/person\/28207690384384b0c36020e7c000f640"},"headline":"La lengua &#8211; Primera parte &#8211; fuente de males","datePublished":"2016-01-07T00:35:55+00:00","dateModified":"2016-01-07T13:26:18+00:00","mainEntityOfPage":{"@id":"https:\/\/elversiculodeldia.com\/blog\/la-lengua-primera-parte-fuente-de-males\/"},"wordCount":295,"commentCount":0,"publisher":{"@id":"https:\/\/elversiculodeldia.com\/blog\/#organization"},"image":{"@id":"https:\/\/elversiculodeldia.com\/blog\/la-lengua-primera-parte-fuente-de-males\/#primaryimage"},"thumbnailUrl":"https:\/\/elversiculodeldia.com\/blog\/wp-content\/uploads\/2016\/01\/fuego.jpg","keywords":["37","amor","Dios","Efesios 5","envidia","Lengua","males","Mateo","Proverbios 18","Santiago"],"articleSection":["Reflexiones"],"inLanguage":"en-US","potentialAction":[{"@type":"CommentAction","name":"Comment","target":["https:\/\/elversiculodeldia.com\/blog\/la-lengua-primera-parte-fuente-de-males\/#respond"]}]},{"@type":"WebPage","@id":"https:\/\/elversiculodeldia.com\/blog\/la-lengua-primera-parte-fuente-de-males\/","url":"https:\/\/elversiculodeldia.com\/blog\/la-lengua-primera-parte-fuente-de-males\/","name":"La lengua - Primera parte - fuente de males","isPartOf":{"@id":"https:\/\/elversiculodeldia.com\/blog\/#website"},"primaryImageOfPage":{"@id":"https:\/\/elversiculodeldia.com\/blog\/la-lengua-primera-parte-fuente-de-males\/#primaryimage"},"image":{"@id":"https:\/\/elversiculodeldia.com\/blog\/la-lengua-primera-parte-fuente-de-males\/#primaryimage"},"thumbnailUrl":"https:\/\/elversiculodeldia.com\/blog\/wp-content\/uploads\/2016\/01\/fuego.jpg","datePublished":"2016-01-07T00:35:55+00:00","dateModified":"2016-01-07T13:26:18+00:00","description":"La lengua - Primera parte - fuente de males - El vers\u00edculo del d\u00eda","inLanguage":"en-US","potentialAction":[{"@type":"ReadAction","target":["https:\/\/elversiculodeldia.com\/blog\/la-lengua-primera-parte-fuente-de-males\/"]}]},{"@type":"ImageObject","inLanguage":"en-US","@id":"https:\/\/elversiculodeldia.com\/blog\/la-lengua-primera-parte-fuente-de-males\/#primaryimage","url":"https:\/\/elversiculodeldia.com\/blog\/wp-content\/uploads\/2016\/01\/fuego.jpg","contentUrl":"https:\/\/elversiculodeldia.com\/blog\/wp-content\/uploads\/2016\/01\/fuego.jpg","width":275,"height":183},{"@type":"WebSite","@id":"https:\/\/elversiculodeldia.com\/blog\/#website","url":"https:\/\/elversiculodeldia.com\/blog\/","name":"El Vers\u00edculo del D\u00eda","description":"Llevando un vers\u00edculo de salvaci\u00f3n a cada coraz\u00f3n!","publisher":{"@id":"https:\/\/elversiculodeldia.com\/blog\/#organization"},"potentialAction":[{"@type":"SearchAction","target":{"@type":"EntryPoint","urlTemplate":"https:\/\/elversiculodeldia.com\/blog\/?s={search_term_string}"},"query-input":{"@type":"PropertyValueSpecification","valueRequired":true,"valueName":"search_term_string"}}],"inLanguage":"en-US"},{"@type":"Organization","@id":"https:\/\/elversiculodeldia.com\/blog\/#organization","name":"El Versiculo del Dia","url":"https:\/\/elversiculodeldia.com\/blog\/","logo":{"@type":"ImageObject","inLanguage":"en-US","@id":"https:\/\/elversiculodeldia.com\/blog\/#\/schema\/logo\/image\/","url":"https:\/\/elversiculodeldia.com\/blog\/wp-content\/uploads\/2017\/04\/logoOficialEVD.png","contentUrl":"https:\/\/elversiculodeldia.com\/blog\/wp-content\/uploads\/2017\/04\/logoOficialEVD.png","width":400,"height":100,"caption":"El Versiculo del Dia"},"image":{"@id":"https:\/\/elversiculodeldia.com\/blog\/#\/schema\/logo\/image\/"},"sameAs":["https:\/\/www.facebook.com\/elversiculodeldia","https:\/\/x.com\/elversiculo","https:\/\/www.instagram.com\/elversiculo","https:\/\/www.youtube.com\/user\/elversiculodeldia","https:\/\/chat.whatsapp.com\/HreYiXZFT8e0tZUmqriKfb"]},{"@type":"Person","@id":"https:\/\/elversiculodeldia.com\/blog\/#\/schema\/person\/28207690384384b0c36020e7c000f640","name":"Publicador","image":{"@type":"ImageObject","inLanguage":"en-US","@id":"https:\/\/elversiculodeldia.com\/blog\/wp-content\/uploads\/2020\/01\/userbss.png","url":"https:\/\/elversiculodeldia.com\/blog\/wp-content\/uploads\/2020\/01\/userbss.png","contentUrl":"https:\/\/elversiculodeldia.com\/blog\/wp-content\/uploads\/2020\/01\/userbss.png","caption":"Publicador"},"description":"Salvo por gracia \u2764 Dios es bueno y para siempre es Su misericordia!","sameAs":["https:\/\/www.elversiculodeldia.com\/"],"url":"https:\/\/elversiculodeldia.com\/blog\/author\/publicador\/"}]}},"amp_enabled":true,"_links":{"self":[{"href":"https:\/\/elversiculodeldia.com\/blog\/wp-json\/wp\/v2\/posts\/28111","targetHints":{"allow":["GET"]}}],"collection":[{"href":"https:\/\/elversiculodeldia.com\/blog\/wp-json\/wp\/v2\/posts"}],"about":[{"href":"https:\/\/elversiculodeldia.com\/blog\/wp-json\/wp\/v2\/types\/post"}],"author":[{"embeddable":true,"href":"https:\/\/elversiculodeldia.com\/blog\/wp-json\/wp\/v2\/users\/179"}],"replies":[{"embeddable":true,"href":"https:\/\/elversiculodeldia.com\/blog\/wp-json\/wp\/v2\/comments?post=28111"}],"version-history":[{"count":0,"href":"https:\/\/elversiculodeldia.com\/blog\/wp-json\/wp\/v2\/posts\/28111\/revisions"}],"wp:featuredmedia":[{"embeddable":true,"href":"https:\/\/elversiculodeldia.com\/blog\/wp-json\/wp\/v2\/media\/28123"}],"wp:attachment":[{"href":"https:\/\/elversiculodeldia.com\/blog\/wp-json\/wp\/v2\/media?parent=28111"}],"wp:term":[{"taxonomy":"category","embeddable":true,"href":"https:\/\/elversiculodeldia.com\/blog\/wp-json\/wp\/v2\/categories?post=28111"},{"taxonomy":"post_tag","embeddable":true,"href":"https:\/\/elversiculodeldia.com\/blog\/wp-json\/wp\/v2\/tags?post=28111"}],"curies":[{"name":"wp","href":"https:\/\/api.w.org\/{rel}","templated":true}]}}