{"id":23789,"date":"2015-08-02T15:45:03","date_gmt":"2015-08-02T19:45:03","guid":{"rendered":"http:\/\/www.elversiculodeldia.com\/?p=23789"},"modified":"2015-08-02T16:06:17","modified_gmt":"2015-08-02T20:06:17","slug":"creer","status":"publish","type":"post","link":"https:\/\/elversiculodeldia.com\/blog\/creer\/","title":{"rendered":"Creer"},"content":{"rendered":"<div dir=\"ltr\"><font face=\"verdana, sans-serif\">El evangelio\u2026 es poder de Dios para salvaci\u00f3n a todo aquel que cree\u2026 Porque en el evangelio la justicia de Dios se revela por fe y para fe.<br \/><b>Romanos 1:16-17<\/b><\/p>\n<p>Cre\u00e9is en Dios, quien le resucit\u00f3 de los muertos y le ha dado gloria, para que vuestra fe y esperanza sean en Dios.<br \/><b>1 Pedro 1:21<br \/><\/b><br \/>Jes\u00fas hab\u00eda anunciado a sus disc\u00edpulos que iba a ser crucificado en Jerusal\u00e9n y que tres d\u00edas despu\u00e9s resucitar\u00eda de entre los muertos (Lucas 24:7), recordando que los profetas lo hab\u00edan predicho. Pero los disc\u00edpulos no lo hab\u00edan cre\u00eddo realmente, y despu\u00e9s de su crucifixi\u00f3n, no pensaban que Jes\u00fas iba a resucitar.<\/p>\n<p>Unas mujeres fueron temprano a la tumba con especias arom\u00e1ticas para embalsamar el cuerpo de Jes\u00fas, pero no lo encontraron. Unos \u00e1ngeles les dijeron que Jes\u00fas hab\u00eda resucitado, exactamente como \u00e9l lo hab\u00eda anunciado. Entonces ellas fueron corriendo a los disc\u00edpulos para anunciarles la buena noticia, pero ellos no las creyeron (<b>Lucas 24:11<\/b>). Cuando un poco m\u00e1s tarde Jes\u00fas se mostr\u00f3 vivo a los disc\u00edpulos, Tom\u00e1s no estaba con ellos. Luego, cuando le contaron todo, no crey\u00f3 (<b>Juan 20:25<\/b>).<\/p>\n<p>Todos estaban sorprendidos con la resurrecci\u00f3n de Cristo, no s\u00f3lo porque no lo hab\u00edan entendido cuando el Se\u00f1or les habl\u00f3 de ello, sino tambi\u00e9n porque no cre\u00edan.<\/p>\n<p>\u00a1A menudo sucede esto cuando presenciamos las maravillas que Dios hace! Un hombre, consciente de su dificultad para creer en el poder del Se\u00f1or, exclam\u00f3: \u201c<b>Creo; ayuda mi incredulidad<\/b>\u201d (Marcos 9:24). \u00a1Cu\u00e1n lejos est\u00e1 la raz\u00f3n humana de percibir las maravillas de la gracia y del amor divino! \u00a1S\u00f3lo la fe permite verlas! \u201c<b>El Dios de esperanza os llene de todo gozo y paz en el creer, para que abund\u00e9is en esperanza por el poder del Esp\u00edritu Santo<\/b>\u201d (Romanos 15:13).<\/p>\n<p><img decoding=\"async\" src=\"http:\/\/www.elversiculodeldia.com\/wp-content\/uploads\/2015\/08\/creer-en-Dios-reflexiones.jpg\" alt=\"Inline image 1\" style=\"margin-right: 0px;\"><br \/>Por: La Buena Semilla.<\/font><\/div>\n","protected":false},"excerpt":{"rendered":"<p>El evangelio\u2026 es poder de Dios para salvaci\u00f3n a todo aquel que cree\u2026 Porque en el evangelio la justicia de Dios se revela por fe y para fe.Romanos 1:16-17 Cre\u00e9is en Dios, quien le resucit\u00f3 de los muertos y le ha dado gloria, para que vuestra fe y esperanza sean en Dios.1 Pedro 1:21Jes\u00fas hab\u00eda [&hellip;]<\/p>\n","protected":false},"author":179,"featured_media":23790,"comment_status":"open","ping_status":"open","sticky":false,"template":"","format":"standard","meta":{"tdm_status":"","tdm_grid_status":"","footnotes":""},"categories":[5],"tags":[29,33,117,8,599,1123,1104,2890],"class_list":{"0":"post-23789","1":"post","2":"type-post","3":"status-publish","4":"format-standard","5":"has-post-thumbnail","7":"category-reflexiones","8":"tag-amor","9":"tag-creer","10":"tag-cristo","11":"tag-dios","12":"tag-incredulidad","13":"tag-juan","14":"tag-pedro","15":"tag-santo-romanos"},"yoast_head":"<!-- This site is optimized with the Yoast SEO plugin v27.5 - https:\/\/yoast.com\/product\/yoast-seo-wordpress\/ -->\n<title>Creer<\/title>\n<meta name=\"description\" content=\"Creer - El vers\u00edculo del d\u00eda\" \/>\n<meta name=\"robots\" content=\"index, follow, max-snippet:-1, max-image-preview:large, max-video-preview:-1\" \/>\n<link rel=\"canonical\" href=\"https:\/\/elversiculodeldia.com\/blog\/creer\/\" \/>\n<meta property=\"og:locale\" content=\"en_US\" \/>\n<meta property=\"og:type\" content=\"article\" \/>\n<meta property=\"og:title\" content=\"Creer\" \/>\n<meta property=\"og:description\" content=\"Creer - El vers\u00edculo del d\u00eda\" \/>\n<meta property=\"og:url\" content=\"https:\/\/elversiculodeldia.com\/blog\/creer\/\" \/>\n<meta property=\"og:site_name\" content=\"El vers\u00edculo del d\u00eda\" \/>\n<meta property=\"article:publisher\" content=\"https:\/\/www.facebook.com\/elversiculodeldia\" \/>\n<meta property=\"article:published_time\" content=\"2015-08-02T19:45:03+00:00\" \/>\n<meta property=\"article:modified_time\" content=\"2015-08-02T20:06:17+00:00\" \/>\n<meta property=\"og:image\" content=\"https:\/\/elversiculodeldia.com\/blog\/wp-content\/uploads\/2015\/08\/creer-en-Dios-reflexiones.jpg\" \/>\n\t<meta property=\"og:image:width\" content=\"500\" \/>\n\t<meta property=\"og:image:height\" content=\"283\" \/>\n\t<meta property=\"og:image:type\" content=\"image\/jpeg\" \/>\n<meta name=\"author\" content=\"Publicador\" \/>\n<meta name=\"twitter:card\" content=\"summary_large_image\" \/>\n<meta name=\"twitter:creator\" content=\"@elversiculo\" \/>\n<meta name=\"twitter:site\" content=\"@elversiculo\" \/>\n<meta name=\"twitter:label1\" content=\"Written by\" \/>\n\t<meta name=\"twitter:data1\" content=\"Publicador\" \/>\n\t<meta name=\"twitter:label2\" content=\"Est. reading time\" \/>\n\t<meta name=\"twitter:data2\" content=\"2 minutes\" \/>\n<script type=\"application\/ld+json\" class=\"yoast-schema-graph\">{\"@context\":\"https:\\\/\\\/schema.org\",\"@graph\":[{\"@type\":\"Article\",\"@id\":\"https:\\\/\\\/elversiculodeldia.com\\\/blog\\\/creer\\\/#article\",\"isPartOf\":{\"@id\":\"https:\\\/\\\/elversiculodeldia.com\\\/blog\\\/creer\\\/\"},\"author\":{\"name\":\"Publicador\",\"@id\":\"https:\\\/\\\/elversiculodeldia.com\\\/blog\\\/#\\\/schema\\\/person\\\/28207690384384b0c36020e7c000f640\"},\"headline\":\"Creer\",\"datePublished\":\"2015-08-02T19:45:03+00:00\",\"dateModified\":\"2015-08-02T20:06:17+00:00\",\"mainEntityOfPage\":{\"@id\":\"https:\\\/\\\/elversiculodeldia.com\\\/blog\\\/creer\\\/\"},\"wordCount\":330,\"commentCount\":0,\"publisher\":{\"@id\":\"https:\\\/\\\/elversiculodeldia.com\\\/blog\\\/#organization\"},\"image\":{\"@id\":\"https:\\\/\\\/elversiculodeldia.com\\\/blog\\\/creer\\\/#primaryimage\"},\"thumbnailUrl\":\"https:\\\/\\\/elversiculodeldia.com\\\/blog\\\/wp-content\\\/uploads\\\/2015\\\/08\\\/creer-en-Dios-reflexiones.jpg\",\"keywords\":[\"amor\",\"Creer\",\"Cristo\",\"Dios\",\"incredulidad\",\"Juan\",\"Pedro\",\"Santo Romanos\"],\"articleSection\":[\"Reflexiones\"],\"inLanguage\":\"en-US\",\"potentialAction\":[{\"@type\":\"CommentAction\",\"name\":\"Comment\",\"target\":[\"https:\\\/\\\/elversiculodeldia.com\\\/blog\\\/creer\\\/#respond\"]}]},{\"@type\":\"WebPage\",\"@id\":\"https:\\\/\\\/elversiculodeldia.com\\\/blog\\\/creer\\\/\",\"url\":\"https:\\\/\\\/elversiculodeldia.com\\\/blog\\\/creer\\\/\",\"name\":\"Creer\",\"isPartOf\":{\"@id\":\"https:\\\/\\\/elversiculodeldia.com\\\/blog\\\/#website\"},\"primaryImageOfPage\":{\"@id\":\"https:\\\/\\\/elversiculodeldia.com\\\/blog\\\/creer\\\/#primaryimage\"},\"image\":{\"@id\":\"https:\\\/\\\/elversiculodeldia.com\\\/blog\\\/creer\\\/#primaryimage\"},\"thumbnailUrl\":\"https:\\\/\\\/elversiculodeldia.com\\\/blog\\\/wp-content\\\/uploads\\\/2015\\\/08\\\/creer-en-Dios-reflexiones.jpg\",\"datePublished\":\"2015-08-02T19:45:03+00:00\",\"dateModified\":\"2015-08-02T20:06:17+00:00\",\"description\":\"Creer - El vers\u00edculo del d\u00eda\",\"inLanguage\":\"en-US\",\"potentialAction\":[{\"@type\":\"ReadAction\",\"target\":[\"https:\\\/\\\/elversiculodeldia.com\\\/blog\\\/creer\\\/\"]}]},{\"@type\":\"ImageObject\",\"inLanguage\":\"en-US\",\"@id\":\"https:\\\/\\\/elversiculodeldia.com\\\/blog\\\/creer\\\/#primaryimage\",\"url\":\"https:\\\/\\\/elversiculodeldia.com\\\/blog\\\/wp-content\\\/uploads\\\/2015\\\/08\\\/creer-en-Dios-reflexiones.jpg\",\"contentUrl\":\"https:\\\/\\\/elversiculodeldia.com\\\/blog\\\/wp-content\\\/uploads\\\/2015\\\/08\\\/creer-en-Dios-reflexiones.jpg\",\"width\":500,\"height\":283},{\"@type\":\"WebSite\",\"@id\":\"https:\\\/\\\/elversiculodeldia.com\\\/blog\\\/#website\",\"url\":\"https:\\\/\\\/elversiculodeldia.com\\\/blog\\\/\",\"name\":\"El Vers\u00edculo del D\u00eda\",\"description\":\"Llevando un vers\u00edculo de salvaci\u00f3n a cada coraz\u00f3n!\",\"publisher\":{\"@id\":\"https:\\\/\\\/elversiculodeldia.com\\\/blog\\\/#organization\"},\"potentialAction\":[{\"@type\":\"SearchAction\",\"target\":{\"@type\":\"EntryPoint\",\"urlTemplate\":\"https:\\\/\\\/elversiculodeldia.com\\\/blog\\\/?s={search_term_string}\"},\"query-input\":{\"@type\":\"PropertyValueSpecification\",\"valueRequired\":true,\"valueName\":\"search_term_string\"}}],\"inLanguage\":\"en-US\"},{\"@type\":\"Organization\",\"@id\":\"https:\\\/\\\/elversiculodeldia.com\\\/blog\\\/#organization\",\"name\":\"El Versiculo del Dia\",\"url\":\"https:\\\/\\\/elversiculodeldia.com\\\/blog\\\/\",\"logo\":{\"@type\":\"ImageObject\",\"inLanguage\":\"en-US\",\"@id\":\"https:\\\/\\\/elversiculodeldia.com\\\/blog\\\/#\\\/schema\\\/logo\\\/image\\\/\",\"url\":\"https:\\\/\\\/elversiculodeldia.com\\\/blog\\\/wp-content\\\/uploads\\\/2017\\\/04\\\/logoOficialEVD.png\",\"contentUrl\":\"https:\\\/\\\/elversiculodeldia.com\\\/blog\\\/wp-content\\\/uploads\\\/2017\\\/04\\\/logoOficialEVD.png\",\"width\":400,\"height\":100,\"caption\":\"El Versiculo del Dia\"},\"image\":{\"@id\":\"https:\\\/\\\/elversiculodeldia.com\\\/blog\\\/#\\\/schema\\\/logo\\\/image\\\/\"},\"sameAs\":[\"https:\\\/\\\/www.facebook.com\\\/elversiculodeldia\",\"https:\\\/\\\/x.com\\\/elversiculo\",\"https:\\\/\\\/www.instagram.com\\\/elversiculo\",\"https:\\\/\\\/www.youtube.com\\\/user\\\/elversiculodeldia\",\"https:\\\/\\\/chat.whatsapp.com\\\/HreYiXZFT8e0tZUmqriKfb\"]},{\"@type\":\"Person\",\"@id\":\"https:\\\/\\\/elversiculodeldia.com\\\/blog\\\/#\\\/schema\\\/person\\\/28207690384384b0c36020e7c000f640\",\"name\":\"Publicador\",\"image\":{\"@type\":\"ImageObject\",\"inLanguage\":\"en-US\",\"@id\":\"https:\\\/\\\/elversiculodeldia.com\\\/blog\\\/wp-content\\\/uploads\\\/2020\\\/01\\\/userbss.png\",\"url\":\"https:\\\/\\\/elversiculodeldia.com\\\/blog\\\/wp-content\\\/uploads\\\/2020\\\/01\\\/userbss.png\",\"contentUrl\":\"https:\\\/\\\/elversiculodeldia.com\\\/blog\\\/wp-content\\\/uploads\\\/2020\\\/01\\\/userbss.png\",\"caption\":\"Publicador\"},\"description\":\"Salvo por gracia \u2764 Dios es bueno y para siempre es Su misericordia!\",\"sameAs\":[\"https:\\\/\\\/www.elversiculodeldia.com\\\/\"],\"url\":\"https:\\\/\\\/elversiculodeldia.com\\\/blog\\\/author\\\/publicador\\\/\"}]}<\/script>\n<!-- \/ Yoast SEO plugin. -->","yoast_head_json":{"title":"Creer","description":"Creer - El vers\u00edculo del d\u00eda","robots":{"index":"index","follow":"follow","max-snippet":"max-snippet:-1","max-image-preview":"max-image-preview:large","max-video-preview":"max-video-preview:-1"},"canonical":"https:\/\/elversiculodeldia.com\/blog\/creer\/","og_locale":"en_US","og_type":"article","og_title":"Creer","og_description":"Creer - El vers\u00edculo del d\u00eda","og_url":"https:\/\/elversiculodeldia.com\/blog\/creer\/","og_site_name":"El vers\u00edculo del d\u00eda","article_publisher":"https:\/\/www.facebook.com\/elversiculodeldia","article_published_time":"2015-08-02T19:45:03+00:00","article_modified_time":"2015-08-02T20:06:17+00:00","og_image":[{"width":500,"height":283,"url":"https:\/\/elversiculodeldia.com\/blog\/wp-content\/uploads\/2015\/08\/creer-en-Dios-reflexiones.jpg","type":"image\/jpeg"}],"author":"Publicador","twitter_card":"summary_large_image","twitter_creator":"@elversiculo","twitter_site":"@elversiculo","twitter_misc":{"Written by":"Publicador","Est. reading time":"2 minutes"},"schema":{"@context":"https:\/\/schema.org","@graph":[{"@type":"Article","@id":"https:\/\/elversiculodeldia.com\/blog\/creer\/#article","isPartOf":{"@id":"https:\/\/elversiculodeldia.com\/blog\/creer\/"},"author":{"name":"Publicador","@id":"https:\/\/elversiculodeldia.com\/blog\/#\/schema\/person\/28207690384384b0c36020e7c000f640"},"headline":"Creer","datePublished":"2015-08-02T19:45:03+00:00","dateModified":"2015-08-02T20:06:17+00:00","mainEntityOfPage":{"@id":"https:\/\/elversiculodeldia.com\/blog\/creer\/"},"wordCount":330,"commentCount":0,"publisher":{"@id":"https:\/\/elversiculodeldia.com\/blog\/#organization"},"image":{"@id":"https:\/\/elversiculodeldia.com\/blog\/creer\/#primaryimage"},"thumbnailUrl":"https:\/\/elversiculodeldia.com\/blog\/wp-content\/uploads\/2015\/08\/creer-en-Dios-reflexiones.jpg","keywords":["amor","Creer","Cristo","Dios","incredulidad","Juan","Pedro","Santo Romanos"],"articleSection":["Reflexiones"],"inLanguage":"en-US","potentialAction":[{"@type":"CommentAction","name":"Comment","target":["https:\/\/elversiculodeldia.com\/blog\/creer\/#respond"]}]},{"@type":"WebPage","@id":"https:\/\/elversiculodeldia.com\/blog\/creer\/","url":"https:\/\/elversiculodeldia.com\/blog\/creer\/","name":"Creer","isPartOf":{"@id":"https:\/\/elversiculodeldia.com\/blog\/#website"},"primaryImageOfPage":{"@id":"https:\/\/elversiculodeldia.com\/blog\/creer\/#primaryimage"},"image":{"@id":"https:\/\/elversiculodeldia.com\/blog\/creer\/#primaryimage"},"thumbnailUrl":"https:\/\/elversiculodeldia.com\/blog\/wp-content\/uploads\/2015\/08\/creer-en-Dios-reflexiones.jpg","datePublished":"2015-08-02T19:45:03+00:00","dateModified":"2015-08-02T20:06:17+00:00","description":"Creer - El vers\u00edculo del d\u00eda","inLanguage":"en-US","potentialAction":[{"@type":"ReadAction","target":["https:\/\/elversiculodeldia.com\/blog\/creer\/"]}]},{"@type":"ImageObject","inLanguage":"en-US","@id":"https:\/\/elversiculodeldia.com\/blog\/creer\/#primaryimage","url":"https:\/\/elversiculodeldia.com\/blog\/wp-content\/uploads\/2015\/08\/creer-en-Dios-reflexiones.jpg","contentUrl":"https:\/\/elversiculodeldia.com\/blog\/wp-content\/uploads\/2015\/08\/creer-en-Dios-reflexiones.jpg","width":500,"height":283},{"@type":"WebSite","@id":"https:\/\/elversiculodeldia.com\/blog\/#website","url":"https:\/\/elversiculodeldia.com\/blog\/","name":"El Vers\u00edculo del D\u00eda","description":"Llevando un vers\u00edculo de salvaci\u00f3n a cada coraz\u00f3n!","publisher":{"@id":"https:\/\/elversiculodeldia.com\/blog\/#organization"},"potentialAction":[{"@type":"SearchAction","target":{"@type":"EntryPoint","urlTemplate":"https:\/\/elversiculodeldia.com\/blog\/?s={search_term_string}"},"query-input":{"@type":"PropertyValueSpecification","valueRequired":true,"valueName":"search_term_string"}}],"inLanguage":"en-US"},{"@type":"Organization","@id":"https:\/\/elversiculodeldia.com\/blog\/#organization","name":"El Versiculo del Dia","url":"https:\/\/elversiculodeldia.com\/blog\/","logo":{"@type":"ImageObject","inLanguage":"en-US","@id":"https:\/\/elversiculodeldia.com\/blog\/#\/schema\/logo\/image\/","url":"https:\/\/elversiculodeldia.com\/blog\/wp-content\/uploads\/2017\/04\/logoOficialEVD.png","contentUrl":"https:\/\/elversiculodeldia.com\/blog\/wp-content\/uploads\/2017\/04\/logoOficialEVD.png","width":400,"height":100,"caption":"El Versiculo del Dia"},"image":{"@id":"https:\/\/elversiculodeldia.com\/blog\/#\/schema\/logo\/image\/"},"sameAs":["https:\/\/www.facebook.com\/elversiculodeldia","https:\/\/x.com\/elversiculo","https:\/\/www.instagram.com\/elversiculo","https:\/\/www.youtube.com\/user\/elversiculodeldia","https:\/\/chat.whatsapp.com\/HreYiXZFT8e0tZUmqriKfb"]},{"@type":"Person","@id":"https:\/\/elversiculodeldia.com\/blog\/#\/schema\/person\/28207690384384b0c36020e7c000f640","name":"Publicador","image":{"@type":"ImageObject","inLanguage":"en-US","@id":"https:\/\/elversiculodeldia.com\/blog\/wp-content\/uploads\/2020\/01\/userbss.png","url":"https:\/\/elversiculodeldia.com\/blog\/wp-content\/uploads\/2020\/01\/userbss.png","contentUrl":"https:\/\/elversiculodeldia.com\/blog\/wp-content\/uploads\/2020\/01\/userbss.png","caption":"Publicador"},"description":"Salvo por gracia \u2764 Dios es bueno y para siempre es Su misericordia!","sameAs":["https:\/\/www.elversiculodeldia.com\/"],"url":"https:\/\/elversiculodeldia.com\/blog\/author\/publicador\/"}]}},"amp_enabled":true,"_links":{"self":[{"href":"https:\/\/elversiculodeldia.com\/blog\/wp-json\/wp\/v2\/posts\/23789","targetHints":{"allow":["GET"]}}],"collection":[{"href":"https:\/\/elversiculodeldia.com\/blog\/wp-json\/wp\/v2\/posts"}],"about":[{"href":"https:\/\/elversiculodeldia.com\/blog\/wp-json\/wp\/v2\/types\/post"}],"author":[{"embeddable":true,"href":"https:\/\/elversiculodeldia.com\/blog\/wp-json\/wp\/v2\/users\/179"}],"replies":[{"embeddable":true,"href":"https:\/\/elversiculodeldia.com\/blog\/wp-json\/wp\/v2\/comments?post=23789"}],"version-history":[{"count":0,"href":"https:\/\/elversiculodeldia.com\/blog\/wp-json\/wp\/v2\/posts\/23789\/revisions"}],"wp:featuredmedia":[{"embeddable":true,"href":"https:\/\/elversiculodeldia.com\/blog\/wp-json\/wp\/v2\/media\/23790"}],"wp:attachment":[{"href":"https:\/\/elversiculodeldia.com\/blog\/wp-json\/wp\/v2\/media?parent=23789"}],"wp:term":[{"taxonomy":"category","embeddable":true,"href":"https:\/\/elversiculodeldia.com\/blog\/wp-json\/wp\/v2\/categories?post=23789"},{"taxonomy":"post_tag","embeddable":true,"href":"https:\/\/elversiculodeldia.com\/blog\/wp-json\/wp\/v2\/tags?post=23789"}],"curies":[{"name":"wp","href":"https:\/\/api.w.org\/{rel}","templated":true}]}}