{"id":20097,"date":"2015-03-19T09:25:10","date_gmt":"2015-03-19T13:25:10","guid":{"rendered":"http:\/\/www.elversiculodeldia.com\/?p=20097"},"modified":"2015-03-19T09:25:10","modified_gmt":"2015-03-19T13:25:10","slug":"hay-un-plan-para-llegar-a-las-alturas","status":"publish","type":"post","link":"https:\/\/elversiculodeldia.com\/blog\/hay-un-plan-para-llegar-a-las-alturas\/","title":{"rendered":"Hay un plan para llegar a las alturas"},"content":{"rendered":"<p style=\"text-align: justify;\"><img loading=\"lazy\" decoding=\"async\" class=\" size-medium wp-image-20098 alignleft\" src=\"http:\/\/www.elversiculodeldia.com\/wp-content\/uploads\/2015\/03\/alcanzar-la-altura-300x300.jpg\" alt=\"Woman standing on mountain top looking at mountain landscape and blue sky.\" width=\"300\" height=\"300\" \/>Hoy quiero compartirte algo que habl\u00f3 a mi vida hace unos d\u00edas, en el salmo 18. Y en mi diario le llam\u00e9: el plan estrat\u00e9gico de Dios\u201d. El vers\u00edculo 30 es el primero que quiero destacar:<\/p>\n<p style=\"text-align: center;\"><strong>\u201cEl camino de Dios es perfecto\u201d.<\/strong><\/p>\n<p style=\"text-align: justify;\">T\u00fa y yo necesitamos creer con nuestra mente y coraz\u00f3n esa verdad. Cuando ponemos nuestras vidas en manos de Dios tenemos que confiar en que su camino es perfecto. Perfecto no significa f\u00e1cil, no significa que siempre me guste, no significa que todo saldr\u00e1 a mi antojo. Significa que, bajo la soberan\u00eda de Dios, el camino que \u00e9l ha trazado es perfecto dentro de su plan y para que mi vida le d\u00e9 gloria. No podemos olvidar que fuimos creadas para alabanza de <em>su <\/em>gloria. Nuestro paso por este planeta no es para hacernos de un nombre grande, es para engrandecer el nombre de Dios. Por tanto, el camino que \u00e9l nos trace ser\u00e1 perfecto para ese prop\u00f3sito. Y, como un producto de esta rendici\u00f3n a \u00e9l, nos har\u00e1 vivir una vida abundante y plena.<\/p>\n<p style=\"text-align: justify;\">\u00bfC\u00f3mo podemos entonces vivirlo? Veamos los vers\u00edculo del 32 al 35:<\/p>\n<p style=\"text-align: left;\"><em>\u201cDios me arma de fuerza y hace perfecto mi camino. Me hace andar tan seguro como un ciervo, para que pueda pararme en las alturas de las monta\u00f1as. Entrena mis manos para la batalla; fortalece mi brazo para tensar un arco de bronce. Me has dado tu escudo de victoria. Tu mano derecha me sostiene; tu ayuda me ha engrandecido.\u201d<\/em><\/p>\n<p style=\"text-align: left;\">Primero que nada, la fuerza viene de Dios. Ese es su plan. Dios no pretende que vayamos por el mundo con fortaleza propia, ejerciendo alguna clase de poder mental. No, su estrategia es mucho m\u00e1s simple: \u00e9l nos dar\u00e1 la fuerza. No necesitamos preocuparnos por trazar un camino perfecto para nuestra vida. \u00c9l lo hace.<\/p>\n<p style=\"text-align: justify;\">Dios tiene un plan ascendente para nuestra vida. Un plan de llevarnos a las alturas, de gloria en gloria, como dice Pablo. Sin embargo, para poder estar en las alturas necesitamos que sea \u00e9l quien afirme nuestros pasos. No es cuesti\u00f3n de seguir estrategias humanas. S\u00ed, podemos leer buenos libros que nos ense\u00f1an, asistir a conferencias y dem\u00e1s, pero si quieres estar en la verdadera altura, tienes que ponerte en manos de Dios y dejar que \u00e9l te lleve, escal\u00f3n por escal\u00f3n.<\/p>\n<p style=\"text-align: justify;\">Eso s\u00ed, recuerda que llegar hasta all\u00ed ser\u00e1 una batalla, y Dios te har\u00e1 pasar por un entrenamiento. Si quieres lanzar flechas que lleguen lejos, es decir, proyectos, sue\u00f1os, ministerios, una familia floreciente, etc., tienes que estar dispuesta a que el Se\u00f1or entrene tus manos para la batalla y fortalezca tus brazos.<\/p>\n<p style=\"text-align: justify;\">Ese entrenamiento no luce del mismo modo para todos. Cada uno de nosotros necesita un adiestramiento diferente en dependencia del camino que Dios haya trazado; pero no lo dudes, llegar a esa altura implicar\u00e1 un entrenamiento fuerte.<\/p>\n<p style=\"text-align: justify;\">S\u00e9 que Dios est\u00e1 haciendo eso conmigo, en distintos aspectos de mi vida. Y algo he aprendido, no desaprovechemos esas oportunidades de entrenamiento. Si \u00e9l nos hace pasar por ellas, es porque sabe que lo necesitamos. Y, como dice el vers\u00edculo 35, tenemos la victoria, \u00e9l nos sostiene y su ayuda nos engrandece.<\/p>\n<p style=\"text-align: justify;\">El plan estrat\u00e9gico de Dios es bueno, es seguro. Mira lo que nos dice el vers\u00edculo 36: \u201cHas trazado un camino ancho para mis pies a fin de evitar que resbalen\u201d.<\/p>\n<p style=\"text-align: justify;\">\u00bfEst\u00e1s hoy batallando porque no sabes qu\u00e9 camino seguir? Quiero invitarte a hacer lo mismo que hizo el rey David, autor de este salmo, en el vers\u00edculo 6:<\/p>\n<p style=\"text-align: justify;\"><em>\u201cPero en mi angustia, clam\u00e9 al Se\u00f1or; s\u00ed, or\u00e9 a mi Dios para pedirle ayuda. \u00c9l me oy\u00f3 desde su santuario; mi clamor lleg\u00f3 a sus o\u00eddos.\u201d<\/em><\/p>\n<p style=\"text-align: justify;\">Clama a Dios para que te muestre el camino. Acepta someterte a su plan estrat\u00e9gico, y ver\u00e1s que \u00e9l escucha, ver\u00e1s que llegas a las alturas. Podr\u00e1s decir, como David, \u201cEnciendes una l\u00e1mpara para m\u00ed. El Se\u00f1or, mi Dios, ilumina mi oscuridad. Con tu fuerza puedo aplastar a un ej\u00e9rcito; con mi Dios puedo escalar cualquier muro.\u201d<\/p>\n<p style=\"text-align: justify;\">Para vivir la vida como Dios la dise\u00f1\u00f3 necesitamos estar dispuestas a seguir su plan. Ni m\u00e1s, ni menos.<\/p>\n<p style=\"text-align: justify;\">Bendiciones,<\/p>\n<p style=\"text-align: justify;\">Wendy<\/p>\n<p style=\"text-align: justify;\"><strong>Para conocer m\u00e1s del dise\u00f1o divino de Dios para tu vida, te invito a visitar mi p\u00e1gina en <a href=\"http:\/\/www.wendybello.com\/\">wendybello.com<\/a>. Con tu suscripci\u00f3n puedes recibir gratis el libro devocional &#8220;Limonada para el alma&#8221;.\u00a0<\/strong><\/p>\n","protected":false},"excerpt":{"rendered":"<p>Hoy quiero compartirte algo que habl\u00f3 a mi vida hace unos d\u00edas, en el salmo 18. Y en mi diario le llam\u00e9: el plan estrat\u00e9gico de Dios\u201d. El vers\u00edculo 30 es el primero que quiero destacar: \u201cEl camino de Dios es perfecto\u201d. T\u00fa y yo necesitamos creer con nuestra mente y coraz\u00f3n esa verdad. Cuando [&hellip;]<\/p>\n","protected":false},"author":18,"featured_media":20098,"comment_status":"open","ping_status":"open","sticky":false,"template":"","format":"standard","meta":{"tdm_status":"","tdm_grid_status":"","footnotes":""},"categories":[7,2152,5],"tags":[1119,398,801,724,8,166,233,95,67,1636],"class_list":{"0":"post-20097","1":"post","2":"type-post","3":"status-publish","4":"format-standard","5":"has-post-thumbnail","7":"category-devocionales","8":"category-mensajes-cristianos","9":"category-reflexiones","10":"tag-1119","11":"tag-batalla","12":"tag-bendiciones","13":"tag-david","14":"tag-dios","15":"tag-familia","16":"tag-mundo","17":"tag-victoria","18":"tag-vida","19":"tag-visitar"},"yoast_head":"<!-- This site is optimized with the Yoast SEO plugin v27.5 - https:\/\/yoast.com\/product\/yoast-seo-wordpress\/ -->\n<title>Hay un plan para llegar a las alturas<\/title>\n<meta name=\"description\" content=\"Hay un plan para llegar a las alturas - El vers\u00edculo del d\u00eda\" \/>\n<meta name=\"robots\" content=\"index, follow, max-snippet:-1, max-image-preview:large, max-video-preview:-1\" \/>\n<link rel=\"canonical\" href=\"https:\/\/elversiculodeldia.com\/blog\/hay-un-plan-para-llegar-a-las-alturas\/\" \/>\n<meta property=\"og:locale\" content=\"en_US\" \/>\n<meta property=\"og:type\" content=\"article\" \/>\n<meta property=\"og:title\" content=\"Hay un plan para llegar a las alturas\" \/>\n<meta property=\"og:description\" content=\"Hay un plan para llegar a las alturas - El vers\u00edculo del d\u00eda\" \/>\n<meta property=\"og:url\" content=\"https:\/\/elversiculodeldia.com\/blog\/hay-un-plan-para-llegar-a-las-alturas\/\" \/>\n<meta property=\"og:site_name\" content=\"El vers\u00edculo del d\u00eda\" \/>\n<meta property=\"article:publisher\" content=\"https:\/\/www.facebook.com\/elversiculodeldia\" \/>\n<meta property=\"article:author\" content=\"https:\/\/www.facebook.com\/wendybelloblog\" \/>\n<meta property=\"article:published_time\" content=\"2015-03-19T13:25:10+00:00\" \/>\n<meta property=\"og:image\" content=\"https:\/\/elversiculodeldia.com\/blog\/wp-content\/uploads\/2015\/03\/alcanzar-la-altura.jpg\" \/>\n\t<meta property=\"og:image:width\" content=\"1810\" \/>\n\t<meta property=\"og:image:height\" content=\"1810\" \/>\n\t<meta property=\"og:image:type\" content=\"image\/jpeg\" \/>\n<meta name=\"author\" content=\"Wendy Bello\" \/>\n<meta name=\"twitter:card\" content=\"summary_large_image\" \/>\n<meta name=\"twitter:creator\" content=\"@wendybelloblog\" \/>\n<meta name=\"twitter:site\" content=\"@elversiculo\" \/>\n<meta name=\"twitter:label1\" content=\"Written by\" \/>\n\t<meta name=\"twitter:data1\" content=\"Wendy Bello\" \/>\n\t<meta name=\"twitter:label2\" content=\"Est. reading time\" \/>\n\t<meta name=\"twitter:data2\" content=\"4 minutes\" \/>\n<script type=\"application\/ld+json\" class=\"yoast-schema-graph\">{\"@context\":\"https:\\\/\\\/schema.org\",\"@graph\":[{\"@type\":\"Article\",\"@id\":\"https:\\\/\\\/elversiculodeldia.com\\\/blog\\\/hay-un-plan-para-llegar-a-las-alturas\\\/#article\",\"isPartOf\":{\"@id\":\"https:\\\/\\\/elversiculodeldia.com\\\/blog\\\/hay-un-plan-para-llegar-a-las-alturas\\\/\"},\"author\":{\"name\":\"Wendy Bello\",\"@id\":\"https:\\\/\\\/elversiculodeldia.com\\\/blog\\\/#\\\/schema\\\/person\\\/9a2050782f3bfb43d12fee06cbb92f9b\"},\"headline\":\"Hay un plan para llegar a las alturas\",\"datePublished\":\"2015-03-19T13:25:10+00:00\",\"mainEntityOfPage\":{\"@id\":\"https:\\\/\\\/elversiculodeldia.com\\\/blog\\\/hay-un-plan-para-llegar-a-las-alturas\\\/\"},\"wordCount\":763,\"commentCount\":0,\"publisher\":{\"@id\":\"https:\\\/\\\/elversiculodeldia.com\\\/blog\\\/#organization\"},\"image\":{\"@id\":\"https:\\\/\\\/elversiculodeldia.com\\\/blog\\\/hay-un-plan-para-llegar-a-las-alturas\\\/#primaryimage\"},\"thumbnailUrl\":\"https:\\\/\\\/elversiculodeldia.com\\\/blog\\\/wp-content\\\/uploads\\\/2015\\\/03\\\/alcanzar-la-altura.jpg\",\"keywords\":[\"30\",\"batalla\",\"Bendiciones\",\"David\",\"Dios\",\"familia\",\"mundo\",\"victoria\",\"vida\",\"visitar\"],\"articleSection\":[\"Devocionales\",\"Mensajes\",\"Reflexiones\"],\"inLanguage\":\"en-US\",\"potentialAction\":[{\"@type\":\"CommentAction\",\"name\":\"Comment\",\"target\":[\"https:\\\/\\\/elversiculodeldia.com\\\/blog\\\/hay-un-plan-para-llegar-a-las-alturas\\\/#respond\"]}]},{\"@type\":\"WebPage\",\"@id\":\"https:\\\/\\\/elversiculodeldia.com\\\/blog\\\/hay-un-plan-para-llegar-a-las-alturas\\\/\",\"url\":\"https:\\\/\\\/elversiculodeldia.com\\\/blog\\\/hay-un-plan-para-llegar-a-las-alturas\\\/\",\"name\":\"Hay un plan para llegar a las alturas\",\"isPartOf\":{\"@id\":\"https:\\\/\\\/elversiculodeldia.com\\\/blog\\\/#website\"},\"primaryImageOfPage\":{\"@id\":\"https:\\\/\\\/elversiculodeldia.com\\\/blog\\\/hay-un-plan-para-llegar-a-las-alturas\\\/#primaryimage\"},\"image\":{\"@id\":\"https:\\\/\\\/elversiculodeldia.com\\\/blog\\\/hay-un-plan-para-llegar-a-las-alturas\\\/#primaryimage\"},\"thumbnailUrl\":\"https:\\\/\\\/elversiculodeldia.com\\\/blog\\\/wp-content\\\/uploads\\\/2015\\\/03\\\/alcanzar-la-altura.jpg\",\"datePublished\":\"2015-03-19T13:25:10+00:00\",\"description\":\"Hay un plan para llegar a las alturas - El vers\u00edculo del d\u00eda\",\"inLanguage\":\"en-US\",\"potentialAction\":[{\"@type\":\"ReadAction\",\"target\":[\"https:\\\/\\\/elversiculodeldia.com\\\/blog\\\/hay-un-plan-para-llegar-a-las-alturas\\\/\"]}]},{\"@type\":\"ImageObject\",\"inLanguage\":\"en-US\",\"@id\":\"https:\\\/\\\/elversiculodeldia.com\\\/blog\\\/hay-un-plan-para-llegar-a-las-alturas\\\/#primaryimage\",\"url\":\"https:\\\/\\\/elversiculodeldia.com\\\/blog\\\/wp-content\\\/uploads\\\/2015\\\/03\\\/alcanzar-la-altura.jpg\",\"contentUrl\":\"https:\\\/\\\/elversiculodeldia.com\\\/blog\\\/wp-content\\\/uploads\\\/2015\\\/03\\\/alcanzar-la-altura.jpg\",\"width\":1810,\"height\":1810},{\"@type\":\"WebSite\",\"@id\":\"https:\\\/\\\/elversiculodeldia.com\\\/blog\\\/#website\",\"url\":\"https:\\\/\\\/elversiculodeldia.com\\\/blog\\\/\",\"name\":\"El Vers\u00edculo del D\u00eda\",\"description\":\"Llevando un vers\u00edculo de salvaci\u00f3n a cada coraz\u00f3n!\",\"publisher\":{\"@id\":\"https:\\\/\\\/elversiculodeldia.com\\\/blog\\\/#organization\"},\"potentialAction\":[{\"@type\":\"SearchAction\",\"target\":{\"@type\":\"EntryPoint\",\"urlTemplate\":\"https:\\\/\\\/elversiculodeldia.com\\\/blog\\\/?s={search_term_string}\"},\"query-input\":{\"@type\":\"PropertyValueSpecification\",\"valueRequired\":true,\"valueName\":\"search_term_string\"}}],\"inLanguage\":\"en-US\"},{\"@type\":\"Organization\",\"@id\":\"https:\\\/\\\/elversiculodeldia.com\\\/blog\\\/#organization\",\"name\":\"El Versiculo del Dia\",\"url\":\"https:\\\/\\\/elversiculodeldia.com\\\/blog\\\/\",\"logo\":{\"@type\":\"ImageObject\",\"inLanguage\":\"en-US\",\"@id\":\"https:\\\/\\\/elversiculodeldia.com\\\/blog\\\/#\\\/schema\\\/logo\\\/image\\\/\",\"url\":\"https:\\\/\\\/elversiculodeldia.com\\\/blog\\\/wp-content\\\/uploads\\\/2017\\\/04\\\/logoOficialEVD.png\",\"contentUrl\":\"https:\\\/\\\/elversiculodeldia.com\\\/blog\\\/wp-content\\\/uploads\\\/2017\\\/04\\\/logoOficialEVD.png\",\"width\":400,\"height\":100,\"caption\":\"El Versiculo del Dia\"},\"image\":{\"@id\":\"https:\\\/\\\/elversiculodeldia.com\\\/blog\\\/#\\\/schema\\\/logo\\\/image\\\/\"},\"sameAs\":[\"https:\\\/\\\/www.facebook.com\\\/elversiculodeldia\",\"https:\\\/\\\/x.com\\\/elversiculo\",\"https:\\\/\\\/www.instagram.com\\\/elversiculo\",\"https:\\\/\\\/www.youtube.com\\\/user\\\/elversiculodeldia\",\"https:\\\/\\\/chat.whatsapp.com\\\/HreYiXZFT8e0tZUmqriKfb\"]},{\"@type\":\"Person\",\"@id\":\"https:\\\/\\\/elversiculodeldia.com\\\/blog\\\/#\\\/schema\\\/person\\\/9a2050782f3bfb43d12fee06cbb92f9b\",\"name\":\"Wendy Bello\",\"image\":{\"@type\":\"ImageObject\",\"inLanguage\":\"en-US\",\"@id\":\"https:\\\/\\\/elversiculodeldia.com\\\/blog\\\/wp-content\\\/uploads\\\/2020\\\/01\\\/userwb.jpg\",\"url\":\"https:\\\/\\\/elversiculodeldia.com\\\/blog\\\/wp-content\\\/uploads\\\/2020\\\/01\\\/userwb.jpg\",\"contentUrl\":\"https:\\\/\\\/elversiculodeldia.com\\\/blog\\\/wp-content\\\/uploads\\\/2020\\\/01\\\/userwb.jpg\",\"caption\":\"Wendy Bello\"},\"sameAs\":[\"http:\\\/\\\/www.wendybello.com\",\"https:\\\/\\\/www.facebook.com\\\/wendybelloblog\",\"https:\\\/\\\/x.com\\\/wendybelloblog\"],\"url\":\"https:\\\/\\\/elversiculodeldia.com\\\/blog\\\/author\\\/wendybello\\\/\"}]}<\/script>\n<!-- \/ Yoast SEO plugin. -->","yoast_head_json":{"title":"Hay un plan para llegar a las alturas","description":"Hay un plan para llegar a las alturas - El vers\u00edculo del d\u00eda","robots":{"index":"index","follow":"follow","max-snippet":"max-snippet:-1","max-image-preview":"max-image-preview:large","max-video-preview":"max-video-preview:-1"},"canonical":"https:\/\/elversiculodeldia.com\/blog\/hay-un-plan-para-llegar-a-las-alturas\/","og_locale":"en_US","og_type":"article","og_title":"Hay un plan para llegar a las alturas","og_description":"Hay un plan para llegar a las alturas - El vers\u00edculo del d\u00eda","og_url":"https:\/\/elversiculodeldia.com\/blog\/hay-un-plan-para-llegar-a-las-alturas\/","og_site_name":"El vers\u00edculo del d\u00eda","article_publisher":"https:\/\/www.facebook.com\/elversiculodeldia","article_author":"https:\/\/www.facebook.com\/wendybelloblog","article_published_time":"2015-03-19T13:25:10+00:00","og_image":[{"width":1810,"height":1810,"url":"https:\/\/elversiculodeldia.com\/blog\/wp-content\/uploads\/2015\/03\/alcanzar-la-altura.jpg","type":"image\/jpeg"}],"author":"Wendy Bello","twitter_card":"summary_large_image","twitter_creator":"@wendybelloblog","twitter_site":"@elversiculo","twitter_misc":{"Written by":"Wendy Bello","Est. reading time":"4 minutes"},"schema":{"@context":"https:\/\/schema.org","@graph":[{"@type":"Article","@id":"https:\/\/elversiculodeldia.com\/blog\/hay-un-plan-para-llegar-a-las-alturas\/#article","isPartOf":{"@id":"https:\/\/elversiculodeldia.com\/blog\/hay-un-plan-para-llegar-a-las-alturas\/"},"author":{"name":"Wendy Bello","@id":"https:\/\/elversiculodeldia.com\/blog\/#\/schema\/person\/9a2050782f3bfb43d12fee06cbb92f9b"},"headline":"Hay un plan para llegar a las alturas","datePublished":"2015-03-19T13:25:10+00:00","mainEntityOfPage":{"@id":"https:\/\/elversiculodeldia.com\/blog\/hay-un-plan-para-llegar-a-las-alturas\/"},"wordCount":763,"commentCount":0,"publisher":{"@id":"https:\/\/elversiculodeldia.com\/blog\/#organization"},"image":{"@id":"https:\/\/elversiculodeldia.com\/blog\/hay-un-plan-para-llegar-a-las-alturas\/#primaryimage"},"thumbnailUrl":"https:\/\/elversiculodeldia.com\/blog\/wp-content\/uploads\/2015\/03\/alcanzar-la-altura.jpg","keywords":["30","batalla","Bendiciones","David","Dios","familia","mundo","victoria","vida","visitar"],"articleSection":["Devocionales","Mensajes","Reflexiones"],"inLanguage":"en-US","potentialAction":[{"@type":"CommentAction","name":"Comment","target":["https:\/\/elversiculodeldia.com\/blog\/hay-un-plan-para-llegar-a-las-alturas\/#respond"]}]},{"@type":"WebPage","@id":"https:\/\/elversiculodeldia.com\/blog\/hay-un-plan-para-llegar-a-las-alturas\/","url":"https:\/\/elversiculodeldia.com\/blog\/hay-un-plan-para-llegar-a-las-alturas\/","name":"Hay un plan para llegar a las alturas","isPartOf":{"@id":"https:\/\/elversiculodeldia.com\/blog\/#website"},"primaryImageOfPage":{"@id":"https:\/\/elversiculodeldia.com\/blog\/hay-un-plan-para-llegar-a-las-alturas\/#primaryimage"},"image":{"@id":"https:\/\/elversiculodeldia.com\/blog\/hay-un-plan-para-llegar-a-las-alturas\/#primaryimage"},"thumbnailUrl":"https:\/\/elversiculodeldia.com\/blog\/wp-content\/uploads\/2015\/03\/alcanzar-la-altura.jpg","datePublished":"2015-03-19T13:25:10+00:00","description":"Hay un plan para llegar a las alturas - El vers\u00edculo del d\u00eda","inLanguage":"en-US","potentialAction":[{"@type":"ReadAction","target":["https:\/\/elversiculodeldia.com\/blog\/hay-un-plan-para-llegar-a-las-alturas\/"]}]},{"@type":"ImageObject","inLanguage":"en-US","@id":"https:\/\/elversiculodeldia.com\/blog\/hay-un-plan-para-llegar-a-las-alturas\/#primaryimage","url":"https:\/\/elversiculodeldia.com\/blog\/wp-content\/uploads\/2015\/03\/alcanzar-la-altura.jpg","contentUrl":"https:\/\/elversiculodeldia.com\/blog\/wp-content\/uploads\/2015\/03\/alcanzar-la-altura.jpg","width":1810,"height":1810},{"@type":"WebSite","@id":"https:\/\/elversiculodeldia.com\/blog\/#website","url":"https:\/\/elversiculodeldia.com\/blog\/","name":"El Vers\u00edculo del D\u00eda","description":"Llevando un vers\u00edculo de salvaci\u00f3n a cada coraz\u00f3n!","publisher":{"@id":"https:\/\/elversiculodeldia.com\/blog\/#organization"},"potentialAction":[{"@type":"SearchAction","target":{"@type":"EntryPoint","urlTemplate":"https:\/\/elversiculodeldia.com\/blog\/?s={search_term_string}"},"query-input":{"@type":"PropertyValueSpecification","valueRequired":true,"valueName":"search_term_string"}}],"inLanguage":"en-US"},{"@type":"Organization","@id":"https:\/\/elversiculodeldia.com\/blog\/#organization","name":"El Versiculo del Dia","url":"https:\/\/elversiculodeldia.com\/blog\/","logo":{"@type":"ImageObject","inLanguage":"en-US","@id":"https:\/\/elversiculodeldia.com\/blog\/#\/schema\/logo\/image\/","url":"https:\/\/elversiculodeldia.com\/blog\/wp-content\/uploads\/2017\/04\/logoOficialEVD.png","contentUrl":"https:\/\/elversiculodeldia.com\/blog\/wp-content\/uploads\/2017\/04\/logoOficialEVD.png","width":400,"height":100,"caption":"El Versiculo del Dia"},"image":{"@id":"https:\/\/elversiculodeldia.com\/blog\/#\/schema\/logo\/image\/"},"sameAs":["https:\/\/www.facebook.com\/elversiculodeldia","https:\/\/x.com\/elversiculo","https:\/\/www.instagram.com\/elversiculo","https:\/\/www.youtube.com\/user\/elversiculodeldia","https:\/\/chat.whatsapp.com\/HreYiXZFT8e0tZUmqriKfb"]},{"@type":"Person","@id":"https:\/\/elversiculodeldia.com\/blog\/#\/schema\/person\/9a2050782f3bfb43d12fee06cbb92f9b","name":"Wendy Bello","image":{"@type":"ImageObject","inLanguage":"en-US","@id":"https:\/\/elversiculodeldia.com\/blog\/wp-content\/uploads\/2020\/01\/userwb.jpg","url":"https:\/\/elversiculodeldia.com\/blog\/wp-content\/uploads\/2020\/01\/userwb.jpg","contentUrl":"https:\/\/elversiculodeldia.com\/blog\/wp-content\/uploads\/2020\/01\/userwb.jpg","caption":"Wendy Bello"},"sameAs":["http:\/\/www.wendybello.com","https:\/\/www.facebook.com\/wendybelloblog","https:\/\/x.com\/wendybelloblog"],"url":"https:\/\/elversiculodeldia.com\/blog\/author\/wendybello\/"}]}},"amp_enabled":true,"_links":{"self":[{"href":"https:\/\/elversiculodeldia.com\/blog\/wp-json\/wp\/v2\/posts\/20097","targetHints":{"allow":["GET"]}}],"collection":[{"href":"https:\/\/elversiculodeldia.com\/blog\/wp-json\/wp\/v2\/posts"}],"about":[{"href":"https:\/\/elversiculodeldia.com\/blog\/wp-json\/wp\/v2\/types\/post"}],"author":[{"embeddable":true,"href":"https:\/\/elversiculodeldia.com\/blog\/wp-json\/wp\/v2\/users\/18"}],"replies":[{"embeddable":true,"href":"https:\/\/elversiculodeldia.com\/blog\/wp-json\/wp\/v2\/comments?post=20097"}],"version-history":[{"count":0,"href":"https:\/\/elversiculodeldia.com\/blog\/wp-json\/wp\/v2\/posts\/20097\/revisions"}],"wp:featuredmedia":[{"embeddable":true,"href":"https:\/\/elversiculodeldia.com\/blog\/wp-json\/wp\/v2\/media\/20098"}],"wp:attachment":[{"href":"https:\/\/elversiculodeldia.com\/blog\/wp-json\/wp\/v2\/media?parent=20097"}],"wp:term":[{"taxonomy":"category","embeddable":true,"href":"https:\/\/elversiculodeldia.com\/blog\/wp-json\/wp\/v2\/categories?post=20097"},{"taxonomy":"post_tag","embeddable":true,"href":"https:\/\/elversiculodeldia.com\/blog\/wp-json\/wp\/v2\/tags?post=20097"}],"curies":[{"name":"wp","href":"https:\/\/api.w.org\/{rel}","templated":true}]}}