{"id":1903,"date":"2011-03-08T06:00:51","date_gmt":"2011-03-08T10:00:51","guid":{"rendered":"http:\/\/www.elversiculodeldia.com\/?p=1903"},"modified":"2011-03-06T22:22:02","modified_gmt":"2011-03-07T02:22:02","slug":"cuando-pensamos-que-ya-no-podemos-mas","status":"publish","type":"post","link":"https:\/\/elversiculodeldia.com\/blog\/cuando-pensamos-que-ya-no-podemos-mas\/","title":{"rendered":"Cuando pensamos que ya no podemos mas&#8230;"},"content":{"rendered":"<p><strong><img loading=\"lazy\" decoding=\"async\" class=\"alignleft size-thumbnail wp-image-1904\" title=\"Cuando pensamos que ya no podemos m\u00e1s...\" src=\"http:\/\/www.elversiculodeldia.com\/wp-content\/uploads\/2011\/03\/Cuando-pensamos-que-ya-no-podemos-m\u00e1s...-150x150.jpg\" alt=\"\" width=\"150\" height=\"150\" \/>Cuando pensamos que ya no podemos m\u00e1s&#8230; <\/strong><\/p>\n<p><strong>ESFUERZO DANIEL 11:32b \u201cTratar\u00e1 de comprar con halagos a los que renieguen de la alianza, pero el pueblo que ama a su Dios se mantendr\u00e1 firme y har\u00e1 frente a la situaci\u00f3n.\u201d<!--more--><br \/>\n<\/strong><\/p>\n<p>Vivimos inmersos en una sociedad altamente automatizada, donde con s\u00f3lo depositar una moneda o apretar ciertas teclas tenemos en segundos lo que queremos.\u00a0 Cada d\u00eda son m\u00e1s las m\u00e1quinas que se han inventado para suplantar el esfuerzo del ser humano.<\/p>\n<p>Por cierto todo este avance tecnol\u00f3gico tiene su lado positivo, pero por otro lado nos est\u00e1n haciendo crecer con la idea de que ya no es necesario esforzarse en la vida.\u00a0 Tenemos la tendencia de abandonar todo lo que requiere esfuerzo y abrazar las cosas f\u00e1ciles de la vida.<\/p>\n<p>Nuestro pensamiento sobre \u201clo r\u00e1pido y sin esfuerzo\u201d, es m\u00e1s bien una ilusi\u00f3n de una propaganda publicitaria que de la realidad. Para todo lo que debamos hacer, si es que deseamos triunfar y llegar a la meta, debemos esforzarnos.\u00a0 En las cosas de Dios los perezosos nunca llegan a ning\u00fan lado positivo.\u00a0 El cristiano que camina tomado de la mano del Se\u00f1or, es un cristiano dispuesto a esforzarse y actuar para llegar al otro lado.<\/p>\n<p>Nuestro Dios es el \u00fanico que provee, por el poder de su Santo Esp\u00edritu, fuerzas al cansado. Si t\u00fa est\u00e1s pensando en este d\u00eda que ya no puedes m\u00e1s, el pasaje de hoy te recuerda que el pueblo que conoce Qui\u00e9n es Dios se mantendr\u00e1 firme y har\u00e1 frente a la situaci\u00f3n.<\/p>\n<p>Si t\u00fa sabes Qui\u00e9n es Dios, sabr\u00e1s que El nunca te dejar\u00e1 solo sino que te proveer\u00e1 las fuerzas que no tienes. \u00a1As\u00ed es nuestro Gran Se\u00f1or!<\/p>\n<p>ORACION: Se\u00f1or.\u00a0 Te pido en este d\u00eda que hagas en mi vida el milagro de Isa\u00edas 40:29, donde Tu dices que das fuerzas al cansado y al d\u00e9bil le aumentas su vigor.\u00a0 Te lo pido en el nombre de nuestro Se\u00f1or Jesucristo, am\u00e9n.<\/p>\n<p>Por: RITCHIE PUGLIESE<\/p>\n","protected":false},"excerpt":{"rendered":"<p>Cuando pensamos que ya no podemos m\u00e1s&#8230; ESFUERZO DANIEL 11:32b \u201cTratar\u00e1 de comprar con halagos a los que renieguen de la alianza, pero el pueblo que ama a su Dios se mantendr\u00e1 firme y har\u00e1 frente a la situaci\u00f3n.\u201d<\/p>\n","protected":false},"author":179,"featured_media":1904,"comment_status":"open","ping_status":"open","sticky":false,"template":"","format":"standard","meta":{"tdm_status":"","tdm_grid_status":"","footnotes":""},"categories":[7,5],"tags":[29,102,8,104,235,295,274,421],"class_list":{"0":"post-1903","1":"post","2":"type-post","3":"status-publish","4":"format-standard","5":"has-post-thumbnail","7":"category-devocionales","8":"category-reflexiones","9":"tag-amor","10":"tag-animo","11":"tag-dios","12":"tag-fuerza","13":"tag-paz","14":"tag-soberano","15":"tag-valentia","16":"tag-valor"},"yoast_head":"<!-- This site is optimized with the Yoast SEO plugin v27.5 - https:\/\/yoast.com\/product\/yoast-seo-wordpress\/ -->\n<title>Cuando pensamos que ya no podemos mas...<\/title>\n<meta name=\"description\" content=\"Cuando pensamos que ya no podemos mas... - El vers\u00edculo del d\u00eda\" \/>\n<meta name=\"robots\" content=\"index, follow, max-snippet:-1, max-image-preview:large, max-video-preview:-1\" \/>\n<link rel=\"canonical\" href=\"https:\/\/elversiculodeldia.com\/blog\/cuando-pensamos-que-ya-no-podemos-mas\/\" \/>\n<meta property=\"og:locale\" content=\"en_US\" \/>\n<meta property=\"og:type\" content=\"article\" \/>\n<meta property=\"og:title\" content=\"Cuando pensamos que ya no podemos mas...\" \/>\n<meta property=\"og:description\" content=\"Cuando pensamos que ya no podemos mas... - El vers\u00edculo del d\u00eda\" \/>\n<meta property=\"og:url\" content=\"https:\/\/elversiculodeldia.com\/blog\/cuando-pensamos-que-ya-no-podemos-mas\/\" \/>\n<meta property=\"og:site_name\" content=\"El vers\u00edculo del d\u00eda\" \/>\n<meta property=\"article:publisher\" content=\"https:\/\/www.facebook.com\/elversiculodeldia\" \/>\n<meta property=\"article:published_time\" content=\"2011-03-08T10:00:51+00:00\" \/>\n<meta property=\"og:image\" content=\"https:\/\/elversiculodeldia.com\/blog\/wp-content\/uploads\/2011\/03\/Cuando-pensamos-que-ya-no-podemos-m\u00e1s....jpg\" \/>\n\t<meta property=\"og:image:width\" content=\"400\" \/>\n\t<meta property=\"og:image:height\" content=\"300\" \/>\n\t<meta property=\"og:image:type\" content=\"image\/jpeg\" \/>\n<meta name=\"author\" content=\"Publicador\" \/>\n<meta name=\"twitter:card\" content=\"summary_large_image\" \/>\n<meta name=\"twitter:creator\" content=\"@elversiculo\" \/>\n<meta name=\"twitter:site\" content=\"@elversiculo\" \/>\n<meta name=\"twitter:label1\" content=\"Written by\" \/>\n\t<meta name=\"twitter:data1\" content=\"Publicador\" \/>\n\t<meta name=\"twitter:label2\" content=\"Est. reading time\" \/>\n\t<meta name=\"twitter:data2\" content=\"2 minutes\" \/>\n<script type=\"application\/ld+json\" class=\"yoast-schema-graph\">{\"@context\":\"https:\\\/\\\/schema.org\",\"@graph\":[{\"@type\":\"Article\",\"@id\":\"https:\\\/\\\/elversiculodeldia.com\\\/blog\\\/cuando-pensamos-que-ya-no-podemos-mas\\\/#article\",\"isPartOf\":{\"@id\":\"https:\\\/\\\/elversiculodeldia.com\\\/blog\\\/cuando-pensamos-que-ya-no-podemos-mas\\\/\"},\"author\":{\"name\":\"Publicador\",\"@id\":\"https:\\\/\\\/elversiculodeldia.com\\\/blog\\\/#\\\/schema\\\/person\\\/28207690384384b0c36020e7c000f640\"},\"headline\":\"Cuando pensamos que ya no podemos mas&#8230;\",\"datePublished\":\"2011-03-08T10:00:51+00:00\",\"mainEntityOfPage\":{\"@id\":\"https:\\\/\\\/elversiculodeldia.com\\\/blog\\\/cuando-pensamos-que-ya-no-podemos-mas\\\/\"},\"wordCount\":363,\"commentCount\":0,\"publisher\":{\"@id\":\"https:\\\/\\\/elversiculodeldia.com\\\/blog\\\/#organization\"},\"image\":{\"@id\":\"https:\\\/\\\/elversiculodeldia.com\\\/blog\\\/cuando-pensamos-que-ya-no-podemos-mas\\\/#primaryimage\"},\"thumbnailUrl\":\"https:\\\/\\\/elversiculodeldia.com\\\/blog\\\/wp-content\\\/uploads\\\/2011\\\/03\\\/Cuando-pensamos-que-ya-no-podemos-m\u00e1s....jpg\",\"keywords\":[\"amor\",\"Animo\",\"Dios\",\"Fuerza\",\"Paz\",\"Soberano\",\"valentia\",\"Valor\"],\"articleSection\":[\"Devocionales\",\"Reflexiones\"],\"inLanguage\":\"en-US\",\"potentialAction\":[{\"@type\":\"CommentAction\",\"name\":\"Comment\",\"target\":[\"https:\\\/\\\/elversiculodeldia.com\\\/blog\\\/cuando-pensamos-que-ya-no-podemos-mas\\\/#respond\"]}]},{\"@type\":\"WebPage\",\"@id\":\"https:\\\/\\\/elversiculodeldia.com\\\/blog\\\/cuando-pensamos-que-ya-no-podemos-mas\\\/\",\"url\":\"https:\\\/\\\/elversiculodeldia.com\\\/blog\\\/cuando-pensamos-que-ya-no-podemos-mas\\\/\",\"name\":\"Cuando pensamos que ya no podemos mas...\",\"isPartOf\":{\"@id\":\"https:\\\/\\\/elversiculodeldia.com\\\/blog\\\/#website\"},\"primaryImageOfPage\":{\"@id\":\"https:\\\/\\\/elversiculodeldia.com\\\/blog\\\/cuando-pensamos-que-ya-no-podemos-mas\\\/#primaryimage\"},\"image\":{\"@id\":\"https:\\\/\\\/elversiculodeldia.com\\\/blog\\\/cuando-pensamos-que-ya-no-podemos-mas\\\/#primaryimage\"},\"thumbnailUrl\":\"https:\\\/\\\/elversiculodeldia.com\\\/blog\\\/wp-content\\\/uploads\\\/2011\\\/03\\\/Cuando-pensamos-que-ya-no-podemos-m\u00e1s....jpg\",\"datePublished\":\"2011-03-08T10:00:51+00:00\",\"description\":\"Cuando pensamos que ya no podemos mas... - El vers\u00edculo del d\u00eda\",\"inLanguage\":\"en-US\",\"potentialAction\":[{\"@type\":\"ReadAction\",\"target\":[\"https:\\\/\\\/elversiculodeldia.com\\\/blog\\\/cuando-pensamos-que-ya-no-podemos-mas\\\/\"]}]},{\"@type\":\"ImageObject\",\"inLanguage\":\"en-US\",\"@id\":\"https:\\\/\\\/elversiculodeldia.com\\\/blog\\\/cuando-pensamos-que-ya-no-podemos-mas\\\/#primaryimage\",\"url\":\"https:\\\/\\\/elversiculodeldia.com\\\/blog\\\/wp-content\\\/uploads\\\/2011\\\/03\\\/Cuando-pensamos-que-ya-no-podemos-m\u00e1s....jpg\",\"contentUrl\":\"https:\\\/\\\/elversiculodeldia.com\\\/blog\\\/wp-content\\\/uploads\\\/2011\\\/03\\\/Cuando-pensamos-que-ya-no-podemos-m\u00e1s....jpg\",\"width\":400,\"height\":300},{\"@type\":\"WebSite\",\"@id\":\"https:\\\/\\\/elversiculodeldia.com\\\/blog\\\/#website\",\"url\":\"https:\\\/\\\/elversiculodeldia.com\\\/blog\\\/\",\"name\":\"El Vers\u00edculo del D\u00eda\",\"description\":\"Llevando un vers\u00edculo de salvaci\u00f3n a cada coraz\u00f3n!\",\"publisher\":{\"@id\":\"https:\\\/\\\/elversiculodeldia.com\\\/blog\\\/#organization\"},\"potentialAction\":[{\"@type\":\"SearchAction\",\"target\":{\"@type\":\"EntryPoint\",\"urlTemplate\":\"https:\\\/\\\/elversiculodeldia.com\\\/blog\\\/?s={search_term_string}\"},\"query-input\":{\"@type\":\"PropertyValueSpecification\",\"valueRequired\":true,\"valueName\":\"search_term_string\"}}],\"inLanguage\":\"en-US\"},{\"@type\":\"Organization\",\"@id\":\"https:\\\/\\\/elversiculodeldia.com\\\/blog\\\/#organization\",\"name\":\"El Versiculo del Dia\",\"url\":\"https:\\\/\\\/elversiculodeldia.com\\\/blog\\\/\",\"logo\":{\"@type\":\"ImageObject\",\"inLanguage\":\"en-US\",\"@id\":\"https:\\\/\\\/elversiculodeldia.com\\\/blog\\\/#\\\/schema\\\/logo\\\/image\\\/\",\"url\":\"https:\\\/\\\/elversiculodeldia.com\\\/blog\\\/wp-content\\\/uploads\\\/2017\\\/04\\\/logoOficialEVD.png\",\"contentUrl\":\"https:\\\/\\\/elversiculodeldia.com\\\/blog\\\/wp-content\\\/uploads\\\/2017\\\/04\\\/logoOficialEVD.png\",\"width\":400,\"height\":100,\"caption\":\"El Versiculo del Dia\"},\"image\":{\"@id\":\"https:\\\/\\\/elversiculodeldia.com\\\/blog\\\/#\\\/schema\\\/logo\\\/image\\\/\"},\"sameAs\":[\"https:\\\/\\\/www.facebook.com\\\/elversiculodeldia\",\"https:\\\/\\\/x.com\\\/elversiculo\",\"https:\\\/\\\/www.instagram.com\\\/elversiculo\",\"https:\\\/\\\/www.youtube.com\\\/user\\\/elversiculodeldia\",\"https:\\\/\\\/chat.whatsapp.com\\\/HreYiXZFT8e0tZUmqriKfb\"]},{\"@type\":\"Person\",\"@id\":\"https:\\\/\\\/elversiculodeldia.com\\\/blog\\\/#\\\/schema\\\/person\\\/28207690384384b0c36020e7c000f640\",\"name\":\"Publicador\",\"image\":{\"@type\":\"ImageObject\",\"inLanguage\":\"en-US\",\"@id\":\"https:\\\/\\\/elversiculodeldia.com\\\/blog\\\/wp-content\\\/uploads\\\/2020\\\/01\\\/userbss.png\",\"url\":\"https:\\\/\\\/elversiculodeldia.com\\\/blog\\\/wp-content\\\/uploads\\\/2020\\\/01\\\/userbss.png\",\"contentUrl\":\"https:\\\/\\\/elversiculodeldia.com\\\/blog\\\/wp-content\\\/uploads\\\/2020\\\/01\\\/userbss.png\",\"caption\":\"Publicador\"},\"description\":\"Salvo por gracia \u2764 Dios es bueno y para siempre es Su misericordia!\",\"sameAs\":[\"https:\\\/\\\/www.elversiculodeldia.com\\\/\"],\"url\":\"https:\\\/\\\/elversiculodeldia.com\\\/blog\\\/author\\\/publicador\\\/\"}]}<\/script>\n<!-- \/ Yoast SEO plugin. -->","yoast_head_json":{"title":"Cuando pensamos que ya no podemos mas...","description":"Cuando pensamos que ya no podemos mas... - El vers\u00edculo del d\u00eda","robots":{"index":"index","follow":"follow","max-snippet":"max-snippet:-1","max-image-preview":"max-image-preview:large","max-video-preview":"max-video-preview:-1"},"canonical":"https:\/\/elversiculodeldia.com\/blog\/cuando-pensamos-que-ya-no-podemos-mas\/","og_locale":"en_US","og_type":"article","og_title":"Cuando pensamos que ya no podemos mas...","og_description":"Cuando pensamos que ya no podemos mas... - El vers\u00edculo del d\u00eda","og_url":"https:\/\/elversiculodeldia.com\/blog\/cuando-pensamos-que-ya-no-podemos-mas\/","og_site_name":"El vers\u00edculo del d\u00eda","article_publisher":"https:\/\/www.facebook.com\/elversiculodeldia","article_published_time":"2011-03-08T10:00:51+00:00","og_image":[{"width":400,"height":300,"url":"https:\/\/elversiculodeldia.com\/blog\/wp-content\/uploads\/2011\/03\/Cuando-pensamos-que-ya-no-podemos-m\u00e1s....jpg","type":"image\/jpeg"}],"author":"Publicador","twitter_card":"summary_large_image","twitter_creator":"@elversiculo","twitter_site":"@elversiculo","twitter_misc":{"Written by":"Publicador","Est. reading time":"2 minutes"},"schema":{"@context":"https:\/\/schema.org","@graph":[{"@type":"Article","@id":"https:\/\/elversiculodeldia.com\/blog\/cuando-pensamos-que-ya-no-podemos-mas\/#article","isPartOf":{"@id":"https:\/\/elversiculodeldia.com\/blog\/cuando-pensamos-que-ya-no-podemos-mas\/"},"author":{"name":"Publicador","@id":"https:\/\/elversiculodeldia.com\/blog\/#\/schema\/person\/28207690384384b0c36020e7c000f640"},"headline":"Cuando pensamos que ya no podemos mas&#8230;","datePublished":"2011-03-08T10:00:51+00:00","mainEntityOfPage":{"@id":"https:\/\/elversiculodeldia.com\/blog\/cuando-pensamos-que-ya-no-podemos-mas\/"},"wordCount":363,"commentCount":0,"publisher":{"@id":"https:\/\/elversiculodeldia.com\/blog\/#organization"},"image":{"@id":"https:\/\/elversiculodeldia.com\/blog\/cuando-pensamos-que-ya-no-podemos-mas\/#primaryimage"},"thumbnailUrl":"https:\/\/elversiculodeldia.com\/blog\/wp-content\/uploads\/2011\/03\/Cuando-pensamos-que-ya-no-podemos-m\u00e1s....jpg","keywords":["amor","Animo","Dios","Fuerza","Paz","Soberano","valentia","Valor"],"articleSection":["Devocionales","Reflexiones"],"inLanguage":"en-US","potentialAction":[{"@type":"CommentAction","name":"Comment","target":["https:\/\/elversiculodeldia.com\/blog\/cuando-pensamos-que-ya-no-podemos-mas\/#respond"]}]},{"@type":"WebPage","@id":"https:\/\/elversiculodeldia.com\/blog\/cuando-pensamos-que-ya-no-podemos-mas\/","url":"https:\/\/elversiculodeldia.com\/blog\/cuando-pensamos-que-ya-no-podemos-mas\/","name":"Cuando pensamos que ya no podemos mas...","isPartOf":{"@id":"https:\/\/elversiculodeldia.com\/blog\/#website"},"primaryImageOfPage":{"@id":"https:\/\/elversiculodeldia.com\/blog\/cuando-pensamos-que-ya-no-podemos-mas\/#primaryimage"},"image":{"@id":"https:\/\/elversiculodeldia.com\/blog\/cuando-pensamos-que-ya-no-podemos-mas\/#primaryimage"},"thumbnailUrl":"https:\/\/elversiculodeldia.com\/blog\/wp-content\/uploads\/2011\/03\/Cuando-pensamos-que-ya-no-podemos-m\u00e1s....jpg","datePublished":"2011-03-08T10:00:51+00:00","description":"Cuando pensamos que ya no podemos mas... - El vers\u00edculo del d\u00eda","inLanguage":"en-US","potentialAction":[{"@type":"ReadAction","target":["https:\/\/elversiculodeldia.com\/blog\/cuando-pensamos-que-ya-no-podemos-mas\/"]}]},{"@type":"ImageObject","inLanguage":"en-US","@id":"https:\/\/elversiculodeldia.com\/blog\/cuando-pensamos-que-ya-no-podemos-mas\/#primaryimage","url":"https:\/\/elversiculodeldia.com\/blog\/wp-content\/uploads\/2011\/03\/Cuando-pensamos-que-ya-no-podemos-m\u00e1s....jpg","contentUrl":"https:\/\/elversiculodeldia.com\/blog\/wp-content\/uploads\/2011\/03\/Cuando-pensamos-que-ya-no-podemos-m\u00e1s....jpg","width":400,"height":300},{"@type":"WebSite","@id":"https:\/\/elversiculodeldia.com\/blog\/#website","url":"https:\/\/elversiculodeldia.com\/blog\/","name":"El Vers\u00edculo del D\u00eda","description":"Llevando un vers\u00edculo de salvaci\u00f3n a cada coraz\u00f3n!","publisher":{"@id":"https:\/\/elversiculodeldia.com\/blog\/#organization"},"potentialAction":[{"@type":"SearchAction","target":{"@type":"EntryPoint","urlTemplate":"https:\/\/elversiculodeldia.com\/blog\/?s={search_term_string}"},"query-input":{"@type":"PropertyValueSpecification","valueRequired":true,"valueName":"search_term_string"}}],"inLanguage":"en-US"},{"@type":"Organization","@id":"https:\/\/elversiculodeldia.com\/blog\/#organization","name":"El Versiculo del Dia","url":"https:\/\/elversiculodeldia.com\/blog\/","logo":{"@type":"ImageObject","inLanguage":"en-US","@id":"https:\/\/elversiculodeldia.com\/blog\/#\/schema\/logo\/image\/","url":"https:\/\/elversiculodeldia.com\/blog\/wp-content\/uploads\/2017\/04\/logoOficialEVD.png","contentUrl":"https:\/\/elversiculodeldia.com\/blog\/wp-content\/uploads\/2017\/04\/logoOficialEVD.png","width":400,"height":100,"caption":"El Versiculo del Dia"},"image":{"@id":"https:\/\/elversiculodeldia.com\/blog\/#\/schema\/logo\/image\/"},"sameAs":["https:\/\/www.facebook.com\/elversiculodeldia","https:\/\/x.com\/elversiculo","https:\/\/www.instagram.com\/elversiculo","https:\/\/www.youtube.com\/user\/elversiculodeldia","https:\/\/chat.whatsapp.com\/HreYiXZFT8e0tZUmqriKfb"]},{"@type":"Person","@id":"https:\/\/elversiculodeldia.com\/blog\/#\/schema\/person\/28207690384384b0c36020e7c000f640","name":"Publicador","image":{"@type":"ImageObject","inLanguage":"en-US","@id":"https:\/\/elversiculodeldia.com\/blog\/wp-content\/uploads\/2020\/01\/userbss.png","url":"https:\/\/elversiculodeldia.com\/blog\/wp-content\/uploads\/2020\/01\/userbss.png","contentUrl":"https:\/\/elversiculodeldia.com\/blog\/wp-content\/uploads\/2020\/01\/userbss.png","caption":"Publicador"},"description":"Salvo por gracia \u2764 Dios es bueno y para siempre es Su misericordia!","sameAs":["https:\/\/www.elversiculodeldia.com\/"],"url":"https:\/\/elversiculodeldia.com\/blog\/author\/publicador\/"}]}},"amp_enabled":true,"_links":{"self":[{"href":"https:\/\/elversiculodeldia.com\/blog\/wp-json\/wp\/v2\/posts\/1903","targetHints":{"allow":["GET"]}}],"collection":[{"href":"https:\/\/elversiculodeldia.com\/blog\/wp-json\/wp\/v2\/posts"}],"about":[{"href":"https:\/\/elversiculodeldia.com\/blog\/wp-json\/wp\/v2\/types\/post"}],"author":[{"embeddable":true,"href":"https:\/\/elversiculodeldia.com\/blog\/wp-json\/wp\/v2\/users\/179"}],"replies":[{"embeddable":true,"href":"https:\/\/elversiculodeldia.com\/blog\/wp-json\/wp\/v2\/comments?post=1903"}],"version-history":[{"count":0,"href":"https:\/\/elversiculodeldia.com\/blog\/wp-json\/wp\/v2\/posts\/1903\/revisions"}],"wp:featuredmedia":[{"embeddable":true,"href":"https:\/\/elversiculodeldia.com\/blog\/wp-json\/wp\/v2\/media\/1904"}],"wp:attachment":[{"href":"https:\/\/elversiculodeldia.com\/blog\/wp-json\/wp\/v2\/media?parent=1903"}],"wp:term":[{"taxonomy":"category","embeddable":true,"href":"https:\/\/elversiculodeldia.com\/blog\/wp-json\/wp\/v2\/categories?post=1903"},{"taxonomy":"post_tag","embeddable":true,"href":"https:\/\/elversiculodeldia.com\/blog\/wp-json\/wp\/v2\/tags?post=1903"}],"curies":[{"name":"wp","href":"https:\/\/api.w.org\/{rel}","templated":true}]}}