{"id":1821,"date":"2011-02-19T06:00:45","date_gmt":"2011-02-19T10:00:45","guid":{"rendered":"http:\/\/www.elversiculodeldia.com\/?p=1821"},"modified":"2011-02-16T13:11:39","modified_gmt":"2011-02-16T17:11:39","slug":"jesucristo-el-justo","status":"publish","type":"post","link":"https:\/\/elversiculodeldia.com\/blog\/jesucristo-el-justo\/","title":{"rendered":"Jesucristo El Justo"},"content":{"rendered":"<p><strong><img loading=\"lazy\" decoding=\"async\" class=\"alignleft size-thumbnail wp-image-1822\" title=\"Jesucristo el Justo\" src=\"http:\/\/www.elversiculodeldia.com\/wp-content\/uploads\/2011\/02\/Jesucristo-el-Justo-150x150.jpg\" alt=\"\" width=\"150\" height=\"150\" \/>Jesucristo El Justo<\/strong><\/p>\n<p><strong>Vosotros negasteis al Santo y al Justo, y pedisteis que se os diese un homicida<\/strong>. \u2013 <em>Hechos 3:14.<\/em><\/p>\n<p>Tanto en el Antiguo como en el Nuevo Testamento los creyentes son llamados justos. \u00bfObtuvieron este nombre por su justo proceder? No, su justificaci\u00f3n es una d\u00e1diva de Dios, la cual recibieron en base a su fe. \u201c<strong>Al que no obra, sino cree en aquel que justifica al imp\u00edo, su fe le es contada por justicia<!--more--><\/strong>\u201d (<em>Romanos 4:5<\/em>).<\/p>\n<p>El Se\u00f1or Jes\u00fas tambi\u00e9n es llamado \u201c<strong>el Justo<\/strong>\u201d. <span style=\"text-decoration: underline;\">Lleva este t\u00edtulo por dos razones<\/span>: <span style=\"text-decoration: underline;\">primero<\/span>, \u00e9l fue el \u00fanico ser humano justo. Era justo en todo sentido, es decir, en todo lo que hac\u00eda, en su forma de vivir, en lo que dec\u00eda y en c\u00f3mo lo dec\u00eda. Plenamente sumiso a Dios, manifestaba luz y amor en este mundo. Por eso fue el \u00fanico que pudo morir por nosotros: \u201c<strong>Cristo padeci\u00f3 una sola vez por los pecados, el justo por los injustos, para llevarnos a Dios<\/strong>\u201d (<em>1 Pedro 3:18<\/em>).<\/p>\n<p><span style=\"text-decoration: underline;\">Segundo<\/span>, el Se\u00f1or Jes\u00fas tambi\u00e9n es \u201c<strong>el justo<\/strong>\u201d porque reinar\u00e1 con justicia. Algunas profec\u00edas en el Antiguo Testamento describen su se\u00f1or\u00edo justo. Al lado de \u00e9l todo gobernante humano, por m\u00e1s que se esfuerce por gobernar justamente, empalidecer\u00e1. \u00a1Qu\u00e9 glorioso tiempo tiene todav\u00eda la tierra por delante! \u201c<strong>He aqu\u00ed que para justicia reinar\u00e1 un rey, y pr\u00edncipes presidir\u00e1n en juicio<\/strong>\u201d. \u201c<strong>Y ser\u00e1 la justicia cinto de sus lomos, y la fidelidad ce\u00f1idor de su cintura<\/strong>\u201d (<em>Isa\u00edas 32:1; 11:5<\/em>).<\/p>\n<p>Mientras esperamos estar para siempre con esa Persona insuperable, vivamos de una manera digna de nuestro Salvador. Y en el d\u00eda del Se\u00f1or, acudamos para adorarle juntamente con los suyos.<\/p>\n","protected":false},"excerpt":{"rendered":"<p>Jesucristo El Justo Vosotros negasteis al Santo y al Justo, y pedisteis que se os diese un homicida. \u2013 Hechos 3:14. Tanto en el Antiguo como en el Nuevo Testamento los creyentes son llamados justos. \u00bfObtuvieron este nombre por su justo proceder? No, su justificaci\u00f3n es una d\u00e1diva de Dios, la cual recibieron en base [&hellip;]<\/p>\n","protected":false},"author":179,"featured_media":1822,"comment_status":"open","ping_status":"open","sticky":false,"template":"","format":"standard","meta":{"tdm_status":"","tdm_grid_status":"","footnotes":""},"categories":[5],"tags":[52,253,208,8,26,47,38,157,241,34,13,44,20,67],"class_list":{"0":"post-1821","1":"post","2":"type-post","3":"status-publish","4":"format-standard","5":"has-post-thumbnail","7":"category-reflexiones","8":"tag-actitud","9":"tag-actuar","10":"tag-dadiva","11":"tag-dios","12":"tag-fe","13":"tag-jesucristo","14":"tag-jesus","15":"tag-justicia","16":"tag-justo","17":"tag-luz","18":"tag-padre","19":"tag-pecado","20":"tag-rey","21":"tag-vida"},"yoast_head":"<!-- This site is optimized with the Yoast SEO plugin v27.5 - https:\/\/yoast.com\/product\/yoast-seo-wordpress\/ -->\n<title>Jesucristo El Justo<\/title>\n<meta name=\"description\" content=\"Jesucristo El Justo - El vers\u00edculo del d\u00eda\" \/>\n<meta name=\"robots\" content=\"index, follow, max-snippet:-1, max-image-preview:large, max-video-preview:-1\" \/>\n<link rel=\"canonical\" href=\"https:\/\/elversiculodeldia.com\/blog\/jesucristo-el-justo\/\" \/>\n<meta property=\"og:locale\" content=\"en_US\" \/>\n<meta property=\"og:type\" content=\"article\" \/>\n<meta property=\"og:title\" content=\"Jesucristo El Justo\" \/>\n<meta property=\"og:description\" content=\"Jesucristo El Justo - El vers\u00edculo del d\u00eda\" \/>\n<meta property=\"og:url\" content=\"https:\/\/elversiculodeldia.com\/blog\/jesucristo-el-justo\/\" \/>\n<meta property=\"og:site_name\" content=\"El vers\u00edculo del d\u00eda\" \/>\n<meta property=\"article:publisher\" content=\"https:\/\/www.facebook.com\/elversiculodeldia\" \/>\n<meta property=\"article:published_time\" content=\"2011-02-19T10:00:45+00:00\" \/>\n<meta property=\"og:image\" content=\"https:\/\/elversiculodeldia.com\/blog\/wp-content\/uploads\/2011\/02\/Jesucristo-el-Justo.jpg\" \/>\n\t<meta property=\"og:image:width\" content=\"225\" \/>\n\t<meta property=\"og:image:height\" content=\"224\" \/>\n\t<meta property=\"og:image:type\" content=\"image\/jpeg\" \/>\n<meta name=\"author\" content=\"Publicador\" \/>\n<meta name=\"twitter:card\" content=\"summary_large_image\" \/>\n<meta name=\"twitter:creator\" content=\"@elversiculo\" \/>\n<meta name=\"twitter:site\" content=\"@elversiculo\" \/>\n<meta name=\"twitter:label1\" content=\"Written by\" \/>\n\t<meta name=\"twitter:data1\" content=\"Publicador\" \/>\n\t<meta name=\"twitter:label2\" content=\"Est. reading time\" \/>\n\t<meta name=\"twitter:data2\" content=\"1 minute\" \/>\n<script type=\"application\/ld+json\" class=\"yoast-schema-graph\">{\"@context\":\"https:\\\/\\\/schema.org\",\"@graph\":[{\"@type\":\"Article\",\"@id\":\"https:\\\/\\\/elversiculodeldia.com\\\/blog\\\/jesucristo-el-justo\\\/#article\",\"isPartOf\":{\"@id\":\"https:\\\/\\\/elversiculodeldia.com\\\/blog\\\/jesucristo-el-justo\\\/\"},\"author\":{\"name\":\"Publicador\",\"@id\":\"https:\\\/\\\/elversiculodeldia.com\\\/blog\\\/#\\\/schema\\\/person\\\/28207690384384b0c36020e7c000f640\"},\"headline\":\"Jesucristo El Justo\",\"datePublished\":\"2011-02-19T10:00:45+00:00\",\"mainEntityOfPage\":{\"@id\":\"https:\\\/\\\/elversiculodeldia.com\\\/blog\\\/jesucristo-el-justo\\\/\"},\"wordCount\":297,\"commentCount\":1,\"publisher\":{\"@id\":\"https:\\\/\\\/elversiculodeldia.com\\\/blog\\\/#organization\"},\"image\":{\"@id\":\"https:\\\/\\\/elversiculodeldia.com\\\/blog\\\/jesucristo-el-justo\\\/#primaryimage\"},\"thumbnailUrl\":\"https:\\\/\\\/elversiculodeldia.com\\\/blog\\\/wp-content\\\/uploads\\\/2011\\\/02\\\/Jesucristo-el-Justo.jpg\",\"keywords\":[\"Actitud\",\"Actuar\",\"Dadiva\",\"Dios\",\"Fe\",\"Jesucristo\",\"Jesus\",\"Justicia\",\"Justo\",\"Luz\",\"Padre\",\"Pecado\",\"Rey\",\"vida\"],\"articleSection\":[\"Reflexiones\"],\"inLanguage\":\"en-US\",\"potentialAction\":[{\"@type\":\"CommentAction\",\"name\":\"Comment\",\"target\":[\"https:\\\/\\\/elversiculodeldia.com\\\/blog\\\/jesucristo-el-justo\\\/#respond\"]}]},{\"@type\":\"WebPage\",\"@id\":\"https:\\\/\\\/elversiculodeldia.com\\\/blog\\\/jesucristo-el-justo\\\/\",\"url\":\"https:\\\/\\\/elversiculodeldia.com\\\/blog\\\/jesucristo-el-justo\\\/\",\"name\":\"Jesucristo El Justo\",\"isPartOf\":{\"@id\":\"https:\\\/\\\/elversiculodeldia.com\\\/blog\\\/#website\"},\"primaryImageOfPage\":{\"@id\":\"https:\\\/\\\/elversiculodeldia.com\\\/blog\\\/jesucristo-el-justo\\\/#primaryimage\"},\"image\":{\"@id\":\"https:\\\/\\\/elversiculodeldia.com\\\/blog\\\/jesucristo-el-justo\\\/#primaryimage\"},\"thumbnailUrl\":\"https:\\\/\\\/elversiculodeldia.com\\\/blog\\\/wp-content\\\/uploads\\\/2011\\\/02\\\/Jesucristo-el-Justo.jpg\",\"datePublished\":\"2011-02-19T10:00:45+00:00\",\"description\":\"Jesucristo El Justo - El vers\u00edculo del d\u00eda\",\"inLanguage\":\"en-US\",\"potentialAction\":[{\"@type\":\"ReadAction\",\"target\":[\"https:\\\/\\\/elversiculodeldia.com\\\/blog\\\/jesucristo-el-justo\\\/\"]}]},{\"@type\":\"ImageObject\",\"inLanguage\":\"en-US\",\"@id\":\"https:\\\/\\\/elversiculodeldia.com\\\/blog\\\/jesucristo-el-justo\\\/#primaryimage\",\"url\":\"https:\\\/\\\/elversiculodeldia.com\\\/blog\\\/wp-content\\\/uploads\\\/2011\\\/02\\\/Jesucristo-el-Justo.jpg\",\"contentUrl\":\"https:\\\/\\\/elversiculodeldia.com\\\/blog\\\/wp-content\\\/uploads\\\/2011\\\/02\\\/Jesucristo-el-Justo.jpg\",\"width\":225,\"height\":224},{\"@type\":\"WebSite\",\"@id\":\"https:\\\/\\\/elversiculodeldia.com\\\/blog\\\/#website\",\"url\":\"https:\\\/\\\/elversiculodeldia.com\\\/blog\\\/\",\"name\":\"El Vers\u00edculo del D\u00eda\",\"description\":\"Llevando un vers\u00edculo de salvaci\u00f3n a cada coraz\u00f3n!\",\"publisher\":{\"@id\":\"https:\\\/\\\/elversiculodeldia.com\\\/blog\\\/#organization\"},\"potentialAction\":[{\"@type\":\"SearchAction\",\"target\":{\"@type\":\"EntryPoint\",\"urlTemplate\":\"https:\\\/\\\/elversiculodeldia.com\\\/blog\\\/?s={search_term_string}\"},\"query-input\":{\"@type\":\"PropertyValueSpecification\",\"valueRequired\":true,\"valueName\":\"search_term_string\"}}],\"inLanguage\":\"en-US\"},{\"@type\":\"Organization\",\"@id\":\"https:\\\/\\\/elversiculodeldia.com\\\/blog\\\/#organization\",\"name\":\"El Versiculo del Dia\",\"url\":\"https:\\\/\\\/elversiculodeldia.com\\\/blog\\\/\",\"logo\":{\"@type\":\"ImageObject\",\"inLanguage\":\"en-US\",\"@id\":\"https:\\\/\\\/elversiculodeldia.com\\\/blog\\\/#\\\/schema\\\/logo\\\/image\\\/\",\"url\":\"https:\\\/\\\/elversiculodeldia.com\\\/blog\\\/wp-content\\\/uploads\\\/2017\\\/04\\\/logoOficialEVD.png\",\"contentUrl\":\"https:\\\/\\\/elversiculodeldia.com\\\/blog\\\/wp-content\\\/uploads\\\/2017\\\/04\\\/logoOficialEVD.png\",\"width\":400,\"height\":100,\"caption\":\"El Versiculo del Dia\"},\"image\":{\"@id\":\"https:\\\/\\\/elversiculodeldia.com\\\/blog\\\/#\\\/schema\\\/logo\\\/image\\\/\"},\"sameAs\":[\"https:\\\/\\\/www.facebook.com\\\/elversiculodeldia\",\"https:\\\/\\\/x.com\\\/elversiculo\",\"https:\\\/\\\/www.instagram.com\\\/elversiculo\",\"https:\\\/\\\/www.youtube.com\\\/user\\\/elversiculodeldia\",\"https:\\\/\\\/chat.whatsapp.com\\\/HreYiXZFT8e0tZUmqriKfb\"]},{\"@type\":\"Person\",\"@id\":\"https:\\\/\\\/elversiculodeldia.com\\\/blog\\\/#\\\/schema\\\/person\\\/28207690384384b0c36020e7c000f640\",\"name\":\"Publicador\",\"image\":{\"@type\":\"ImageObject\",\"inLanguage\":\"en-US\",\"@id\":\"https:\\\/\\\/elversiculodeldia.com\\\/blog\\\/wp-content\\\/uploads\\\/2020\\\/01\\\/userbss.png\",\"url\":\"https:\\\/\\\/elversiculodeldia.com\\\/blog\\\/wp-content\\\/uploads\\\/2020\\\/01\\\/userbss.png\",\"contentUrl\":\"https:\\\/\\\/elversiculodeldia.com\\\/blog\\\/wp-content\\\/uploads\\\/2020\\\/01\\\/userbss.png\",\"caption\":\"Publicador\"},\"description\":\"Salvo por gracia \u2764 Dios es bueno y para siempre es Su misericordia!\",\"sameAs\":[\"https:\\\/\\\/www.elversiculodeldia.com\\\/\"],\"url\":\"https:\\\/\\\/elversiculodeldia.com\\\/blog\\\/author\\\/publicador\\\/\"}]}<\/script>\n<!-- \/ Yoast SEO plugin. -->","yoast_head_json":{"title":"Jesucristo El Justo","description":"Jesucristo El Justo - El vers\u00edculo del d\u00eda","robots":{"index":"index","follow":"follow","max-snippet":"max-snippet:-1","max-image-preview":"max-image-preview:large","max-video-preview":"max-video-preview:-1"},"canonical":"https:\/\/elversiculodeldia.com\/blog\/jesucristo-el-justo\/","og_locale":"en_US","og_type":"article","og_title":"Jesucristo El Justo","og_description":"Jesucristo El Justo - El vers\u00edculo del d\u00eda","og_url":"https:\/\/elversiculodeldia.com\/blog\/jesucristo-el-justo\/","og_site_name":"El vers\u00edculo del d\u00eda","article_publisher":"https:\/\/www.facebook.com\/elversiculodeldia","article_published_time":"2011-02-19T10:00:45+00:00","og_image":[{"width":225,"height":224,"url":"https:\/\/elversiculodeldia.com\/blog\/wp-content\/uploads\/2011\/02\/Jesucristo-el-Justo.jpg","type":"image\/jpeg"}],"author":"Publicador","twitter_card":"summary_large_image","twitter_creator":"@elversiculo","twitter_site":"@elversiculo","twitter_misc":{"Written by":"Publicador","Est. reading time":"1 minute"},"schema":{"@context":"https:\/\/schema.org","@graph":[{"@type":"Article","@id":"https:\/\/elversiculodeldia.com\/blog\/jesucristo-el-justo\/#article","isPartOf":{"@id":"https:\/\/elversiculodeldia.com\/blog\/jesucristo-el-justo\/"},"author":{"name":"Publicador","@id":"https:\/\/elversiculodeldia.com\/blog\/#\/schema\/person\/28207690384384b0c36020e7c000f640"},"headline":"Jesucristo El Justo","datePublished":"2011-02-19T10:00:45+00:00","mainEntityOfPage":{"@id":"https:\/\/elversiculodeldia.com\/blog\/jesucristo-el-justo\/"},"wordCount":297,"commentCount":1,"publisher":{"@id":"https:\/\/elversiculodeldia.com\/blog\/#organization"},"image":{"@id":"https:\/\/elversiculodeldia.com\/blog\/jesucristo-el-justo\/#primaryimage"},"thumbnailUrl":"https:\/\/elversiculodeldia.com\/blog\/wp-content\/uploads\/2011\/02\/Jesucristo-el-Justo.jpg","keywords":["Actitud","Actuar","Dadiva","Dios","Fe","Jesucristo","Jesus","Justicia","Justo","Luz","Padre","Pecado","Rey","vida"],"articleSection":["Reflexiones"],"inLanguage":"en-US","potentialAction":[{"@type":"CommentAction","name":"Comment","target":["https:\/\/elversiculodeldia.com\/blog\/jesucristo-el-justo\/#respond"]}]},{"@type":"WebPage","@id":"https:\/\/elversiculodeldia.com\/blog\/jesucristo-el-justo\/","url":"https:\/\/elversiculodeldia.com\/blog\/jesucristo-el-justo\/","name":"Jesucristo El Justo","isPartOf":{"@id":"https:\/\/elversiculodeldia.com\/blog\/#website"},"primaryImageOfPage":{"@id":"https:\/\/elversiculodeldia.com\/blog\/jesucristo-el-justo\/#primaryimage"},"image":{"@id":"https:\/\/elversiculodeldia.com\/blog\/jesucristo-el-justo\/#primaryimage"},"thumbnailUrl":"https:\/\/elversiculodeldia.com\/blog\/wp-content\/uploads\/2011\/02\/Jesucristo-el-Justo.jpg","datePublished":"2011-02-19T10:00:45+00:00","description":"Jesucristo El Justo - El vers\u00edculo del d\u00eda","inLanguage":"en-US","potentialAction":[{"@type":"ReadAction","target":["https:\/\/elversiculodeldia.com\/blog\/jesucristo-el-justo\/"]}]},{"@type":"ImageObject","inLanguage":"en-US","@id":"https:\/\/elversiculodeldia.com\/blog\/jesucristo-el-justo\/#primaryimage","url":"https:\/\/elversiculodeldia.com\/blog\/wp-content\/uploads\/2011\/02\/Jesucristo-el-Justo.jpg","contentUrl":"https:\/\/elversiculodeldia.com\/blog\/wp-content\/uploads\/2011\/02\/Jesucristo-el-Justo.jpg","width":225,"height":224},{"@type":"WebSite","@id":"https:\/\/elversiculodeldia.com\/blog\/#website","url":"https:\/\/elversiculodeldia.com\/blog\/","name":"El Vers\u00edculo del D\u00eda","description":"Llevando un vers\u00edculo de salvaci\u00f3n a cada coraz\u00f3n!","publisher":{"@id":"https:\/\/elversiculodeldia.com\/blog\/#organization"},"potentialAction":[{"@type":"SearchAction","target":{"@type":"EntryPoint","urlTemplate":"https:\/\/elversiculodeldia.com\/blog\/?s={search_term_string}"},"query-input":{"@type":"PropertyValueSpecification","valueRequired":true,"valueName":"search_term_string"}}],"inLanguage":"en-US"},{"@type":"Organization","@id":"https:\/\/elversiculodeldia.com\/blog\/#organization","name":"El Versiculo del Dia","url":"https:\/\/elversiculodeldia.com\/blog\/","logo":{"@type":"ImageObject","inLanguage":"en-US","@id":"https:\/\/elversiculodeldia.com\/blog\/#\/schema\/logo\/image\/","url":"https:\/\/elversiculodeldia.com\/blog\/wp-content\/uploads\/2017\/04\/logoOficialEVD.png","contentUrl":"https:\/\/elversiculodeldia.com\/blog\/wp-content\/uploads\/2017\/04\/logoOficialEVD.png","width":400,"height":100,"caption":"El Versiculo del Dia"},"image":{"@id":"https:\/\/elversiculodeldia.com\/blog\/#\/schema\/logo\/image\/"},"sameAs":["https:\/\/www.facebook.com\/elversiculodeldia","https:\/\/x.com\/elversiculo","https:\/\/www.instagram.com\/elversiculo","https:\/\/www.youtube.com\/user\/elversiculodeldia","https:\/\/chat.whatsapp.com\/HreYiXZFT8e0tZUmqriKfb"]},{"@type":"Person","@id":"https:\/\/elversiculodeldia.com\/blog\/#\/schema\/person\/28207690384384b0c36020e7c000f640","name":"Publicador","image":{"@type":"ImageObject","inLanguage":"en-US","@id":"https:\/\/elversiculodeldia.com\/blog\/wp-content\/uploads\/2020\/01\/userbss.png","url":"https:\/\/elversiculodeldia.com\/blog\/wp-content\/uploads\/2020\/01\/userbss.png","contentUrl":"https:\/\/elversiculodeldia.com\/blog\/wp-content\/uploads\/2020\/01\/userbss.png","caption":"Publicador"},"description":"Salvo por gracia \u2764 Dios es bueno y para siempre es Su misericordia!","sameAs":["https:\/\/www.elversiculodeldia.com\/"],"url":"https:\/\/elversiculodeldia.com\/blog\/author\/publicador\/"}]}},"amp_enabled":true,"_links":{"self":[{"href":"https:\/\/elversiculodeldia.com\/blog\/wp-json\/wp\/v2\/posts\/1821","targetHints":{"allow":["GET"]}}],"collection":[{"href":"https:\/\/elversiculodeldia.com\/blog\/wp-json\/wp\/v2\/posts"}],"about":[{"href":"https:\/\/elversiculodeldia.com\/blog\/wp-json\/wp\/v2\/types\/post"}],"author":[{"embeddable":true,"href":"https:\/\/elversiculodeldia.com\/blog\/wp-json\/wp\/v2\/users\/179"}],"replies":[{"embeddable":true,"href":"https:\/\/elversiculodeldia.com\/blog\/wp-json\/wp\/v2\/comments?post=1821"}],"version-history":[{"count":0,"href":"https:\/\/elversiculodeldia.com\/blog\/wp-json\/wp\/v2\/posts\/1821\/revisions"}],"wp:featuredmedia":[{"embeddable":true,"href":"https:\/\/elversiculodeldia.com\/blog\/wp-json\/wp\/v2\/media\/1822"}],"wp:attachment":[{"href":"https:\/\/elversiculodeldia.com\/blog\/wp-json\/wp\/v2\/media?parent=1821"}],"wp:term":[{"taxonomy":"category","embeddable":true,"href":"https:\/\/elversiculodeldia.com\/blog\/wp-json\/wp\/v2\/categories?post=1821"},{"taxonomy":"post_tag","embeddable":true,"href":"https:\/\/elversiculodeldia.com\/blog\/wp-json\/wp\/v2\/tags?post=1821"}],"curies":[{"name":"wp","href":"https:\/\/api.w.org\/{rel}","templated":true}]}}