{"id":14006,"date":"2014-06-10T16:52:54","date_gmt":"2014-06-10T20:52:54","guid":{"rendered":"http:\/\/www.elversiculodeldia.com\/?p=14006"},"modified":"2014-10-13T16:44:22","modified_gmt":"2014-10-13T20:44:22","slug":"cuando-nos-sintamos-agotados","status":"publish","type":"post","link":"https:\/\/elversiculodeldia.com\/blog\/cuando-nos-sintamos-agotados\/","title":{"rendered":"Cuando nos sintamos agotados"},"content":{"rendered":"<address><b><img loading=\"lazy\" decoding=\"async\" class=\" wp-image-14009 alignleft\" src=\"http:\/\/www.elversiculodeldia.com\/wp-content\/uploads\/2014\/06\/agotado-225x155.jpg\" alt=\"agotado\" width=\"279\" height=\"192\" \/><\/b><b>ISA\u00cdAS 40:27-31<\/b><\/address>\n<address><b><i><sup>27\u00a0<\/sup><\/i><\/b><b><i>\u00bfPor qu\u00e9 dices, Jacob, y hablas t\u00fa, Israel: \u00abMi camino est\u00e1 escondido de Jehov\u00e1, y de mi Dios pas\u00f3 mi juicio\u00bb?<\/i><\/b><\/address>\n<p>&nbsp;<\/p>\n<address><b><i><sup>28\u00a0<\/sup><\/i><\/b><b><i>\u00bfNo has sabido, no has o\u00eddo que el Dios eterno es Jehov\u00e1, el cual cre\u00f3 los confines de la tierra? No desfallece ni se fatiga con cansancio, y su entendimiento no hay quien lo alcance.<\/i><\/b><\/address>\n<address><b><i><sup>29\u00a0<\/sup><\/i><\/b><b><i>\u00c9l da esfuerzo al cansado y multiplica las fuerzas al que no tiene ningunas.<\/i><\/b><\/address>\n<address><b><i><sup>30\u00a0<\/sup><\/i><\/b><b><i>Los muchachos se fatigan y se cansan, los j\u00f3venes flaquean y caen;\u00a0<sup>31\u00a0<\/sup>mas los que esperan en Jehov\u00e1 tendr\u00e1n nuevas fuerzas, levantar\u00e1n alas como las \u00e1guilas, correr\u00e1n y no se cansar\u00e1n, caminar\u00e1n y no se fatigar\u00e1n.<\/i><\/b><i><\/i><\/address>\n<address>Casi todos podemos recordar momentos en los que nuestras mentes y nuestros cuerpos se han sentido extenuados por el trabajo f\u00edsico y la tensi\u00f3n mental. Si estas condiciones llegan a ser constantes o extremas es muy f\u00e1cil que nos agotemos.<\/address>\n<address>Afortunadamente, se nos ha dado un aliciente preciso para esos momentos de agotamiento. La lectura b\u00edblica de hoy revela tres verdades reconfortantes en cuanto a DIOS y su fidelidad en nuestros momentos de debilidad.<\/address>\n<address>Primero, descubrimos que DIOS\u00a0<i>\u201cno desfallece, ni se fatiga con cansancio\u201d<\/i>\u00a0(v. 28). Su fuerza no ha mermado, ni tampoco disminuir\u00e1 en el futuro. \u00c9L es el mismo DIOS ayer, hoy y por los siglos (<strong>Hebreos 13.8<\/strong>).<\/address>\n<address>Segundo, encontramos que\u00a0<i>\u201c\u00c9L da esfuerzo al cansado, y multiplica las fuerzas al que no tiene ningunas\u201d<\/i>\u00a0(<strong>Isa\u00edas 40.29<\/strong>). Nuestro Padre celestial no nos frunce el ce\u00f1o cuando estamos d\u00e9biles. En vez de eso, nos abraza y nos levanta cuando no podemos ayudarnos a nosotros mismos.<\/address>\n<address>Por \u00faltimo, se nos ha dado una promesa incre\u00edble. El\u00a0vers\u00edculo 31\u00a0dice:\u00a0<i>\u201cPero los que esperan a Jehov\u00e1 tendr\u00e1n nuevas fuerzas; levantar\u00e1n alas como las \u00e1guilas; correr\u00e1n, y no se cansar\u00e1n; caminar\u00e1n, y no se fatigar\u00e1n\u201d.<\/i><\/address>\n<address>La pr\u00f3xima vez que te sientas demasiado cansado o desalentado para seguir adelante, recuerda que nuestro DIOS es infatigable. \u00c9L es fiel para dar una provisi\u00f3n de fortaleza extraordinaria e inagotable a quienes est\u00e9n dispuestos a esperar Su tiempo perfecto. En todas las cosas, \u00c9L da exactamente lo que necesitamos en el momento adecuado.<\/address>\n<address><b>ORACI\u00d3N:\u00a0<\/b>Gracias Padre Celestial por las muestras de Tu amor. Gracias porque a trav\u00e9s de Tu Palabra Tu nos das la fortaleza y lo que necesitamos para seguir adelante, siempre y cuando estemos dispuestos a esperar que se cumpla Tu voluntad. Gracias Padre Celestial por las muestras de Tu amor. En el nombre de Cristo, am\u00e9n.<\/address>\n","protected":false},"excerpt":{"rendered":"<p>ISA\u00cdAS 40:27-31 27\u00a0\u00bfPor qu\u00e9 dices, Jacob, y hablas t\u00fa, Israel: \u00abMi camino est\u00e1 escondido de Jehov\u00e1, y de mi Dios pas\u00f3 mi juicio\u00bb? &nbsp; 28\u00a0\u00bfNo has sabido, no has o\u00eddo que el Dios eterno es Jehov\u00e1, el cual cre\u00f3 los confines de la tierra? No desfallece ni se fatiga con cansancio, y su entendimiento no [&hellip;]<\/p>\n","protected":false},"author":12,"featured_media":14009,"comment_status":"open","ping_status":"open","sticky":false,"template":"","format":"standard","meta":{"tdm_status":"","tdm_grid_status":"","footnotes":""},"categories":[7],"tags":[799,8,130,1725,1102,1715,186,1781,426,79],"class_list":{"0":"post-14006","1":"post","2":"type-post","3":"status-publish","4":"format-standard","5":"has-post-thumbnail","7":"category-devocionales","8":"tag-cansancio","9":"tag-dios","10":"tag-entendimiento","11":"tag-gracias-padre-celestial","12":"tag-hebreos","13":"tag-israel","14":"tag-momentos","15":"tag-nuestro-padre","16":"tag-segundo","17":"tag-trabajo"},"yoast_head":"<!-- This site is optimized with the Yoast SEO plugin v27.5 - https:\/\/yoast.com\/product\/yoast-seo-wordpress\/ -->\n<title>Cuando nos sintamos agotados<\/title>\n<meta name=\"description\" content=\"Cuando nos sintamos agotados - El vers\u00edculo del d\u00eda\" \/>\n<meta name=\"robots\" content=\"index, follow, max-snippet:-1, max-image-preview:large, max-video-preview:-1\" \/>\n<link rel=\"canonical\" href=\"https:\/\/elversiculodeldia.com\/blog\/cuando-nos-sintamos-agotados\/\" \/>\n<meta property=\"og:locale\" content=\"en_US\" \/>\n<meta property=\"og:type\" content=\"article\" \/>\n<meta property=\"og:title\" content=\"Cuando nos sintamos agotados\" \/>\n<meta property=\"og:description\" content=\"Cuando nos sintamos agotados - El vers\u00edculo del d\u00eda\" \/>\n<meta property=\"og:url\" content=\"https:\/\/elversiculodeldia.com\/blog\/cuando-nos-sintamos-agotados\/\" \/>\n<meta property=\"og:site_name\" content=\"El vers\u00edculo del d\u00eda\" \/>\n<meta property=\"article:publisher\" content=\"https:\/\/www.facebook.com\/elversiculodeldia\" \/>\n<meta property=\"article:published_time\" content=\"2014-06-10T20:52:54+00:00\" \/>\n<meta property=\"article:modified_time\" content=\"2014-10-13T20:44:22+00:00\" \/>\n<meta property=\"og:image\" content=\"https:\/\/elversiculodeldia.com\/blog\/wp-content\/uploads\/2014\/06\/agotado.jpg\" \/>\n\t<meta property=\"og:image:width\" content=\"275\" \/>\n\t<meta property=\"og:image:height\" content=\"183\" \/>\n\t<meta property=\"og:image:type\" content=\"image\/jpeg\" \/>\n<meta name=\"author\" content=\"Mildred Natera\" \/>\n<meta name=\"twitter:card\" content=\"summary_large_image\" \/>\n<meta name=\"twitter:creator\" content=\"@elversiculo\" \/>\n<meta name=\"twitter:site\" content=\"@elversiculo\" \/>\n<meta name=\"twitter:label1\" content=\"Written by\" \/>\n\t<meta name=\"twitter:data1\" content=\"Mildred Natera\" \/>\n\t<meta name=\"twitter:label2\" content=\"Est. reading time\" \/>\n\t<meta name=\"twitter:data2\" content=\"2 minutes\" \/>\n<script type=\"application\/ld+json\" class=\"yoast-schema-graph\">{\"@context\":\"https:\\\/\\\/schema.org\",\"@graph\":[{\"@type\":\"Article\",\"@id\":\"https:\\\/\\\/elversiculodeldia.com\\\/blog\\\/cuando-nos-sintamos-agotados\\\/#article\",\"isPartOf\":{\"@id\":\"https:\\\/\\\/elversiculodeldia.com\\\/blog\\\/cuando-nos-sintamos-agotados\\\/\"},\"author\":{\"name\":\"Mildred Natera\",\"@id\":\"https:\\\/\\\/elversiculodeldia.com\\\/blog\\\/#\\\/schema\\\/person\\\/118d6b50adbacff0807f99f158207d55\"},\"headline\":\"Cuando nos sintamos agotados\",\"datePublished\":\"2014-06-10T20:52:54+00:00\",\"dateModified\":\"2014-10-13T20:44:22+00:00\",\"mainEntityOfPage\":{\"@id\":\"https:\\\/\\\/elversiculodeldia.com\\\/blog\\\/cuando-nos-sintamos-agotados\\\/\"},\"wordCount\":443,\"commentCount\":0,\"publisher\":{\"@id\":\"https:\\\/\\\/elversiculodeldia.com\\\/blog\\\/#organization\"},\"image\":{\"@id\":\"https:\\\/\\\/elversiculodeldia.com\\\/blog\\\/cuando-nos-sintamos-agotados\\\/#primaryimage\"},\"thumbnailUrl\":\"https:\\\/\\\/elversiculodeldia.com\\\/blog\\\/wp-content\\\/uploads\\\/2014\\\/06\\\/agotado.jpg\",\"keywords\":[\"cansancio\",\"Dios\",\"entendimiento\",\"Gracias Padre Celestial\",\"Hebreos\",\"Israel\",\"momentos\",\"Nuestro Padre\",\"Segundo\",\"trabajo\"],\"articleSection\":[\"Devocionales\"],\"inLanguage\":\"en-US\",\"potentialAction\":[{\"@type\":\"CommentAction\",\"name\":\"Comment\",\"target\":[\"https:\\\/\\\/elversiculodeldia.com\\\/blog\\\/cuando-nos-sintamos-agotados\\\/#respond\"]}]},{\"@type\":\"WebPage\",\"@id\":\"https:\\\/\\\/elversiculodeldia.com\\\/blog\\\/cuando-nos-sintamos-agotados\\\/\",\"url\":\"https:\\\/\\\/elversiculodeldia.com\\\/blog\\\/cuando-nos-sintamos-agotados\\\/\",\"name\":\"Cuando nos sintamos agotados\",\"isPartOf\":{\"@id\":\"https:\\\/\\\/elversiculodeldia.com\\\/blog\\\/#website\"},\"primaryImageOfPage\":{\"@id\":\"https:\\\/\\\/elversiculodeldia.com\\\/blog\\\/cuando-nos-sintamos-agotados\\\/#primaryimage\"},\"image\":{\"@id\":\"https:\\\/\\\/elversiculodeldia.com\\\/blog\\\/cuando-nos-sintamos-agotados\\\/#primaryimage\"},\"thumbnailUrl\":\"https:\\\/\\\/elversiculodeldia.com\\\/blog\\\/wp-content\\\/uploads\\\/2014\\\/06\\\/agotado.jpg\",\"datePublished\":\"2014-06-10T20:52:54+00:00\",\"dateModified\":\"2014-10-13T20:44:22+00:00\",\"description\":\"Cuando nos sintamos agotados - El vers\u00edculo del d\u00eda\",\"inLanguage\":\"en-US\",\"potentialAction\":[{\"@type\":\"ReadAction\",\"target\":[\"https:\\\/\\\/elversiculodeldia.com\\\/blog\\\/cuando-nos-sintamos-agotados\\\/\"]}]},{\"@type\":\"ImageObject\",\"inLanguage\":\"en-US\",\"@id\":\"https:\\\/\\\/elversiculodeldia.com\\\/blog\\\/cuando-nos-sintamos-agotados\\\/#primaryimage\",\"url\":\"https:\\\/\\\/elversiculodeldia.com\\\/blog\\\/wp-content\\\/uploads\\\/2014\\\/06\\\/agotado.jpg\",\"contentUrl\":\"https:\\\/\\\/elversiculodeldia.com\\\/blog\\\/wp-content\\\/uploads\\\/2014\\\/06\\\/agotado.jpg\",\"width\":275,\"height\":183},{\"@type\":\"WebSite\",\"@id\":\"https:\\\/\\\/elversiculodeldia.com\\\/blog\\\/#website\",\"url\":\"https:\\\/\\\/elversiculodeldia.com\\\/blog\\\/\",\"name\":\"El Vers\u00edculo del D\u00eda\",\"description\":\"Llevando un vers\u00edculo de salvaci\u00f3n a cada coraz\u00f3n!\",\"publisher\":{\"@id\":\"https:\\\/\\\/elversiculodeldia.com\\\/blog\\\/#organization\"},\"potentialAction\":[{\"@type\":\"SearchAction\",\"target\":{\"@type\":\"EntryPoint\",\"urlTemplate\":\"https:\\\/\\\/elversiculodeldia.com\\\/blog\\\/?s={search_term_string}\"},\"query-input\":{\"@type\":\"PropertyValueSpecification\",\"valueRequired\":true,\"valueName\":\"search_term_string\"}}],\"inLanguage\":\"en-US\"},{\"@type\":\"Organization\",\"@id\":\"https:\\\/\\\/elversiculodeldia.com\\\/blog\\\/#organization\",\"name\":\"El Versiculo del Dia\",\"url\":\"https:\\\/\\\/elversiculodeldia.com\\\/blog\\\/\",\"logo\":{\"@type\":\"ImageObject\",\"inLanguage\":\"en-US\",\"@id\":\"https:\\\/\\\/elversiculodeldia.com\\\/blog\\\/#\\\/schema\\\/logo\\\/image\\\/\",\"url\":\"https:\\\/\\\/elversiculodeldia.com\\\/blog\\\/wp-content\\\/uploads\\\/2017\\\/04\\\/logoOficialEVD.png\",\"contentUrl\":\"https:\\\/\\\/elversiculodeldia.com\\\/blog\\\/wp-content\\\/uploads\\\/2017\\\/04\\\/logoOficialEVD.png\",\"width\":400,\"height\":100,\"caption\":\"El Versiculo del Dia\"},\"image\":{\"@id\":\"https:\\\/\\\/elversiculodeldia.com\\\/blog\\\/#\\\/schema\\\/logo\\\/image\\\/\"},\"sameAs\":[\"https:\\\/\\\/www.facebook.com\\\/elversiculodeldia\",\"https:\\\/\\\/x.com\\\/elversiculo\",\"https:\\\/\\\/www.instagram.com\\\/elversiculo\",\"https:\\\/\\\/www.youtube.com\\\/user\\\/elversiculodeldia\",\"https:\\\/\\\/chat.whatsapp.com\\\/HreYiXZFT8e0tZUmqriKfb\"]},{\"@type\":\"Person\",\"@id\":\"https:\\\/\\\/elversiculodeldia.com\\\/blog\\\/#\\\/schema\\\/person\\\/118d6b50adbacff0807f99f158207d55\",\"name\":\"Mildred Natera\",\"image\":{\"@type\":\"ImageObject\",\"inLanguage\":\"en-US\",\"@id\":\"https:\\\/\\\/elversiculodeldia.com\\\/blog\\\/wp-content\\\/uploads\\\/2020\\\/01\\\/usermn.jpg\",\"url\":\"https:\\\/\\\/elversiculodeldia.com\\\/blog\\\/wp-content\\\/uploads\\\/2020\\\/01\\\/usermn.jpg\",\"contentUrl\":\"https:\\\/\\\/elversiculodeldia.com\\\/blog\\\/wp-content\\\/uploads\\\/2020\\\/01\\\/usermn.jpg\",\"caption\":\"Mildred Natera\"},\"description\":\"Una sierva para la gloria de Dios!\",\"sameAs\":[\"http:\\\/\\\/www.elversiculodeldia.com\"],\"url\":\"https:\\\/\\\/elversiculodeldia.com\\\/blog\\\/author\\\/mildred\\\/\"}]}<\/script>\n<!-- \/ Yoast SEO plugin. -->","yoast_head_json":{"title":"Cuando nos sintamos agotados","description":"Cuando nos sintamos agotados - El vers\u00edculo del d\u00eda","robots":{"index":"index","follow":"follow","max-snippet":"max-snippet:-1","max-image-preview":"max-image-preview:large","max-video-preview":"max-video-preview:-1"},"canonical":"https:\/\/elversiculodeldia.com\/blog\/cuando-nos-sintamos-agotados\/","og_locale":"en_US","og_type":"article","og_title":"Cuando nos sintamos agotados","og_description":"Cuando nos sintamos agotados - El vers\u00edculo del d\u00eda","og_url":"https:\/\/elversiculodeldia.com\/blog\/cuando-nos-sintamos-agotados\/","og_site_name":"El vers\u00edculo del d\u00eda","article_publisher":"https:\/\/www.facebook.com\/elversiculodeldia","article_published_time":"2014-06-10T20:52:54+00:00","article_modified_time":"2014-10-13T20:44:22+00:00","og_image":[{"width":275,"height":183,"url":"https:\/\/elversiculodeldia.com\/blog\/wp-content\/uploads\/2014\/06\/agotado.jpg","type":"image\/jpeg"}],"author":"Mildred Natera","twitter_card":"summary_large_image","twitter_creator":"@elversiculo","twitter_site":"@elversiculo","twitter_misc":{"Written by":"Mildred Natera","Est. reading time":"2 minutes"},"schema":{"@context":"https:\/\/schema.org","@graph":[{"@type":"Article","@id":"https:\/\/elversiculodeldia.com\/blog\/cuando-nos-sintamos-agotados\/#article","isPartOf":{"@id":"https:\/\/elversiculodeldia.com\/blog\/cuando-nos-sintamos-agotados\/"},"author":{"name":"Mildred Natera","@id":"https:\/\/elversiculodeldia.com\/blog\/#\/schema\/person\/118d6b50adbacff0807f99f158207d55"},"headline":"Cuando nos sintamos agotados","datePublished":"2014-06-10T20:52:54+00:00","dateModified":"2014-10-13T20:44:22+00:00","mainEntityOfPage":{"@id":"https:\/\/elversiculodeldia.com\/blog\/cuando-nos-sintamos-agotados\/"},"wordCount":443,"commentCount":0,"publisher":{"@id":"https:\/\/elversiculodeldia.com\/blog\/#organization"},"image":{"@id":"https:\/\/elversiculodeldia.com\/blog\/cuando-nos-sintamos-agotados\/#primaryimage"},"thumbnailUrl":"https:\/\/elversiculodeldia.com\/blog\/wp-content\/uploads\/2014\/06\/agotado.jpg","keywords":["cansancio","Dios","entendimiento","Gracias Padre Celestial","Hebreos","Israel","momentos","Nuestro Padre","Segundo","trabajo"],"articleSection":["Devocionales"],"inLanguage":"en-US","potentialAction":[{"@type":"CommentAction","name":"Comment","target":["https:\/\/elversiculodeldia.com\/blog\/cuando-nos-sintamos-agotados\/#respond"]}]},{"@type":"WebPage","@id":"https:\/\/elversiculodeldia.com\/blog\/cuando-nos-sintamos-agotados\/","url":"https:\/\/elversiculodeldia.com\/blog\/cuando-nos-sintamos-agotados\/","name":"Cuando nos sintamos agotados","isPartOf":{"@id":"https:\/\/elversiculodeldia.com\/blog\/#website"},"primaryImageOfPage":{"@id":"https:\/\/elversiculodeldia.com\/blog\/cuando-nos-sintamos-agotados\/#primaryimage"},"image":{"@id":"https:\/\/elversiculodeldia.com\/blog\/cuando-nos-sintamos-agotados\/#primaryimage"},"thumbnailUrl":"https:\/\/elversiculodeldia.com\/blog\/wp-content\/uploads\/2014\/06\/agotado.jpg","datePublished":"2014-06-10T20:52:54+00:00","dateModified":"2014-10-13T20:44:22+00:00","description":"Cuando nos sintamos agotados - El vers\u00edculo del d\u00eda","inLanguage":"en-US","potentialAction":[{"@type":"ReadAction","target":["https:\/\/elversiculodeldia.com\/blog\/cuando-nos-sintamos-agotados\/"]}]},{"@type":"ImageObject","inLanguage":"en-US","@id":"https:\/\/elversiculodeldia.com\/blog\/cuando-nos-sintamos-agotados\/#primaryimage","url":"https:\/\/elversiculodeldia.com\/blog\/wp-content\/uploads\/2014\/06\/agotado.jpg","contentUrl":"https:\/\/elversiculodeldia.com\/blog\/wp-content\/uploads\/2014\/06\/agotado.jpg","width":275,"height":183},{"@type":"WebSite","@id":"https:\/\/elversiculodeldia.com\/blog\/#website","url":"https:\/\/elversiculodeldia.com\/blog\/","name":"El Vers\u00edculo del D\u00eda","description":"Llevando un vers\u00edculo de salvaci\u00f3n a cada coraz\u00f3n!","publisher":{"@id":"https:\/\/elversiculodeldia.com\/blog\/#organization"},"potentialAction":[{"@type":"SearchAction","target":{"@type":"EntryPoint","urlTemplate":"https:\/\/elversiculodeldia.com\/blog\/?s={search_term_string}"},"query-input":{"@type":"PropertyValueSpecification","valueRequired":true,"valueName":"search_term_string"}}],"inLanguage":"en-US"},{"@type":"Organization","@id":"https:\/\/elversiculodeldia.com\/blog\/#organization","name":"El Versiculo del Dia","url":"https:\/\/elversiculodeldia.com\/blog\/","logo":{"@type":"ImageObject","inLanguage":"en-US","@id":"https:\/\/elversiculodeldia.com\/blog\/#\/schema\/logo\/image\/","url":"https:\/\/elversiculodeldia.com\/blog\/wp-content\/uploads\/2017\/04\/logoOficialEVD.png","contentUrl":"https:\/\/elversiculodeldia.com\/blog\/wp-content\/uploads\/2017\/04\/logoOficialEVD.png","width":400,"height":100,"caption":"El Versiculo del Dia"},"image":{"@id":"https:\/\/elversiculodeldia.com\/blog\/#\/schema\/logo\/image\/"},"sameAs":["https:\/\/www.facebook.com\/elversiculodeldia","https:\/\/x.com\/elversiculo","https:\/\/www.instagram.com\/elversiculo","https:\/\/www.youtube.com\/user\/elversiculodeldia","https:\/\/chat.whatsapp.com\/HreYiXZFT8e0tZUmqriKfb"]},{"@type":"Person","@id":"https:\/\/elversiculodeldia.com\/blog\/#\/schema\/person\/118d6b50adbacff0807f99f158207d55","name":"Mildred Natera","image":{"@type":"ImageObject","inLanguage":"en-US","@id":"https:\/\/elversiculodeldia.com\/blog\/wp-content\/uploads\/2020\/01\/usermn.jpg","url":"https:\/\/elversiculodeldia.com\/blog\/wp-content\/uploads\/2020\/01\/usermn.jpg","contentUrl":"https:\/\/elversiculodeldia.com\/blog\/wp-content\/uploads\/2020\/01\/usermn.jpg","caption":"Mildred Natera"},"description":"Una sierva para la gloria de Dios!","sameAs":["http:\/\/www.elversiculodeldia.com"],"url":"https:\/\/elversiculodeldia.com\/blog\/author\/mildred\/"}]}},"amp_enabled":true,"_links":{"self":[{"href":"https:\/\/elversiculodeldia.com\/blog\/wp-json\/wp\/v2\/posts\/14006","targetHints":{"allow":["GET"]}}],"collection":[{"href":"https:\/\/elversiculodeldia.com\/blog\/wp-json\/wp\/v2\/posts"}],"about":[{"href":"https:\/\/elversiculodeldia.com\/blog\/wp-json\/wp\/v2\/types\/post"}],"author":[{"embeddable":true,"href":"https:\/\/elversiculodeldia.com\/blog\/wp-json\/wp\/v2\/users\/12"}],"replies":[{"embeddable":true,"href":"https:\/\/elversiculodeldia.com\/blog\/wp-json\/wp\/v2\/comments?post=14006"}],"version-history":[{"count":0,"href":"https:\/\/elversiculodeldia.com\/blog\/wp-json\/wp\/v2\/posts\/14006\/revisions"}],"wp:featuredmedia":[{"embeddable":true,"href":"https:\/\/elversiculodeldia.com\/blog\/wp-json\/wp\/v2\/media\/14009"}],"wp:attachment":[{"href":"https:\/\/elversiculodeldia.com\/blog\/wp-json\/wp\/v2\/media?parent=14006"}],"wp:term":[{"taxonomy":"category","embeddable":true,"href":"https:\/\/elversiculodeldia.com\/blog\/wp-json\/wp\/v2\/categories?post=14006"},{"taxonomy":"post_tag","embeddable":true,"href":"https:\/\/elversiculodeldia.com\/blog\/wp-json\/wp\/v2\/tags?post=14006"}],"curies":[{"name":"wp","href":"https:\/\/api.w.org\/{rel}","templated":true}]}}