{"id":11823,"date":"2013-08-30T20:00:27","date_gmt":"2013-08-31T00:00:27","guid":{"rendered":"http:\/\/www.elversiculodeldia.com\/?p=11823"},"modified":"2013-08-29T22:49:54","modified_gmt":"2013-08-30T02:49:54","slug":"reflexion-cuando-llega-la-prueba","status":"publish","type":"post","link":"https:\/\/elversiculodeldia.com\/blog\/reflexion-cuando-llega-la-prueba\/","title":{"rendered":"Reflexion &#8211; Cuando llega la Prueba"},"content":{"rendered":"<p><span><b><img loading=\"lazy\" decoding=\"async\" class=\"alignleft size-large wp-image-11824\" alt=\"bendito sea el nombre del se\u00f1or\" src=\"http:\/\/www.elversiculodeldia.com\/wp-content\/uploads\/2013\/08\/bendito-sea-el-nombre-del-se\u00f1or-350x223.jpg\" width=\"350\" height=\"223\" \/>El Se\u00f1or dio, y el Se\u00f1or quit\u00f3;<br \/>\nsea el nombre del Se\u00f1or bendito.<\/b><br \/>\n<i>Job 1:21.<\/i><\/span><\/p>\n<p><b>Hab\u00e9is o\u00eddo de la paciencia de Job, y hab\u00e9is visto\u2026<br \/>\nque el Se\u00f1or es muy misericordioso y compasivo.<\/b><br \/>\n<i>Santiago 5:11.<\/i><\/p>\n<p>Pocas personas han pasado tan repentinamente de una riqueza inaudita, como era la de Job, a una completa pobreza. En un d\u00eda perdi\u00f3 a todos sus hijos y toda su fortuna.<\/p>\n<p>Job habr\u00eda podido acusar a los elementos naturales: el rayo que hab\u00eda matado a sus ovejas y la tempestad que hab\u00eda destruido la casa donde sus hijos se hallaban reunidos. Habr\u00eda podido maldecir a los saqueadores que destrozaron sus reba\u00f1os. \u00bfQu\u00e9 consuelo le hubiese dado esto? \u00bfQu\u00e9 instrucci\u00f3n habr\u00eda recibido de ello?<\/p>\n<p>En lugar de esto Job, quien conoc\u00eda a Dios, discerni\u00f3 inmediatamente su intervenci\u00f3n. Sab\u00eda que su prosperidad no era s\u00f3lo el resultado de sus esfuerzos o de circunstancias favorables, sino que todo lo deb\u00eda a Dios. Asimismo acept\u00f3 que Dios, en su soberan\u00eda y perfecta sabidur\u00eda, le quitara lo que le hab\u00eda dado. \u201c<b>\u00bfRecibiremos de Dios el bien, y el mal no lo recibiremos?<\/b>\u201d, respondi\u00f3 a su mujer, desesperada por las desdichas que ca\u00edan sobre ellos (<i>Job 2:10<\/i>). Y bendijo el nombre del Se\u00f1or.<\/p>\n<p>Quiz\u00e1 discernimos f\u00e1cilmente la mano de Dios cuando nuestras condiciones de vida son favorables, pero no cuando el viento ha cambiado. Sepamos reconocer su intervenci\u00f3n en cada prueba. Como Job, acept\u00e9mosla de parte de Dios quien, con bondad, quiere instruirnos y bendecirnos al final. En medio de la fe cristiana hay esta seguridad: Dios es amor. La recibimos aun a trav\u00e9s de las l\u00e1grimas, con una dicha profunda y eterna.<\/p>\n","protected":false},"excerpt":{"rendered":"<p>El Se\u00f1or dio, y el Se\u00f1or quit\u00f3; sea el nombre del Se\u00f1or bendito. Job 1:21. Hab\u00e9is o\u00eddo de la paciencia de Job, y hab\u00e9is visto\u2026 que el Se\u00f1or es muy misericordioso y compasivo. Santiago 5:11. Pocas personas han pasado tan repentinamente de una riqueza inaudita, como era la de Job, a una completa pobreza. En [&hellip;]<\/p>\n","protected":false},"author":179,"featured_media":11824,"comment_status":"open","ping_status":"open","sticky":false,"template":"","format":"standard","meta":{"tdm_status":"","tdm_grid_status":"","footnotes":""},"categories":[5],"tags":[478,26,155,118,477,100,76],"class_list":{"0":"post-11823","1":"post","2":"type-post","3":"status-publish","4":"format-standard","5":"has-post-thumbnail","7":"category-reflexiones","8":"tag-dificultades","9":"tag-fe","10":"tag-paciencia","11":"tag-pobreza","12":"tag-pruebas","13":"tag-riquezas","14":"tag-salvador"},"yoast_head":"<!-- This site is optimized with the Yoast SEO plugin v27.5 - https:\/\/yoast.com\/product\/yoast-seo-wordpress\/ -->\n<title>Reflexion - Cuando llega la Prueba<\/title>\n<meta name=\"description\" content=\"Reflexion - Cuando llega la Prueba - El vers\u00edculo del d\u00eda\" \/>\n<meta name=\"robots\" content=\"index, follow, max-snippet:-1, max-image-preview:large, max-video-preview:-1\" \/>\n<link rel=\"canonical\" href=\"https:\/\/elversiculodeldia.com\/blog\/reflexion-cuando-llega-la-prueba\/\" \/>\n<meta property=\"og:locale\" content=\"en_US\" \/>\n<meta property=\"og:type\" content=\"article\" \/>\n<meta property=\"og:title\" content=\"Reflexion - Cuando llega la Prueba\" \/>\n<meta property=\"og:description\" content=\"Reflexion - Cuando llega la Prueba - El vers\u00edculo del d\u00eda\" \/>\n<meta property=\"og:url\" content=\"https:\/\/elversiculodeldia.com\/blog\/reflexion-cuando-llega-la-prueba\/\" \/>\n<meta property=\"og:site_name\" content=\"El vers\u00edculo del d\u00eda\" \/>\n<meta property=\"article:publisher\" content=\"https:\/\/www.facebook.com\/elversiculodeldia\" \/>\n<meta property=\"article:published_time\" content=\"2013-08-31T00:00:27+00:00\" \/>\n<meta property=\"og:image\" content=\"https:\/\/elversiculodeldia.com\/blog\/wp-content\/uploads\/2013\/08\/bendito-sea-el-nombre-del-se\u00f1or.jpg\" \/>\n\t<meta property=\"og:image:width\" content=\"500\" \/>\n\t<meta property=\"og:image:height\" content=\"319\" \/>\n\t<meta property=\"og:image:type\" content=\"image\/jpeg\" \/>\n<meta name=\"author\" content=\"Publicador\" \/>\n<meta name=\"twitter:card\" content=\"summary_large_image\" \/>\n<meta name=\"twitter:creator\" content=\"@elversiculo\" \/>\n<meta name=\"twitter:site\" content=\"@elversiculo\" \/>\n<meta name=\"twitter:label1\" content=\"Written by\" \/>\n\t<meta name=\"twitter:data1\" content=\"Publicador\" \/>\n\t<meta name=\"twitter:label2\" content=\"Est. reading time\" \/>\n\t<meta name=\"twitter:data2\" content=\"1 minute\" \/>\n<script type=\"application\/ld+json\" class=\"yoast-schema-graph\">{\"@context\":\"https:\\\/\\\/schema.org\",\"@graph\":[{\"@type\":\"Article\",\"@id\":\"https:\\\/\\\/elversiculodeldia.com\\\/blog\\\/reflexion-cuando-llega-la-prueba\\\/#article\",\"isPartOf\":{\"@id\":\"https:\\\/\\\/elversiculodeldia.com\\\/blog\\\/reflexion-cuando-llega-la-prueba\\\/\"},\"author\":{\"name\":\"Publicador\",\"@id\":\"https:\\\/\\\/elversiculodeldia.com\\\/blog\\\/#\\\/schema\\\/person\\\/28207690384384b0c36020e7c000f640\"},\"headline\":\"Reflexion &#8211; Cuando llega la Prueba\",\"datePublished\":\"2013-08-31T00:00:27+00:00\",\"mainEntityOfPage\":{\"@id\":\"https:\\\/\\\/elversiculodeldia.com\\\/blog\\\/reflexion-cuando-llega-la-prueba\\\/\"},\"wordCount\":305,\"commentCount\":0,\"publisher\":{\"@id\":\"https:\\\/\\\/elversiculodeldia.com\\\/blog\\\/#organization\"},\"image\":{\"@id\":\"https:\\\/\\\/elversiculodeldia.com\\\/blog\\\/reflexion-cuando-llega-la-prueba\\\/#primaryimage\"},\"thumbnailUrl\":\"https:\\\/\\\/elversiculodeldia.com\\\/blog\\\/wp-content\\\/uploads\\\/2013\\\/08\\\/bendito-sea-el-nombre-del-se\u00f1or.jpg\",\"keywords\":[\"Dificultades\",\"Fe\",\"Paciencia\",\"Pobreza\",\"Pruebas\",\"Riquezas\",\"Salvador\"],\"articleSection\":[\"Reflexiones\"],\"inLanguage\":\"en-US\",\"potentialAction\":[{\"@type\":\"CommentAction\",\"name\":\"Comment\",\"target\":[\"https:\\\/\\\/elversiculodeldia.com\\\/blog\\\/reflexion-cuando-llega-la-prueba\\\/#respond\"]}]},{\"@type\":\"WebPage\",\"@id\":\"https:\\\/\\\/elversiculodeldia.com\\\/blog\\\/reflexion-cuando-llega-la-prueba\\\/\",\"url\":\"https:\\\/\\\/elversiculodeldia.com\\\/blog\\\/reflexion-cuando-llega-la-prueba\\\/\",\"name\":\"Reflexion - Cuando llega la Prueba\",\"isPartOf\":{\"@id\":\"https:\\\/\\\/elversiculodeldia.com\\\/blog\\\/#website\"},\"primaryImageOfPage\":{\"@id\":\"https:\\\/\\\/elversiculodeldia.com\\\/blog\\\/reflexion-cuando-llega-la-prueba\\\/#primaryimage\"},\"image\":{\"@id\":\"https:\\\/\\\/elversiculodeldia.com\\\/blog\\\/reflexion-cuando-llega-la-prueba\\\/#primaryimage\"},\"thumbnailUrl\":\"https:\\\/\\\/elversiculodeldia.com\\\/blog\\\/wp-content\\\/uploads\\\/2013\\\/08\\\/bendito-sea-el-nombre-del-se\u00f1or.jpg\",\"datePublished\":\"2013-08-31T00:00:27+00:00\",\"description\":\"Reflexion - Cuando llega la Prueba - El vers\u00edculo del d\u00eda\",\"inLanguage\":\"en-US\",\"potentialAction\":[{\"@type\":\"ReadAction\",\"target\":[\"https:\\\/\\\/elversiculodeldia.com\\\/blog\\\/reflexion-cuando-llega-la-prueba\\\/\"]}]},{\"@type\":\"ImageObject\",\"inLanguage\":\"en-US\",\"@id\":\"https:\\\/\\\/elversiculodeldia.com\\\/blog\\\/reflexion-cuando-llega-la-prueba\\\/#primaryimage\",\"url\":\"https:\\\/\\\/elversiculodeldia.com\\\/blog\\\/wp-content\\\/uploads\\\/2013\\\/08\\\/bendito-sea-el-nombre-del-se\u00f1or.jpg\",\"contentUrl\":\"https:\\\/\\\/elversiculodeldia.com\\\/blog\\\/wp-content\\\/uploads\\\/2013\\\/08\\\/bendito-sea-el-nombre-del-se\u00f1or.jpg\",\"width\":500,\"height\":319},{\"@type\":\"WebSite\",\"@id\":\"https:\\\/\\\/elversiculodeldia.com\\\/blog\\\/#website\",\"url\":\"https:\\\/\\\/elversiculodeldia.com\\\/blog\\\/\",\"name\":\"El Vers\u00edculo del D\u00eda\",\"description\":\"Llevando un vers\u00edculo de salvaci\u00f3n a cada coraz\u00f3n!\",\"publisher\":{\"@id\":\"https:\\\/\\\/elversiculodeldia.com\\\/blog\\\/#organization\"},\"potentialAction\":[{\"@type\":\"SearchAction\",\"target\":{\"@type\":\"EntryPoint\",\"urlTemplate\":\"https:\\\/\\\/elversiculodeldia.com\\\/blog\\\/?s={search_term_string}\"},\"query-input\":{\"@type\":\"PropertyValueSpecification\",\"valueRequired\":true,\"valueName\":\"search_term_string\"}}],\"inLanguage\":\"en-US\"},{\"@type\":\"Organization\",\"@id\":\"https:\\\/\\\/elversiculodeldia.com\\\/blog\\\/#organization\",\"name\":\"El Versiculo del Dia\",\"url\":\"https:\\\/\\\/elversiculodeldia.com\\\/blog\\\/\",\"logo\":{\"@type\":\"ImageObject\",\"inLanguage\":\"en-US\",\"@id\":\"https:\\\/\\\/elversiculodeldia.com\\\/blog\\\/#\\\/schema\\\/logo\\\/image\\\/\",\"url\":\"https:\\\/\\\/elversiculodeldia.com\\\/blog\\\/wp-content\\\/uploads\\\/2017\\\/04\\\/logoOficialEVD.png\",\"contentUrl\":\"https:\\\/\\\/elversiculodeldia.com\\\/blog\\\/wp-content\\\/uploads\\\/2017\\\/04\\\/logoOficialEVD.png\",\"width\":400,\"height\":100,\"caption\":\"El Versiculo del Dia\"},\"image\":{\"@id\":\"https:\\\/\\\/elversiculodeldia.com\\\/blog\\\/#\\\/schema\\\/logo\\\/image\\\/\"},\"sameAs\":[\"https:\\\/\\\/www.facebook.com\\\/elversiculodeldia\",\"https:\\\/\\\/x.com\\\/elversiculo\",\"https:\\\/\\\/www.instagram.com\\\/elversiculo\",\"https:\\\/\\\/www.youtube.com\\\/user\\\/elversiculodeldia\",\"https:\\\/\\\/chat.whatsapp.com\\\/HreYiXZFT8e0tZUmqriKfb\"]},{\"@type\":\"Person\",\"@id\":\"https:\\\/\\\/elversiculodeldia.com\\\/blog\\\/#\\\/schema\\\/person\\\/28207690384384b0c36020e7c000f640\",\"name\":\"Publicador\",\"image\":{\"@type\":\"ImageObject\",\"inLanguage\":\"en-US\",\"@id\":\"https:\\\/\\\/elversiculodeldia.com\\\/blog\\\/wp-content\\\/uploads\\\/2020\\\/01\\\/userbss.png\",\"url\":\"https:\\\/\\\/elversiculodeldia.com\\\/blog\\\/wp-content\\\/uploads\\\/2020\\\/01\\\/userbss.png\",\"contentUrl\":\"https:\\\/\\\/elversiculodeldia.com\\\/blog\\\/wp-content\\\/uploads\\\/2020\\\/01\\\/userbss.png\",\"caption\":\"Publicador\"},\"description\":\"Salvo por gracia \u2764 Dios es bueno y para siempre es Su misericordia!\",\"sameAs\":[\"https:\\\/\\\/www.elversiculodeldia.com\\\/\"],\"url\":\"https:\\\/\\\/elversiculodeldia.com\\\/blog\\\/author\\\/publicador\\\/\"}]}<\/script>\n<!-- \/ Yoast SEO plugin. -->","yoast_head_json":{"title":"Reflexion - Cuando llega la Prueba","description":"Reflexion - Cuando llega la Prueba - El vers\u00edculo del d\u00eda","robots":{"index":"index","follow":"follow","max-snippet":"max-snippet:-1","max-image-preview":"max-image-preview:large","max-video-preview":"max-video-preview:-1"},"canonical":"https:\/\/elversiculodeldia.com\/blog\/reflexion-cuando-llega-la-prueba\/","og_locale":"en_US","og_type":"article","og_title":"Reflexion - Cuando llega la Prueba","og_description":"Reflexion - Cuando llega la Prueba - El vers\u00edculo del d\u00eda","og_url":"https:\/\/elversiculodeldia.com\/blog\/reflexion-cuando-llega-la-prueba\/","og_site_name":"El vers\u00edculo del d\u00eda","article_publisher":"https:\/\/www.facebook.com\/elversiculodeldia","article_published_time":"2013-08-31T00:00:27+00:00","og_image":[{"width":500,"height":319,"url":"https:\/\/elversiculodeldia.com\/blog\/wp-content\/uploads\/2013\/08\/bendito-sea-el-nombre-del-se\u00f1or.jpg","type":"image\/jpeg"}],"author":"Publicador","twitter_card":"summary_large_image","twitter_creator":"@elversiculo","twitter_site":"@elversiculo","twitter_misc":{"Written by":"Publicador","Est. reading time":"1 minute"},"schema":{"@context":"https:\/\/schema.org","@graph":[{"@type":"Article","@id":"https:\/\/elversiculodeldia.com\/blog\/reflexion-cuando-llega-la-prueba\/#article","isPartOf":{"@id":"https:\/\/elversiculodeldia.com\/blog\/reflexion-cuando-llega-la-prueba\/"},"author":{"name":"Publicador","@id":"https:\/\/elversiculodeldia.com\/blog\/#\/schema\/person\/28207690384384b0c36020e7c000f640"},"headline":"Reflexion &#8211; Cuando llega la Prueba","datePublished":"2013-08-31T00:00:27+00:00","mainEntityOfPage":{"@id":"https:\/\/elversiculodeldia.com\/blog\/reflexion-cuando-llega-la-prueba\/"},"wordCount":305,"commentCount":0,"publisher":{"@id":"https:\/\/elversiculodeldia.com\/blog\/#organization"},"image":{"@id":"https:\/\/elversiculodeldia.com\/blog\/reflexion-cuando-llega-la-prueba\/#primaryimage"},"thumbnailUrl":"https:\/\/elversiculodeldia.com\/blog\/wp-content\/uploads\/2013\/08\/bendito-sea-el-nombre-del-se\u00f1or.jpg","keywords":["Dificultades","Fe","Paciencia","Pobreza","Pruebas","Riquezas","Salvador"],"articleSection":["Reflexiones"],"inLanguage":"en-US","potentialAction":[{"@type":"CommentAction","name":"Comment","target":["https:\/\/elversiculodeldia.com\/blog\/reflexion-cuando-llega-la-prueba\/#respond"]}]},{"@type":"WebPage","@id":"https:\/\/elversiculodeldia.com\/blog\/reflexion-cuando-llega-la-prueba\/","url":"https:\/\/elversiculodeldia.com\/blog\/reflexion-cuando-llega-la-prueba\/","name":"Reflexion - Cuando llega la Prueba","isPartOf":{"@id":"https:\/\/elversiculodeldia.com\/blog\/#website"},"primaryImageOfPage":{"@id":"https:\/\/elversiculodeldia.com\/blog\/reflexion-cuando-llega-la-prueba\/#primaryimage"},"image":{"@id":"https:\/\/elversiculodeldia.com\/blog\/reflexion-cuando-llega-la-prueba\/#primaryimage"},"thumbnailUrl":"https:\/\/elversiculodeldia.com\/blog\/wp-content\/uploads\/2013\/08\/bendito-sea-el-nombre-del-se\u00f1or.jpg","datePublished":"2013-08-31T00:00:27+00:00","description":"Reflexion - Cuando llega la Prueba - El vers\u00edculo del d\u00eda","inLanguage":"en-US","potentialAction":[{"@type":"ReadAction","target":["https:\/\/elversiculodeldia.com\/blog\/reflexion-cuando-llega-la-prueba\/"]}]},{"@type":"ImageObject","inLanguage":"en-US","@id":"https:\/\/elversiculodeldia.com\/blog\/reflexion-cuando-llega-la-prueba\/#primaryimage","url":"https:\/\/elversiculodeldia.com\/blog\/wp-content\/uploads\/2013\/08\/bendito-sea-el-nombre-del-se\u00f1or.jpg","contentUrl":"https:\/\/elversiculodeldia.com\/blog\/wp-content\/uploads\/2013\/08\/bendito-sea-el-nombre-del-se\u00f1or.jpg","width":500,"height":319},{"@type":"WebSite","@id":"https:\/\/elversiculodeldia.com\/blog\/#website","url":"https:\/\/elversiculodeldia.com\/blog\/","name":"El Vers\u00edculo del D\u00eda","description":"Llevando un vers\u00edculo de salvaci\u00f3n a cada coraz\u00f3n!","publisher":{"@id":"https:\/\/elversiculodeldia.com\/blog\/#organization"},"potentialAction":[{"@type":"SearchAction","target":{"@type":"EntryPoint","urlTemplate":"https:\/\/elversiculodeldia.com\/blog\/?s={search_term_string}"},"query-input":{"@type":"PropertyValueSpecification","valueRequired":true,"valueName":"search_term_string"}}],"inLanguage":"en-US"},{"@type":"Organization","@id":"https:\/\/elversiculodeldia.com\/blog\/#organization","name":"El Versiculo del Dia","url":"https:\/\/elversiculodeldia.com\/blog\/","logo":{"@type":"ImageObject","inLanguage":"en-US","@id":"https:\/\/elversiculodeldia.com\/blog\/#\/schema\/logo\/image\/","url":"https:\/\/elversiculodeldia.com\/blog\/wp-content\/uploads\/2017\/04\/logoOficialEVD.png","contentUrl":"https:\/\/elversiculodeldia.com\/blog\/wp-content\/uploads\/2017\/04\/logoOficialEVD.png","width":400,"height":100,"caption":"El Versiculo del Dia"},"image":{"@id":"https:\/\/elversiculodeldia.com\/blog\/#\/schema\/logo\/image\/"},"sameAs":["https:\/\/www.facebook.com\/elversiculodeldia","https:\/\/x.com\/elversiculo","https:\/\/www.instagram.com\/elversiculo","https:\/\/www.youtube.com\/user\/elversiculodeldia","https:\/\/chat.whatsapp.com\/HreYiXZFT8e0tZUmqriKfb"]},{"@type":"Person","@id":"https:\/\/elversiculodeldia.com\/blog\/#\/schema\/person\/28207690384384b0c36020e7c000f640","name":"Publicador","image":{"@type":"ImageObject","inLanguage":"en-US","@id":"https:\/\/elversiculodeldia.com\/blog\/wp-content\/uploads\/2020\/01\/userbss.png","url":"https:\/\/elversiculodeldia.com\/blog\/wp-content\/uploads\/2020\/01\/userbss.png","contentUrl":"https:\/\/elversiculodeldia.com\/blog\/wp-content\/uploads\/2020\/01\/userbss.png","caption":"Publicador"},"description":"Salvo por gracia \u2764 Dios es bueno y para siempre es Su misericordia!","sameAs":["https:\/\/www.elversiculodeldia.com\/"],"url":"https:\/\/elversiculodeldia.com\/blog\/author\/publicador\/"}]}},"amp_enabled":true,"_links":{"self":[{"href":"https:\/\/elversiculodeldia.com\/blog\/wp-json\/wp\/v2\/posts\/11823","targetHints":{"allow":["GET"]}}],"collection":[{"href":"https:\/\/elversiculodeldia.com\/blog\/wp-json\/wp\/v2\/posts"}],"about":[{"href":"https:\/\/elversiculodeldia.com\/blog\/wp-json\/wp\/v2\/types\/post"}],"author":[{"embeddable":true,"href":"https:\/\/elversiculodeldia.com\/blog\/wp-json\/wp\/v2\/users\/179"}],"replies":[{"embeddable":true,"href":"https:\/\/elversiculodeldia.com\/blog\/wp-json\/wp\/v2\/comments?post=11823"}],"version-history":[{"count":0,"href":"https:\/\/elversiculodeldia.com\/blog\/wp-json\/wp\/v2\/posts\/11823\/revisions"}],"wp:featuredmedia":[{"embeddable":true,"href":"https:\/\/elversiculodeldia.com\/blog\/wp-json\/wp\/v2\/media\/11824"}],"wp:attachment":[{"href":"https:\/\/elversiculodeldia.com\/blog\/wp-json\/wp\/v2\/media?parent=11823"}],"wp:term":[{"taxonomy":"category","embeddable":true,"href":"https:\/\/elversiculodeldia.com\/blog\/wp-json\/wp\/v2\/categories?post=11823"},{"taxonomy":"post_tag","embeddable":true,"href":"https:\/\/elversiculodeldia.com\/blog\/wp-json\/wp\/v2\/tags?post=11823"}],"curies":[{"name":"wp","href":"https:\/\/api.w.org\/{rel}","templated":true}]}}