{"id":112318,"date":"2026-09-03T07:00:34","date_gmt":"2026-09-03T11:00:34","guid":{"rendered":"https:\/\/elversiculodeldia.com\/blog\/?p=112318"},"modified":"2026-09-02T20:42:57","modified_gmt":"2026-09-03T00:42:57","slug":"las-pruebas-forman-el-caracter","status":"publish","type":"post","link":"https:\/\/elversiculodeldia.com\/blog\/las-pruebas-forman-el-caracter\/","title":{"rendered":"Las pruebas forman el car\u00e1cter"},"content":{"rendered":"<p><img loading=\"lazy\" decoding=\"async\" class=\"alignnone size-full wp-image-112319\" src=\"https:\/\/elversiculodeldia.com\/blog\/wp-content\/uploads\/2026\/09\/Las-pruebas-forman-el-caracter-cover.png\" alt=\"\" width=\"1920\" height=\"1080\" srcset=\"https:\/\/elversiculodeldia.com\/blog\/wp-content\/uploads\/2026\/09\/Las-pruebas-forman-el-caracter-cover.png 1920w, https:\/\/elversiculodeldia.com\/blog\/wp-content\/uploads\/2026\/09\/Las-pruebas-forman-el-caracter-cover-768x432.png 768w, https:\/\/elversiculodeldia.com\/blog\/wp-content\/uploads\/2026\/09\/Las-pruebas-forman-el-caracter-cover-1536x864.png 1536w\" sizes=\"auto, (max-width: 1920px) 100vw, 1920px\" \/><\/p>\n<!--[if lt IE 9]><script>document.createElement('audio');<\/script><![endif]-->\n<audio class=\"wp-audio-shortcode\" id=\"audio-112318-1\" preload=\"none\" style=\"width: 100%;\" controls=\"controls\"><source type=\"audio\/mpeg\" src=\"https:\/\/elversiculodeldia.com\/blog\/wp-content\/uploads\/2026\/09\/Las-pruebas-forman-el-caracter.mp3?_=1\" \/><a href=\"https:\/\/elversiculodeldia.com\/blog\/wp-content\/uploads\/2026\/09\/Las-pruebas-forman-el-caracter.mp3\">https:\/\/elversiculodeldia.com\/blog\/wp-content\/uploads\/2026\/09\/Las-pruebas-forman-el-caracter.mp3<\/a><\/audio>\n<p style=\"font-weight: 400\">He aprendido que las mayores victorias a menudo se obtienen en las batallas que libramos en silencio; y que los dem\u00e1s no las pueden ver porque est\u00e1n ocultas en el coraz\u00f3n.<\/p>\n<p style=\"font-weight: 400\">Es en la presi\u00f3n, la espera y la frustraci\u00f3n que nuestro car\u00e1cter se forma hasta convertirse en algo que nos fortalece de tal forma que nos hace inquebrantables.<\/p>\n<p style=\"font-weight: 400\">Debes saber que Dios no desperdicia nuestro dolor; \u00c9l es nuestro gran alfarero que utiliza las pruebas para moldearnos a la imagen de Jes\u00fas.<\/p>\n<p style=\"font-weight: 400\">Y, aunque el proceso es inc\u00f3modo, el resultado es poderoso.<\/p>\n<p style=\"font-weight: 400\">En la Biblia, en la carta de Santiago, cap\u00edtulo 1, versos 2 al 3, dice:\u00a0<em>\u201cAmados hermanos, cuando tengan que enfrentar cualquier tipo de problemas, consid\u00e9renlo como un tiempo para alegrarse mucho porque ustedes saben que, siempre que se pone a prueba la fe, la constancia tiene una oportunidad para desarrollarse\u201d<\/em>\u00a0(NTV).<\/p>\n<p style=\"font-weight: 400\">La perseverancia es como un m\u00fasculo espiritual que se va fortaleciendo en lo que yo quiero llamar\u00a0<em>\u201cel gimnasio de la vida\u201d.<\/em><\/p>\n<p style=\"font-weight: 400\">Entonces, ser constantes equivale a negarnos a rendirnos, a no tirar la toalla, ni tampoco dejar que las circunstancias dicten el destino final.<\/p>\n<p style=\"font-weight: 400\">Vemos c\u00f3mo las personas en el mundo se rinden y se quejan;\u00a0\u00a0pero los disc\u00edpulos de Jes\u00fas avanzan.<\/p>\n<p style=\"font-weight: 400\">Y esto equivale a que corremos con paciencia la carrera que tenemos por delante, fijando nuestros ojos en Jes\u00fas, el autor y consumador de nuestra fe.<\/p>\n<p style=\"font-weight: 400\">As\u00ed, vivir como Jes\u00fas significa aferrarse a la esperanza en medio del desastre; es mantener una confianza profunda en la bondad de Dios incluso cuando no se puede ver Su respuesta.<\/p>\n<p style=\"font-weight: 400\">Pero debes saber que no se trata de ser fuerte por nosotros mismos, sino de depender del poder de Dios que se perfecciona en nuestra debilidad.<\/p>\n<p style=\"font-weight: 400\">De esta forma, cada lucha y dificultad se vuelven el terreno f\u00e9rtil para un milagro.<\/p>\n<p style=\"font-weight: 400\">Si te has sentido sin fuerzas o con frustraci\u00f3n, haz una pausa y di:\u00a0<em>&#8220;No me rendir\u00e9&#8221;<\/em>; m\u00e1s bien trae a la memoria las pruebas pasadas en las que Dios te dio la victoria y alimenta tu alma con este pensamiento.<\/p>\n<p style=\"font-weight: 400\">Oremos:\u00a0<em>\u201cAmado Se\u00f1or, reconozco que me he sentido sin fuerzas y sin esperanza, pero desde hoy decido esperar como un(a) buen disc\u00edpulo(a) de Jes\u00fas; s\u00e9 que hoy se ve oscuro, pero que ya se acerca el amanecer con el milagro que espero; esto lo creo y lo oro en el Nombre de Jes\u00fas, Am\u00e9n\u201d.<\/em><\/p>\n<p style=\"font-weight: 400\">Vers\u00edculo:\u00a0<em>\u201cAmados hermanos, cuando tengan que enfrentar cualquier tipo de problemas, consid\u00e9renlo como un tiempo para alegrarse mucho porque ustedes saben que, siempre que se pone a prueba la fe, la constancia tiene una oportunidad para desarrollarse\u201d<\/em>\u00a0Santiago 1:2-3 (NTV)<\/p>\n<p>Buen D\u00eda<br \/>\nJuan C Quintero<br \/>\n<a href=\"https:\/\/vidawc.short.gy\/De365\" target=\"_blank\" rel=\"noopener\">Buendiatodoslosdias.com<\/a><\/p>\n","protected":false},"excerpt":{"rendered":"<p>He aprendido que las mayores victorias a menudo se obtienen en las batallas que libramos en silencio; y que los dem\u00e1s no las pueden ver porque est\u00e1n ocultas en el coraz\u00f3n. Es en la presi\u00f3n, la espera y la frustraci\u00f3n que nuestro car\u00e1cter se forma hasta convertirse en algo que nos fortalece de tal forma [&hellip;]<\/p>\n","protected":false},"author":30,"featured_media":0,"comment_status":"open","ping_status":"open","sticky":false,"template":"","format":"standard","meta":{"tdm_status":"","tdm_grid_status":"","footnotes":""},"categories":[7,958,1326,2839,2152,2384,1139,5,2293,1328],"tags":[6807,117,1617,1341,50,6809,5687,38,3272,6812,203,462,6808,67,3322],"class_list":{"0":"post-112318","1":"post","2":"type-post","3":"status-publish","4":"format-standard","6":"category-devocionales","7":"category-el-versiculo-del-dia","8":"category-imagenes-3","9":"category-lecturas","10":"category-mensajes-cristianos","11":"category-nuestro-pan-diario","12":"category-pensamiento-del-dia","13":"category-reflexiones","14":"category-uncategorized-en","15":"category-varios","16":"tag-coral-springs","17":"tag-cristo","18":"tag-devocional","19":"tag-espiritu-santo","20":"tag-iglesia","21":"tag-iglesia-online","22":"tag-iglesia-vida","23":"tag-jesus","24":"tag-juan-c-quintero","25":"tag-mensaje-diario","26":"tag-palabra-de-dios","27":"tag-pastor","28":"tag-ven-a-la-iglesia","29":"tag-vida","30":"tag-vida-worship-center"},"yoast_head":"<!-- This site is optimized with the Yoast SEO plugin v27.5 - https:\/\/yoast.com\/product\/yoast-seo-wordpress\/ -->\n<title>Las pruebas forman el car\u00e1cter<\/title>\n<meta name=\"description\" content=\"Las pruebas forman el car\u00e1cter - El vers\u00edculo del d\u00eda\" \/>\n<meta name=\"robots\" content=\"index, follow, max-snippet:-1, max-image-preview:large, max-video-preview:-1\" \/>\n<link rel=\"canonical\" href=\"https:\/\/elversiculodeldia.com\/blog\/las-pruebas-forman-el-caracter\/\" \/>\n<meta property=\"og:locale\" content=\"en_US\" \/>\n<meta property=\"og:type\" content=\"article\" \/>\n<meta property=\"og:title\" content=\"Las pruebas forman el car\u00e1cter\" \/>\n<meta property=\"og:description\" content=\"Las pruebas forman el car\u00e1cter - El vers\u00edculo del d\u00eda\" \/>\n<meta property=\"og:url\" content=\"https:\/\/elversiculodeldia.com\/blog\/las-pruebas-forman-el-caracter\/\" \/>\n<meta property=\"og:site_name\" content=\"El vers\u00edculo del d\u00eda\" \/>\n<meta property=\"article:publisher\" content=\"https:\/\/www.facebook.com\/elversiculodeldia\" \/>\n<meta property=\"article:author\" content=\"https:\/\/www.facebook.com\/pastorjuanquintero\/\" \/>\n<meta property=\"article:published_time\" content=\"2026-09-03T11:00:34+00:00\" \/>\n<meta property=\"og:image\" content=\"https:\/\/elversiculodeldia.com\/blog\/wp-content\/uploads\/2026\/09\/Las-pruebas-forman-el-caracter-cover.png\" \/>\n\t<meta property=\"og:image:width\" content=\"1920\" \/>\n\t<meta property=\"og:image:height\" content=\"1080\" \/>\n\t<meta property=\"og:image:type\" content=\"image\/png\" \/>\n<meta name=\"author\" content=\"Juan Quintero\" \/>\n<meta name=\"twitter:card\" content=\"summary_large_image\" \/>\n<meta name=\"twitter:creator\" content=\"@elversiculo\" \/>\n<meta name=\"twitter:site\" content=\"@elversiculo\" \/>\n<meta name=\"twitter:label1\" content=\"Written by\" \/>\n\t<meta name=\"twitter:data1\" content=\"Juan Quintero\" \/>\n\t<meta name=\"twitter:label2\" content=\"Est. reading time\" \/>\n\t<meta name=\"twitter:data2\" content=\"3 minutes\" \/>\n<script type=\"application\/ld+json\" class=\"yoast-schema-graph\">{\"@context\":\"https:\\\/\\\/schema.org\",\"@graph\":[{\"@type\":\"Article\",\"@id\":\"https:\\\/\\\/elversiculodeldia.com\\\/blog\\\/las-pruebas-forman-el-caracter\\\/#article\",\"isPartOf\":{\"@id\":\"https:\\\/\\\/elversiculodeldia.com\\\/blog\\\/las-pruebas-forman-el-caracter\\\/\"},\"author\":{\"name\":\"Juan Quintero\",\"@id\":\"https:\\\/\\\/elversiculodeldia.com\\\/blog\\\/#\\\/schema\\\/person\\\/bead3290281db357e2b7d33ebdc876d2\"},\"headline\":\"Las pruebas forman el car\u00e1cter\",\"datePublished\":\"2026-09-03T11:00:34+00:00\",\"mainEntityOfPage\":{\"@id\":\"https:\\\/\\\/elversiculodeldia.com\\\/blog\\\/las-pruebas-forman-el-caracter\\\/\"},\"wordCount\":491,\"commentCount\":0,\"publisher\":{\"@id\":\"https:\\\/\\\/elversiculodeldia.com\\\/blog\\\/#organization\"},\"image\":{\"@id\":\"https:\\\/\\\/elversiculodeldia.com\\\/blog\\\/las-pruebas-forman-el-caracter\\\/#primaryimage\"},\"thumbnailUrl\":\"https:\\\/\\\/elversiculodeldia.com\\\/blog\\\/wp-content\\\/uploads\\\/2026\\\/09\\\/Las-pruebas-forman-el-caracter-cover.png\",\"keywords\":[\"coral springs\",\"Cristo\",\"Devocional\",\"Espiritu Santo\",\"iglesia\",\"iglesia online\",\"IGLESIA VIDA\",\"Jesus\",\"JUAN C QUINTERO\",\"mensaje diario\",\"Palabra de Dios\",\"Pastor\",\"ven a la iglesia\",\"vida\",\"VIDA WORSHIP CENTER\"],\"articleSection\":{\"0\":\"Devocionales\",\"1\":\"El Versiculo del dia\",\"2\":\"Imagenes\",\"3\":\"Lecturas\",\"4\":\"Mensajes\",\"5\":\"Nuestro Pan Diario\",\"6\":\"Pensamiento del dia\",\"7\":\"Reflexiones\",\"9\":\"Varios\"},\"inLanguage\":\"en-US\",\"potentialAction\":[{\"@type\":\"CommentAction\",\"name\":\"Comment\",\"target\":[\"https:\\\/\\\/elversiculodeldia.com\\\/blog\\\/las-pruebas-forman-el-caracter\\\/#respond\"]}]},{\"@type\":\"WebPage\",\"@id\":\"https:\\\/\\\/elversiculodeldia.com\\\/blog\\\/las-pruebas-forman-el-caracter\\\/\",\"url\":\"https:\\\/\\\/elversiculodeldia.com\\\/blog\\\/las-pruebas-forman-el-caracter\\\/\",\"name\":\"Las pruebas forman el car\u00e1cter\",\"isPartOf\":{\"@id\":\"https:\\\/\\\/elversiculodeldia.com\\\/blog\\\/#website\"},\"primaryImageOfPage\":{\"@id\":\"https:\\\/\\\/elversiculodeldia.com\\\/blog\\\/las-pruebas-forman-el-caracter\\\/#primaryimage\"},\"image\":{\"@id\":\"https:\\\/\\\/elversiculodeldia.com\\\/blog\\\/las-pruebas-forman-el-caracter\\\/#primaryimage\"},\"thumbnailUrl\":\"https:\\\/\\\/elversiculodeldia.com\\\/blog\\\/wp-content\\\/uploads\\\/2026\\\/09\\\/Las-pruebas-forman-el-caracter-cover.png\",\"datePublished\":\"2026-09-03T11:00:34+00:00\",\"description\":\"Las pruebas forman el car\u00e1cter - El vers\u00edculo del d\u00eda\",\"inLanguage\":\"en-US\",\"potentialAction\":[{\"@type\":\"ReadAction\",\"target\":[\"https:\\\/\\\/elversiculodeldia.com\\\/blog\\\/las-pruebas-forman-el-caracter\\\/\"]}]},{\"@type\":\"ImageObject\",\"inLanguage\":\"en-US\",\"@id\":\"https:\\\/\\\/elversiculodeldia.com\\\/blog\\\/las-pruebas-forman-el-caracter\\\/#primaryimage\",\"url\":\"https:\\\/\\\/elversiculodeldia.com\\\/blog\\\/wp-content\\\/uploads\\\/2026\\\/09\\\/Las-pruebas-forman-el-caracter-cover.png\",\"contentUrl\":\"https:\\\/\\\/elversiculodeldia.com\\\/blog\\\/wp-content\\\/uploads\\\/2026\\\/09\\\/Las-pruebas-forman-el-caracter-cover.png\",\"width\":1920,\"height\":1080},{\"@type\":\"WebSite\",\"@id\":\"https:\\\/\\\/elversiculodeldia.com\\\/blog\\\/#website\",\"url\":\"https:\\\/\\\/elversiculodeldia.com\\\/blog\\\/\",\"name\":\"El Vers\u00edculo del D\u00eda\",\"description\":\"Llevando un vers\u00edculo de salvaci\u00f3n a cada coraz\u00f3n!\",\"publisher\":{\"@id\":\"https:\\\/\\\/elversiculodeldia.com\\\/blog\\\/#organization\"},\"potentialAction\":[{\"@type\":\"SearchAction\",\"target\":{\"@type\":\"EntryPoint\",\"urlTemplate\":\"https:\\\/\\\/elversiculodeldia.com\\\/blog\\\/?s={search_term_string}\"},\"query-input\":{\"@type\":\"PropertyValueSpecification\",\"valueRequired\":true,\"valueName\":\"search_term_string\"}}],\"inLanguage\":\"en-US\"},{\"@type\":\"Organization\",\"@id\":\"https:\\\/\\\/elversiculodeldia.com\\\/blog\\\/#organization\",\"name\":\"El Versiculo del Dia\",\"url\":\"https:\\\/\\\/elversiculodeldia.com\\\/blog\\\/\",\"logo\":{\"@type\":\"ImageObject\",\"inLanguage\":\"en-US\",\"@id\":\"https:\\\/\\\/elversiculodeldia.com\\\/blog\\\/#\\\/schema\\\/logo\\\/image\\\/\",\"url\":\"https:\\\/\\\/elversiculodeldia.com\\\/blog\\\/wp-content\\\/uploads\\\/2017\\\/04\\\/logoOficialEVD.png\",\"contentUrl\":\"https:\\\/\\\/elversiculodeldia.com\\\/blog\\\/wp-content\\\/uploads\\\/2017\\\/04\\\/logoOficialEVD.png\",\"width\":400,\"height\":100,\"caption\":\"El Versiculo del Dia\"},\"image\":{\"@id\":\"https:\\\/\\\/elversiculodeldia.com\\\/blog\\\/#\\\/schema\\\/logo\\\/image\\\/\"},\"sameAs\":[\"https:\\\/\\\/www.facebook.com\\\/elversiculodeldia\",\"https:\\\/\\\/x.com\\\/elversiculo\",\"https:\\\/\\\/www.instagram.com\\\/elversiculo\",\"https:\\\/\\\/www.youtube.com\\\/user\\\/elversiculodeldia\",\"https:\\\/\\\/chat.whatsapp.com\\\/HreYiXZFT8e0tZUmqriKfb\"]},{\"@type\":\"Person\",\"@id\":\"https:\\\/\\\/elversiculodeldia.com\\\/blog\\\/#\\\/schema\\\/person\\\/bead3290281db357e2b7d33ebdc876d2\",\"name\":\"Juan Quintero\",\"image\":{\"@type\":\"ImageObject\",\"inLanguage\":\"en-US\",\"@id\":\"https:\\\/\\\/elversiculodeldia.com\\\/blog\\\/wp-content\\\/uploads\\\/2021\\\/02\\\/JCQ-BIBLIA.png\",\"url\":\"https:\\\/\\\/elversiculodeldia.com\\\/blog\\\/wp-content\\\/uploads\\\/2021\\\/02\\\/JCQ-BIBLIA.png\",\"contentUrl\":\"https:\\\/\\\/elversiculodeldia.com\\\/blog\\\/wp-content\\\/uploads\\\/2021\\\/02\\\/JCQ-BIBLIA.png\",\"caption\":\"Juan Quintero\"},\"description\":\"Me llamo Juan C Quintero, soy pastor y coach en Coral Springs, Florida, en este lugar compartir\u00e9 mucho contenido gratuito de fe, de exhortaci\u00f3n y motivacional, para brindar crecimiento espiritual y personal. Encontraras videos con informaci\u00f3n relevante, interesante, actual, as\u00ed como tambi\u00e9n predicaciones cristianas, para toda la familia. Tengo la misi\u00f3n de empoderar tu vida, para que alcances todo el potencial que Dios a determinado para ti. Creo que somos seres integrales en alma, cuerpo y esp\u00edritu y que, con la ayuda de Jes\u00fas, con el poder del Esp\u00edritu Santo y con el amor de Dios el Padre llegaras a alcanzar niveles insospechados en tu vida. Todos los mensajes, art\u00edculos, videos y comentarios est\u00e1n enfocados en lograr cuatro cosas: - Que seas edificado a la manera de Jes\u00fas - Que tu familia sea cuidada - Que cumplas tu prop\u00f3sito en esta vida - Que crezcamos y nos multipliquemos como personas, entidades, organismos y como comunidad de fe Gracias por ver estos estudios y mensajes de fe y esperanza. Sinceramente Juan C Quintero Senior Pastor Vida Worship Center 10303 Royal Palm Blvd, Coral Springs, Fl 33065 email: pastor@vidawc.com Web: www.VidaWC.com\",\"sameAs\":[\"http:\\\/\\\/www.buendiatodoslosdias.com\",\"https:\\\/\\\/www.facebook.com\\\/pastorjuanquintero\\\/\",\"https:\\\/\\\/www.instagram.com\\\/vidawc\\\/\",\"https:\\\/\\\/www.youtube.com\\\/playlist?list=PLqlmwAuBIF8qNKALCu9VGBtAmN7t3Enz0\"],\"url\":\"https:\\\/\\\/elversiculodeldia.com\\\/blog\\\/author\\\/jcqpastor\\\/\"}]}<\/script>\n<!-- \/ Yoast SEO plugin. -->","yoast_head_json":{"title":"Las pruebas forman el car\u00e1cter","description":"Las pruebas forman el car\u00e1cter - El vers\u00edculo del d\u00eda","robots":{"index":"index","follow":"follow","max-snippet":"max-snippet:-1","max-image-preview":"max-image-preview:large","max-video-preview":"max-video-preview:-1"},"canonical":"https:\/\/elversiculodeldia.com\/blog\/las-pruebas-forman-el-caracter\/","og_locale":"en_US","og_type":"article","og_title":"Las pruebas forman el car\u00e1cter","og_description":"Las pruebas forman el car\u00e1cter - El vers\u00edculo del d\u00eda","og_url":"https:\/\/elversiculodeldia.com\/blog\/las-pruebas-forman-el-caracter\/","og_site_name":"El vers\u00edculo del d\u00eda","article_publisher":"https:\/\/www.facebook.com\/elversiculodeldia","article_author":"https:\/\/www.facebook.com\/pastorjuanquintero\/","article_published_time":"2026-09-03T11:00:34+00:00","og_image":[{"width":1920,"height":1080,"url":"https:\/\/elversiculodeldia.com\/blog\/wp-content\/uploads\/2026\/09\/Las-pruebas-forman-el-caracter-cover.png","type":"image\/png"}],"author":"Juan Quintero","twitter_card":"summary_large_image","twitter_creator":"@elversiculo","twitter_site":"@elversiculo","twitter_misc":{"Written by":"Juan Quintero","Est. reading time":"3 minutes"},"schema":{"@context":"https:\/\/schema.org","@graph":[{"@type":"Article","@id":"https:\/\/elversiculodeldia.com\/blog\/las-pruebas-forman-el-caracter\/#article","isPartOf":{"@id":"https:\/\/elversiculodeldia.com\/blog\/las-pruebas-forman-el-caracter\/"},"author":{"name":"Juan Quintero","@id":"https:\/\/elversiculodeldia.com\/blog\/#\/schema\/person\/bead3290281db357e2b7d33ebdc876d2"},"headline":"Las pruebas forman el car\u00e1cter","datePublished":"2026-09-03T11:00:34+00:00","mainEntityOfPage":{"@id":"https:\/\/elversiculodeldia.com\/blog\/las-pruebas-forman-el-caracter\/"},"wordCount":491,"commentCount":0,"publisher":{"@id":"https:\/\/elversiculodeldia.com\/blog\/#organization"},"image":{"@id":"https:\/\/elversiculodeldia.com\/blog\/las-pruebas-forman-el-caracter\/#primaryimage"},"thumbnailUrl":"https:\/\/elversiculodeldia.com\/blog\/wp-content\/uploads\/2026\/09\/Las-pruebas-forman-el-caracter-cover.png","keywords":["coral springs","Cristo","Devocional","Espiritu Santo","iglesia","iglesia online","IGLESIA VIDA","Jesus","JUAN C QUINTERO","mensaje diario","Palabra de Dios","Pastor","ven a la iglesia","vida","VIDA WORSHIP CENTER"],"articleSection":{"0":"Devocionales","1":"El Versiculo del dia","2":"Imagenes","3":"Lecturas","4":"Mensajes","5":"Nuestro Pan Diario","6":"Pensamiento del dia","7":"Reflexiones","9":"Varios"},"inLanguage":"en-US","potentialAction":[{"@type":"CommentAction","name":"Comment","target":["https:\/\/elversiculodeldia.com\/blog\/las-pruebas-forman-el-caracter\/#respond"]}]},{"@type":"WebPage","@id":"https:\/\/elversiculodeldia.com\/blog\/las-pruebas-forman-el-caracter\/","url":"https:\/\/elversiculodeldia.com\/blog\/las-pruebas-forman-el-caracter\/","name":"Las pruebas forman el car\u00e1cter","isPartOf":{"@id":"https:\/\/elversiculodeldia.com\/blog\/#website"},"primaryImageOfPage":{"@id":"https:\/\/elversiculodeldia.com\/blog\/las-pruebas-forman-el-caracter\/#primaryimage"},"image":{"@id":"https:\/\/elversiculodeldia.com\/blog\/las-pruebas-forman-el-caracter\/#primaryimage"},"thumbnailUrl":"https:\/\/elversiculodeldia.com\/blog\/wp-content\/uploads\/2026\/09\/Las-pruebas-forman-el-caracter-cover.png","datePublished":"2026-09-03T11:00:34+00:00","description":"Las pruebas forman el car\u00e1cter - El vers\u00edculo del d\u00eda","inLanguage":"en-US","potentialAction":[{"@type":"ReadAction","target":["https:\/\/elversiculodeldia.com\/blog\/las-pruebas-forman-el-caracter\/"]}]},{"@type":"ImageObject","inLanguage":"en-US","@id":"https:\/\/elversiculodeldia.com\/blog\/las-pruebas-forman-el-caracter\/#primaryimage","url":"https:\/\/elversiculodeldia.com\/blog\/wp-content\/uploads\/2026\/09\/Las-pruebas-forman-el-caracter-cover.png","contentUrl":"https:\/\/elversiculodeldia.com\/blog\/wp-content\/uploads\/2026\/09\/Las-pruebas-forman-el-caracter-cover.png","width":1920,"height":1080},{"@type":"WebSite","@id":"https:\/\/elversiculodeldia.com\/blog\/#website","url":"https:\/\/elversiculodeldia.com\/blog\/","name":"El Vers\u00edculo del D\u00eda","description":"Llevando un vers\u00edculo de salvaci\u00f3n a cada coraz\u00f3n!","publisher":{"@id":"https:\/\/elversiculodeldia.com\/blog\/#organization"},"potentialAction":[{"@type":"SearchAction","target":{"@type":"EntryPoint","urlTemplate":"https:\/\/elversiculodeldia.com\/blog\/?s={search_term_string}"},"query-input":{"@type":"PropertyValueSpecification","valueRequired":true,"valueName":"search_term_string"}}],"inLanguage":"en-US"},{"@type":"Organization","@id":"https:\/\/elversiculodeldia.com\/blog\/#organization","name":"El Versiculo del Dia","url":"https:\/\/elversiculodeldia.com\/blog\/","logo":{"@type":"ImageObject","inLanguage":"en-US","@id":"https:\/\/elversiculodeldia.com\/blog\/#\/schema\/logo\/image\/","url":"https:\/\/elversiculodeldia.com\/blog\/wp-content\/uploads\/2017\/04\/logoOficialEVD.png","contentUrl":"https:\/\/elversiculodeldia.com\/blog\/wp-content\/uploads\/2017\/04\/logoOficialEVD.png","width":400,"height":100,"caption":"El Versiculo del Dia"},"image":{"@id":"https:\/\/elversiculodeldia.com\/blog\/#\/schema\/logo\/image\/"},"sameAs":["https:\/\/www.facebook.com\/elversiculodeldia","https:\/\/x.com\/elversiculo","https:\/\/www.instagram.com\/elversiculo","https:\/\/www.youtube.com\/user\/elversiculodeldia","https:\/\/chat.whatsapp.com\/HreYiXZFT8e0tZUmqriKfb"]},{"@type":"Person","@id":"https:\/\/elversiculodeldia.com\/blog\/#\/schema\/person\/bead3290281db357e2b7d33ebdc876d2","name":"Juan Quintero","image":{"@type":"ImageObject","inLanguage":"en-US","@id":"https:\/\/elversiculodeldia.com\/blog\/wp-content\/uploads\/2021\/02\/JCQ-BIBLIA.png","url":"https:\/\/elversiculodeldia.com\/blog\/wp-content\/uploads\/2021\/02\/JCQ-BIBLIA.png","contentUrl":"https:\/\/elversiculodeldia.com\/blog\/wp-content\/uploads\/2021\/02\/JCQ-BIBLIA.png","caption":"Juan Quintero"},"description":"Me llamo Juan C Quintero, soy pastor y coach en Coral Springs, Florida, en este lugar compartir\u00e9 mucho contenido gratuito de fe, de exhortaci\u00f3n y motivacional, para brindar crecimiento espiritual y personal. Encontraras videos con informaci\u00f3n relevante, interesante, actual, as\u00ed como tambi\u00e9n predicaciones cristianas, para toda la familia. Tengo la misi\u00f3n de empoderar tu vida, para que alcances todo el potencial que Dios a determinado para ti. Creo que somos seres integrales en alma, cuerpo y esp\u00edritu y que, con la ayuda de Jes\u00fas, con el poder del Esp\u00edritu Santo y con el amor de Dios el Padre llegaras a alcanzar niveles insospechados en tu vida. Todos los mensajes, art\u00edculos, videos y comentarios est\u00e1n enfocados en lograr cuatro cosas: - Que seas edificado a la manera de Jes\u00fas - Que tu familia sea cuidada - Que cumplas tu prop\u00f3sito en esta vida - Que crezcamos y nos multipliquemos como personas, entidades, organismos y como comunidad de fe Gracias por ver estos estudios y mensajes de fe y esperanza. Sinceramente Juan C Quintero Senior Pastor Vida Worship Center 10303 Royal Palm Blvd, Coral Springs, Fl 33065 email: pastor@vidawc.com Web: www.VidaWC.com","sameAs":["http:\/\/www.buendiatodoslosdias.com","https:\/\/www.facebook.com\/pastorjuanquintero\/","https:\/\/www.instagram.com\/vidawc\/","https:\/\/www.youtube.com\/playlist?list=PLqlmwAuBIF8qNKALCu9VGBtAmN7t3Enz0"],"url":"https:\/\/elversiculodeldia.com\/blog\/author\/jcqpastor\/"}]}},"amp_enabled":true,"_links":{"self":[{"href":"https:\/\/elversiculodeldia.com\/blog\/wp-json\/wp\/v2\/posts\/112318","targetHints":{"allow":["GET"]}}],"collection":[{"href":"https:\/\/elversiculodeldia.com\/blog\/wp-json\/wp\/v2\/posts"}],"about":[{"href":"https:\/\/elversiculodeldia.com\/blog\/wp-json\/wp\/v2\/types\/post"}],"author":[{"embeddable":true,"href":"https:\/\/elversiculodeldia.com\/blog\/wp-json\/wp\/v2\/users\/30"}],"replies":[{"embeddable":true,"href":"https:\/\/elversiculodeldia.com\/blog\/wp-json\/wp\/v2\/comments?post=112318"}],"version-history":[{"count":1,"href":"https:\/\/elversiculodeldia.com\/blog\/wp-json\/wp\/v2\/posts\/112318\/revisions"}],"predecessor-version":[{"id":112321,"href":"https:\/\/elversiculodeldia.com\/blog\/wp-json\/wp\/v2\/posts\/112318\/revisions\/112321"}],"wp:attachment":[{"href":"https:\/\/elversiculodeldia.com\/blog\/wp-json\/wp\/v2\/media?parent=112318"}],"wp:term":[{"taxonomy":"category","embeddable":true,"href":"https:\/\/elversiculodeldia.com\/blog\/wp-json\/wp\/v2\/categories?post=112318"},{"taxonomy":"post_tag","embeddable":true,"href":"https:\/\/elversiculodeldia.com\/blog\/wp-json\/wp\/v2\/tags?post=112318"}],"curies":[{"name":"wp","href":"https:\/\/api.w.org\/{rel}","templated":true}]}}