{"id":112300,"date":"2026-09-01T06:53:02","date_gmt":"2026-09-01T10:53:02","guid":{"rendered":"https:\/\/elversiculodeldia.com\/blog\/?p=112300"},"modified":"2026-09-01T07:03:04","modified_gmt":"2026-09-01T11:03:04","slug":"como-termina","status":"publish","type":"post","link":"https:\/\/elversiculodeldia.com\/blog\/como-termina\/","title":{"rendered":"C\u00f3mo termina"},"content":{"rendered":"<div>\n<div>  <img decoding=\"async\" src=\"https:\/\/elversiculodeldia.com\/blog\/wp-content\/uploads\/2026\/09\/El-que-persevere-hasta-el-fin-ese-sera-salvo.-800-x-500-px-1.png\" alt=\"El que persevere hasta el fin, ese ser\u00e1 salvo. (800 x 500 px).png\" width=\"600\" \/>    <\/p>\n<div>  <\/div>\n<div>  <\/div>\n<p>  C\u00f3mo termina<\/p>\n<p>  \u00a0<\/p>\n<p>  \u00abAf\u00e9rrense a la palabra de vida; entonces, el d\u00eda que Cristo vuelva, me sentir\u00e9 orgulloso de no haber corrido la carrera en vano y de que mi trabajo no fue in\u00fatil\u00bb\u00a0Filipenses   2:16 NTV*<\/p>\n<p>  \u00a0<\/p>\n<p>  El s\u00f3lo hecho de que Pablo haya logrado fundar una iglesia en Filipos, y que los hermanos filipenses no solo hayan perseverado, sino crecido como comunidad cristiana, y   que hayan brillado como luces puras en medio de aquella \u201cgeneraci\u00f3n ad\u00faltera y perversa\u201d, ya era motivo suficiente para Pablo sentirse satisfecho de lo alcanzado.<\/p>\n<p>  \u00a0<\/p>\n<p>  Pero Pablo no se conformaba, \u00e9l quer\u00eda que sus hermanos filipenses se mantuvieran as\u00ed, firmes y creciendo, hasta que Cristo volviera. Porque en la vida cristiana, mucho   m\u00e1s que en cualquiera otra cosa en la vida, el asunto es c\u00f3mo termina.<\/p>\n<p>  \u00a0<\/p>\n<p>  1ro Septiembre 2026<\/p>\n<p>  \u00a0<\/p>\n<p>  *Nueva Traducci\u00f3n Viviente<\/p>\n<div>  <\/div>\n<div>  <\/div>\n<\/p><\/div>\n<div><a href=\"https:\/\/elversiculodeldia.com\/blog\/?attachment_id=112301\"><img loading=\"lazy\" decoding=\"async\" src=\"https:\/\/elversiculodeldia.com\/blog\/wp-content\/uploads\/2026\/09\/El-que-persevere-hasta-el-fin-ese-sera-salvo.-800-x-500-px.png\" alt=\"\" title=\"\" width=\"800\" height=\"500\" \/><\/a><\/div>\n<\/div>\n","protected":false},"excerpt":{"rendered":"<p>C\u00f3mo termina \u00a0 \u00abAf\u00e9rrense a la palabra de vida; entonces, el d\u00eda que Cristo vuelva, me sentir\u00e9 orgulloso de no haber corrido la carrera en vano y de que mi trabajo no fue in\u00fatil\u00bb\u00a0Filipenses 2:16 NTV* \u00a0 El s\u00f3lo hecho de que Pablo haya logrado fundar una iglesia en Filipos, y que los hermanos filipenses [&hellip;]<\/p>\n","protected":false},"author":237,"featured_media":112301,"comment_status":"open","ping_status":"open","sticky":false,"template":"","format":"standard","meta":{"tdm_status":"","tdm_grid_status":"","footnotes":""},"categories":[5],"tags":[],"class_list":{"0":"post-112300","1":"post","2":"type-post","3":"status-publish","4":"format-standard","5":"has-post-thumbnail","7":"category-reflexiones"},"yoast_head":"<!-- This site is optimized with the Yoast SEO plugin v27.5 - https:\/\/yoast.com\/product\/yoast-seo-wordpress\/ -->\n<title>C\u00f3mo termina<\/title>\n<meta name=\"description\" content=\"C\u00f3mo termina - El vers\u00edculo del d\u00eda\" \/>\n<meta name=\"robots\" content=\"index, follow, max-snippet:-1, max-image-preview:large, max-video-preview:-1\" \/>\n<link rel=\"canonical\" href=\"https:\/\/elversiculodeldia.com\/blog\/como-termina\/\" \/>\n<meta property=\"og:locale\" content=\"en_US\" \/>\n<meta property=\"og:type\" content=\"article\" \/>\n<meta property=\"og:title\" content=\"C\u00f3mo termina\" \/>\n<meta property=\"og:description\" content=\"C\u00f3mo termina - El vers\u00edculo del d\u00eda\" \/>\n<meta property=\"og:url\" content=\"https:\/\/elversiculodeldia.com\/blog\/como-termina\/\" \/>\n<meta property=\"og:site_name\" content=\"El vers\u00edculo del d\u00eda\" \/>\n<meta property=\"article:publisher\" content=\"https:\/\/www.facebook.com\/elversiculodeldia\" \/>\n<meta property=\"article:published_time\" content=\"2026-09-01T10:53:02+00:00\" \/>\n<meta property=\"article:modified_time\" content=\"2026-09-01T11:03:04+00:00\" \/>\n<meta property=\"og:image\" content=\"https:\/\/elversiculodeldia.com\/blog\/wp-content\/uploads\/2026\/09\/El-que-persevere-hasta-el-fin-ese-sera-salvo.-800-x-500-px.png\" \/>\n\t<meta property=\"og:image:width\" content=\"800\" \/>\n\t<meta property=\"og:image:height\" content=\"500\" \/>\n\t<meta property=\"og:image:type\" content=\"image\/png\" \/>\n<meta name=\"author\" content=\"Marcos Andujar\" \/>\n<meta name=\"twitter:card\" content=\"summary_large_image\" \/>\n<meta name=\"twitter:creator\" content=\"@elversiculo\" \/>\n<meta name=\"twitter:site\" content=\"@elversiculo\" \/>\n<meta name=\"twitter:label1\" content=\"Written by\" \/>\n\t<meta name=\"twitter:data1\" content=\"Marcos Andujar\" \/>\n\t<meta name=\"twitter:label2\" content=\"Est. reading time\" \/>\n\t<meta name=\"twitter:data2\" content=\"1 minute\" \/>\n<script type=\"application\/ld+json\" class=\"yoast-schema-graph\">{\"@context\":\"https:\\\/\\\/schema.org\",\"@graph\":[{\"@type\":\"Article\",\"@id\":\"https:\\\/\\\/elversiculodeldia.com\\\/blog\\\/como-termina\\\/#article\",\"isPartOf\":{\"@id\":\"https:\\\/\\\/elversiculodeldia.com\\\/blog\\\/como-termina\\\/\"},\"author\":{\"name\":\"Marcos Andujar\",\"@id\":\"https:\\\/\\\/elversiculodeldia.com\\\/blog\\\/#\\\/schema\\\/person\\\/8a51da9cfd8288e671ba60d2abe7ef1c\"},\"headline\":\"C\u00f3mo termina\",\"datePublished\":\"2026-09-01T10:53:02+00:00\",\"dateModified\":\"2026-09-01T11:03:04+00:00\",\"mainEntityOfPage\":{\"@id\":\"https:\\\/\\\/elversiculodeldia.com\\\/blog\\\/como-termina\\\/\"},\"wordCount\":148,\"commentCount\":0,\"publisher\":{\"@id\":\"https:\\\/\\\/elversiculodeldia.com\\\/blog\\\/#organization\"},\"image\":{\"@id\":\"https:\\\/\\\/elversiculodeldia.com\\\/blog\\\/como-termina\\\/#primaryimage\"},\"thumbnailUrl\":\"https:\\\/\\\/elversiculodeldia.com\\\/blog\\\/wp-content\\\/uploads\\\/2026\\\/09\\\/El-que-persevere-hasta-el-fin-ese-sera-salvo.-800-x-500-px.png\",\"articleSection\":[\"Reflexiones\"],\"inLanguage\":\"en-US\",\"potentialAction\":[{\"@type\":\"CommentAction\",\"name\":\"Comment\",\"target\":[\"https:\\\/\\\/elversiculodeldia.com\\\/blog\\\/como-termina\\\/#respond\"]}]},{\"@type\":\"WebPage\",\"@id\":\"https:\\\/\\\/elversiculodeldia.com\\\/blog\\\/como-termina\\\/\",\"url\":\"https:\\\/\\\/elversiculodeldia.com\\\/blog\\\/como-termina\\\/\",\"name\":\"C\u00f3mo termina\",\"isPartOf\":{\"@id\":\"https:\\\/\\\/elversiculodeldia.com\\\/blog\\\/#website\"},\"primaryImageOfPage\":{\"@id\":\"https:\\\/\\\/elversiculodeldia.com\\\/blog\\\/como-termina\\\/#primaryimage\"},\"image\":{\"@id\":\"https:\\\/\\\/elversiculodeldia.com\\\/blog\\\/como-termina\\\/#primaryimage\"},\"thumbnailUrl\":\"https:\\\/\\\/elversiculodeldia.com\\\/blog\\\/wp-content\\\/uploads\\\/2026\\\/09\\\/El-que-persevere-hasta-el-fin-ese-sera-salvo.-800-x-500-px.png\",\"datePublished\":\"2026-09-01T10:53:02+00:00\",\"dateModified\":\"2026-09-01T11:03:04+00:00\",\"description\":\"C\u00f3mo termina - El vers\u00edculo del d\u00eda\",\"inLanguage\":\"en-US\",\"potentialAction\":[{\"@type\":\"ReadAction\",\"target\":[\"https:\\\/\\\/elversiculodeldia.com\\\/blog\\\/como-termina\\\/\"]}]},{\"@type\":\"ImageObject\",\"inLanguage\":\"en-US\",\"@id\":\"https:\\\/\\\/elversiculodeldia.com\\\/blog\\\/como-termina\\\/#primaryimage\",\"url\":\"https:\\\/\\\/elversiculodeldia.com\\\/blog\\\/wp-content\\\/uploads\\\/2026\\\/09\\\/El-que-persevere-hasta-el-fin-ese-sera-salvo.-800-x-500-px.png\",\"contentUrl\":\"https:\\\/\\\/elversiculodeldia.com\\\/blog\\\/wp-content\\\/uploads\\\/2026\\\/09\\\/El-que-persevere-hasta-el-fin-ese-sera-salvo.-800-x-500-px.png\",\"width\":800,\"height\":500},{\"@type\":\"WebSite\",\"@id\":\"https:\\\/\\\/elversiculodeldia.com\\\/blog\\\/#website\",\"url\":\"https:\\\/\\\/elversiculodeldia.com\\\/blog\\\/\",\"name\":\"El Vers\u00edculo del D\u00eda\",\"description\":\"Llevando un vers\u00edculo de salvaci\u00f3n a cada coraz\u00f3n!\",\"publisher\":{\"@id\":\"https:\\\/\\\/elversiculodeldia.com\\\/blog\\\/#organization\"},\"potentialAction\":[{\"@type\":\"SearchAction\",\"target\":{\"@type\":\"EntryPoint\",\"urlTemplate\":\"https:\\\/\\\/elversiculodeldia.com\\\/blog\\\/?s={search_term_string}\"},\"query-input\":{\"@type\":\"PropertyValueSpecification\",\"valueRequired\":true,\"valueName\":\"search_term_string\"}}],\"inLanguage\":\"en-US\"},{\"@type\":\"Organization\",\"@id\":\"https:\\\/\\\/elversiculodeldia.com\\\/blog\\\/#organization\",\"name\":\"El Versiculo del Dia\",\"url\":\"https:\\\/\\\/elversiculodeldia.com\\\/blog\\\/\",\"logo\":{\"@type\":\"ImageObject\",\"inLanguage\":\"en-US\",\"@id\":\"https:\\\/\\\/elversiculodeldia.com\\\/blog\\\/#\\\/schema\\\/logo\\\/image\\\/\",\"url\":\"https:\\\/\\\/elversiculodeldia.com\\\/blog\\\/wp-content\\\/uploads\\\/2017\\\/04\\\/logoOficialEVD.png\",\"contentUrl\":\"https:\\\/\\\/elversiculodeldia.com\\\/blog\\\/wp-content\\\/uploads\\\/2017\\\/04\\\/logoOficialEVD.png\",\"width\":400,\"height\":100,\"caption\":\"El Versiculo del Dia\"},\"image\":{\"@id\":\"https:\\\/\\\/elversiculodeldia.com\\\/blog\\\/#\\\/schema\\\/logo\\\/image\\\/\"},\"sameAs\":[\"https:\\\/\\\/www.facebook.com\\\/elversiculodeldia\",\"https:\\\/\\\/x.com\\\/elversiculo\",\"https:\\\/\\\/www.instagram.com\\\/elversiculo\",\"https:\\\/\\\/www.youtube.com\\\/user\\\/elversiculodeldia\",\"https:\\\/\\\/chat.whatsapp.com\\\/HreYiXZFT8e0tZUmqriKfb\"]},{\"@type\":\"Person\",\"@id\":\"https:\\\/\\\/elversiculodeldia.com\\\/blog\\\/#\\\/schema\\\/person\\\/8a51da9cfd8288e671ba60d2abe7ef1c\",\"name\":\"Marcos Andujar\",\"image\":{\"@type\":\"ImageObject\",\"inLanguage\":\"en-US\",\"@id\":\"https:\\\/\\\/elversiculodeldia.com\\\/blog\\\/wp-content\\\/uploads\\\/2026\\\/01\\\/Marcos.jpg\",\"url\":\"https:\\\/\\\/elversiculodeldia.com\\\/blog\\\/wp-content\\\/uploads\\\/2026\\\/01\\\/Marcos.jpg\",\"contentUrl\":\"https:\\\/\\\/elversiculodeldia.com\\\/blog\\\/wp-content\\\/uploads\\\/2026\\\/01\\\/Marcos.jpg\",\"caption\":\"Marcos Andujar\"},\"sameAs\":[\"https:\\\/\\\/elversiculodeldia.com\\\/\"],\"url\":\"https:\\\/\\\/elversiculodeldia.com\\\/blog\\\/author\\\/marcosandujar\\\/\"}]}<\/script>\n<!-- \/ Yoast SEO plugin. -->","yoast_head_json":{"title":"C\u00f3mo termina","description":"C\u00f3mo termina - El vers\u00edculo del d\u00eda","robots":{"index":"index","follow":"follow","max-snippet":"max-snippet:-1","max-image-preview":"max-image-preview:large","max-video-preview":"max-video-preview:-1"},"canonical":"https:\/\/elversiculodeldia.com\/blog\/como-termina\/","og_locale":"en_US","og_type":"article","og_title":"C\u00f3mo termina","og_description":"C\u00f3mo termina - El vers\u00edculo del d\u00eda","og_url":"https:\/\/elversiculodeldia.com\/blog\/como-termina\/","og_site_name":"El vers\u00edculo del d\u00eda","article_publisher":"https:\/\/www.facebook.com\/elversiculodeldia","article_published_time":"2026-09-01T10:53:02+00:00","article_modified_time":"2026-09-01T11:03:04+00:00","og_image":[{"width":800,"height":500,"url":"https:\/\/elversiculodeldia.com\/blog\/wp-content\/uploads\/2026\/09\/El-que-persevere-hasta-el-fin-ese-sera-salvo.-800-x-500-px.png","type":"image\/png"}],"author":"Marcos Andujar","twitter_card":"summary_large_image","twitter_creator":"@elversiculo","twitter_site":"@elversiculo","twitter_misc":{"Written by":"Marcos Andujar","Est. reading time":"1 minute"},"schema":{"@context":"https:\/\/schema.org","@graph":[{"@type":"Article","@id":"https:\/\/elversiculodeldia.com\/blog\/como-termina\/#article","isPartOf":{"@id":"https:\/\/elversiculodeldia.com\/blog\/como-termina\/"},"author":{"name":"Marcos Andujar","@id":"https:\/\/elversiculodeldia.com\/blog\/#\/schema\/person\/8a51da9cfd8288e671ba60d2abe7ef1c"},"headline":"C\u00f3mo termina","datePublished":"2026-09-01T10:53:02+00:00","dateModified":"2026-09-01T11:03:04+00:00","mainEntityOfPage":{"@id":"https:\/\/elversiculodeldia.com\/blog\/como-termina\/"},"wordCount":148,"commentCount":0,"publisher":{"@id":"https:\/\/elversiculodeldia.com\/blog\/#organization"},"image":{"@id":"https:\/\/elversiculodeldia.com\/blog\/como-termina\/#primaryimage"},"thumbnailUrl":"https:\/\/elversiculodeldia.com\/blog\/wp-content\/uploads\/2026\/09\/El-que-persevere-hasta-el-fin-ese-sera-salvo.-800-x-500-px.png","articleSection":["Reflexiones"],"inLanguage":"en-US","potentialAction":[{"@type":"CommentAction","name":"Comment","target":["https:\/\/elversiculodeldia.com\/blog\/como-termina\/#respond"]}]},{"@type":"WebPage","@id":"https:\/\/elversiculodeldia.com\/blog\/como-termina\/","url":"https:\/\/elversiculodeldia.com\/blog\/como-termina\/","name":"C\u00f3mo termina","isPartOf":{"@id":"https:\/\/elversiculodeldia.com\/blog\/#website"},"primaryImageOfPage":{"@id":"https:\/\/elversiculodeldia.com\/blog\/como-termina\/#primaryimage"},"image":{"@id":"https:\/\/elversiculodeldia.com\/blog\/como-termina\/#primaryimage"},"thumbnailUrl":"https:\/\/elversiculodeldia.com\/blog\/wp-content\/uploads\/2026\/09\/El-que-persevere-hasta-el-fin-ese-sera-salvo.-800-x-500-px.png","datePublished":"2026-09-01T10:53:02+00:00","dateModified":"2026-09-01T11:03:04+00:00","description":"C\u00f3mo termina - El vers\u00edculo del d\u00eda","inLanguage":"en-US","potentialAction":[{"@type":"ReadAction","target":["https:\/\/elversiculodeldia.com\/blog\/como-termina\/"]}]},{"@type":"ImageObject","inLanguage":"en-US","@id":"https:\/\/elversiculodeldia.com\/blog\/como-termina\/#primaryimage","url":"https:\/\/elversiculodeldia.com\/blog\/wp-content\/uploads\/2026\/09\/El-que-persevere-hasta-el-fin-ese-sera-salvo.-800-x-500-px.png","contentUrl":"https:\/\/elversiculodeldia.com\/blog\/wp-content\/uploads\/2026\/09\/El-que-persevere-hasta-el-fin-ese-sera-salvo.-800-x-500-px.png","width":800,"height":500},{"@type":"WebSite","@id":"https:\/\/elversiculodeldia.com\/blog\/#website","url":"https:\/\/elversiculodeldia.com\/blog\/","name":"El Vers\u00edculo del D\u00eda","description":"Llevando un vers\u00edculo de salvaci\u00f3n a cada coraz\u00f3n!","publisher":{"@id":"https:\/\/elversiculodeldia.com\/blog\/#organization"},"potentialAction":[{"@type":"SearchAction","target":{"@type":"EntryPoint","urlTemplate":"https:\/\/elversiculodeldia.com\/blog\/?s={search_term_string}"},"query-input":{"@type":"PropertyValueSpecification","valueRequired":true,"valueName":"search_term_string"}}],"inLanguage":"en-US"},{"@type":"Organization","@id":"https:\/\/elversiculodeldia.com\/blog\/#organization","name":"El Versiculo del Dia","url":"https:\/\/elversiculodeldia.com\/blog\/","logo":{"@type":"ImageObject","inLanguage":"en-US","@id":"https:\/\/elversiculodeldia.com\/blog\/#\/schema\/logo\/image\/","url":"https:\/\/elversiculodeldia.com\/blog\/wp-content\/uploads\/2017\/04\/logoOficialEVD.png","contentUrl":"https:\/\/elversiculodeldia.com\/blog\/wp-content\/uploads\/2017\/04\/logoOficialEVD.png","width":400,"height":100,"caption":"El Versiculo del Dia"},"image":{"@id":"https:\/\/elversiculodeldia.com\/blog\/#\/schema\/logo\/image\/"},"sameAs":["https:\/\/www.facebook.com\/elversiculodeldia","https:\/\/x.com\/elversiculo","https:\/\/www.instagram.com\/elversiculo","https:\/\/www.youtube.com\/user\/elversiculodeldia","https:\/\/chat.whatsapp.com\/HreYiXZFT8e0tZUmqriKfb"]},{"@type":"Person","@id":"https:\/\/elversiculodeldia.com\/blog\/#\/schema\/person\/8a51da9cfd8288e671ba60d2abe7ef1c","name":"Marcos Andujar","image":{"@type":"ImageObject","inLanguage":"en-US","@id":"https:\/\/elversiculodeldia.com\/blog\/wp-content\/uploads\/2026\/01\/Marcos.jpg","url":"https:\/\/elversiculodeldia.com\/blog\/wp-content\/uploads\/2026\/01\/Marcos.jpg","contentUrl":"https:\/\/elversiculodeldia.com\/blog\/wp-content\/uploads\/2026\/01\/Marcos.jpg","caption":"Marcos Andujar"},"sameAs":["https:\/\/elversiculodeldia.com\/"],"url":"https:\/\/elversiculodeldia.com\/blog\/author\/marcosandujar\/"}]}},"amp_enabled":true,"_links":{"self":[{"href":"https:\/\/elversiculodeldia.com\/blog\/wp-json\/wp\/v2\/posts\/112300","targetHints":{"allow":["GET"]}}],"collection":[{"href":"https:\/\/elversiculodeldia.com\/blog\/wp-json\/wp\/v2\/posts"}],"about":[{"href":"https:\/\/elversiculodeldia.com\/blog\/wp-json\/wp\/v2\/types\/post"}],"author":[{"embeddable":true,"href":"https:\/\/elversiculodeldia.com\/blog\/wp-json\/wp\/v2\/users\/237"}],"replies":[{"embeddable":true,"href":"https:\/\/elversiculodeldia.com\/blog\/wp-json\/wp\/v2\/comments?post=112300"}],"version-history":[{"count":0,"href":"https:\/\/elversiculodeldia.com\/blog\/wp-json\/wp\/v2\/posts\/112300\/revisions"}],"wp:featuredmedia":[{"embeddable":true,"href":"https:\/\/elversiculodeldia.com\/blog\/wp-json\/wp\/v2\/media\/112301"}],"wp:attachment":[{"href":"https:\/\/elversiculodeldia.com\/blog\/wp-json\/wp\/v2\/media?parent=112300"}],"wp:term":[{"taxonomy":"category","embeddable":true,"href":"https:\/\/elversiculodeldia.com\/blog\/wp-json\/wp\/v2\/categories?post=112300"},{"taxonomy":"post_tag","embeddable":true,"href":"https:\/\/elversiculodeldia.com\/blog\/wp-json\/wp\/v2\/tags?post=112300"}],"curies":[{"name":"wp","href":"https:\/\/api.w.org\/{rel}","templated":true}]}}