{"id":112294,"date":"2026-08-31T08:01:48","date_gmt":"2026-08-31T12:01:48","guid":{"rendered":"https:\/\/elversiculodeldia.com\/blog\/?p=112294"},"modified":"2026-08-31T08:03:05","modified_gmt":"2026-08-31T12:03:05","slug":"hay-que-cuidarse","status":"publish","type":"post","link":"https:\/\/elversiculodeldia.com\/blog\/hay-que-cuidarse\/","title":{"rendered":"Hay que cuidarse"},"content":{"rendered":"<div>\n<div>  <img decoding=\"async\" src=\"https:\/\/elversiculodeldia.com\/blog\/wp-content\/uploads\/2026\/08\/No-os-toca-a-vosotros-saber-1-1.png\" alt=\"No os toca a vosotros saber (1).png\" width=\"600\" \/>    <\/p>\n<div>  <\/div>\n<p>  Hay que cuidarse<\/p>\n<p>  \u00a0<\/p>\n<p>  \u00abAf\u00e9rrense a la palabra de vida; entonces, el d\u00eda que Cristo vuelva, me sentir\u00e9 orgulloso de no haber corrido la carrera en vano y de que mi trabajo no fue in\u00fatil\u00bb\u00a0Filipenses   2:16 NTV*<\/p>\n<p>  \u00a0<\/p>\n<p>  He comenzado a toparme en las redes sociales con mucha bazofia disfrazada de \u201cconocimiento profundo\u201d, o \u201cexclusivo\u201d de la Biblia. Muchos pretenden dar explicaci\u00f3n \u201cque nadie   nos dec\u00eda\u201d sobre tal o cual tema, o \u201ccosas secretas\u201d, que \u201cno quieren que sepamos\u201d. Es decir, morbo puro.\u00a0<\/p>\n<p>  \u00a0<\/p>\n<p>  Y el morbo, ni es erudici\u00f3n, ni es conocimiento profundo, es la semilla de la ego-altaner\u00eda, es decir: \u201cs\u00e9 lo que los otros no saben\u201d, \u201cconozco m\u00e1s que los mismos cristianos\u201d,   en fin, pretensi\u00f3n m\u00e1s que la intensi\u00f3n de acercarse a Dios por medio del conocimiento.<\/p>\n<p>  \u00a0<\/p>\n<p>  Y para esto se ha tomado a Pablo, y la ignorancia e incomprensi\u00f3n generalizados de c\u00f3mo se estudia la Biblia, como tema de \u201cdiscusi\u00f3n\u201d. Por ejemplo, para decir que \u201cPablo   esperaba el regreso de Cristo en sus tiempos\u201d.\u00a0<\/p>\n<p>  \u00a0<\/p>\n<p>  Y, si fuera as\u00ed \u00bfcu\u00e1l es el problema?, \u00bfanula esto el control de Dios sobre la situaci\u00f3n?, \u00bfcu\u00e1ntas veces la Escritura ense\u00f1a que el Se\u00f1or nos conduce por caminos que no   sabemos, ni entendemos, aunque su final es glorioso?.<\/p>\n<p>  \u00a0<\/p>\n<p>  31 Agosto 2026<\/p>\n<p>  \u00a0<\/p>\n<p>  *Nueva Traducci\u00f3n Viviente<\/p>\n<div>  <\/div>\n<div>  <\/div>\n<\/p><\/div>\n<div><a href=\"https:\/\/elversiculodeldia.com\/blog\/?attachment_id=112295\"><img loading=\"lazy\" decoding=\"async\" src=\"https:\/\/elversiculodeldia.com\/blog\/wp-content\/uploads\/2026\/08\/No-os-toca-a-vosotros-saber-1.png\" alt=\"\" title=\"\" width=\"800\" height=\"500\" \/><\/a><\/div>\n<\/div>\n","protected":false},"excerpt":{"rendered":"<p>Hay que cuidarse \u00a0 \u00abAf\u00e9rrense a la palabra de vida; entonces, el d\u00eda que Cristo vuelva, me sentir\u00e9 orgulloso de no haber corrido la carrera en vano y de que mi trabajo no fue in\u00fatil\u00bb\u00a0Filipenses 2:16 NTV* \u00a0 He comenzado a toparme en las redes sociales con mucha bazofia disfrazada de \u201cconocimiento profundo\u201d, o \u201cexclusivo\u201d [&hellip;]<\/p>\n","protected":false},"author":237,"featured_media":112295,"comment_status":"open","ping_status":"open","sticky":false,"template":"","format":"standard","meta":{"tdm_status":"","tdm_grid_status":"","footnotes":""},"categories":[5],"tags":[],"class_list":{"0":"post-112294","1":"post","2":"type-post","3":"status-publish","4":"format-standard","5":"has-post-thumbnail","7":"category-reflexiones"},"yoast_head":"<!-- This site is optimized with the Yoast SEO plugin v27.5 - https:\/\/yoast.com\/product\/yoast-seo-wordpress\/ -->\n<title>Hay que cuidarse<\/title>\n<meta name=\"description\" content=\"Hay que cuidarse - El vers\u00edculo del d\u00eda\" \/>\n<meta name=\"robots\" content=\"index, follow, max-snippet:-1, max-image-preview:large, max-video-preview:-1\" \/>\n<link rel=\"canonical\" href=\"https:\/\/elversiculodeldia.com\/blog\/hay-que-cuidarse\/\" \/>\n<meta property=\"og:locale\" content=\"en_US\" \/>\n<meta property=\"og:type\" content=\"article\" \/>\n<meta property=\"og:title\" content=\"Hay que cuidarse\" \/>\n<meta property=\"og:description\" content=\"Hay que cuidarse - El vers\u00edculo del d\u00eda\" \/>\n<meta property=\"og:url\" content=\"https:\/\/elversiculodeldia.com\/blog\/hay-que-cuidarse\/\" \/>\n<meta property=\"og:site_name\" content=\"El vers\u00edculo del d\u00eda\" \/>\n<meta property=\"article:publisher\" content=\"https:\/\/www.facebook.com\/elversiculodeldia\" \/>\n<meta property=\"article:published_time\" content=\"2026-08-31T12:01:48+00:00\" \/>\n<meta property=\"article:modified_time\" content=\"2026-08-31T12:03:05+00:00\" \/>\n<meta property=\"og:image\" content=\"https:\/\/elversiculodeldia.com\/blog\/wp-content\/uploads\/2026\/08\/No-os-toca-a-vosotros-saber-1.png\" \/>\n\t<meta property=\"og:image:width\" content=\"800\" \/>\n\t<meta property=\"og:image:height\" content=\"500\" \/>\n\t<meta property=\"og:image:type\" content=\"image\/png\" \/>\n<meta name=\"author\" content=\"Marcos Andujar\" \/>\n<meta name=\"twitter:card\" content=\"summary_large_image\" \/>\n<meta name=\"twitter:creator\" content=\"@elversiculo\" \/>\n<meta name=\"twitter:site\" content=\"@elversiculo\" \/>\n<meta name=\"twitter:label1\" content=\"Written by\" \/>\n\t<meta name=\"twitter:data1\" content=\"Marcos Andujar\" \/>\n\t<meta name=\"twitter:label2\" content=\"Est. reading time\" \/>\n\t<meta name=\"twitter:data2\" content=\"1 minute\" \/>\n<script type=\"application\/ld+json\" class=\"yoast-schema-graph\">{\"@context\":\"https:\\\/\\\/schema.org\",\"@graph\":[{\"@type\":\"Article\",\"@id\":\"https:\\\/\\\/elversiculodeldia.com\\\/blog\\\/hay-que-cuidarse\\\/#article\",\"isPartOf\":{\"@id\":\"https:\\\/\\\/elversiculodeldia.com\\\/blog\\\/hay-que-cuidarse\\\/\"},\"author\":{\"name\":\"Marcos Andujar\",\"@id\":\"https:\\\/\\\/elversiculodeldia.com\\\/blog\\\/#\\\/schema\\\/person\\\/8a51da9cfd8288e671ba60d2abe7ef1c\"},\"headline\":\"Hay que cuidarse\",\"datePublished\":\"2026-08-31T12:01:48+00:00\",\"dateModified\":\"2026-08-31T12:03:05+00:00\",\"mainEntityOfPage\":{\"@id\":\"https:\\\/\\\/elversiculodeldia.com\\\/blog\\\/hay-que-cuidarse\\\/\"},\"wordCount\":231,\"commentCount\":0,\"publisher\":{\"@id\":\"https:\\\/\\\/elversiculodeldia.com\\\/blog\\\/#organization\"},\"image\":{\"@id\":\"https:\\\/\\\/elversiculodeldia.com\\\/blog\\\/hay-que-cuidarse\\\/#primaryimage\"},\"thumbnailUrl\":\"https:\\\/\\\/elversiculodeldia.com\\\/blog\\\/wp-content\\\/uploads\\\/2026\\\/08\\\/No-os-toca-a-vosotros-saber-1.png\",\"articleSection\":[\"Reflexiones\"],\"inLanguage\":\"en-US\",\"potentialAction\":[{\"@type\":\"CommentAction\",\"name\":\"Comment\",\"target\":[\"https:\\\/\\\/elversiculodeldia.com\\\/blog\\\/hay-que-cuidarse\\\/#respond\"]}]},{\"@type\":\"WebPage\",\"@id\":\"https:\\\/\\\/elversiculodeldia.com\\\/blog\\\/hay-que-cuidarse\\\/\",\"url\":\"https:\\\/\\\/elversiculodeldia.com\\\/blog\\\/hay-que-cuidarse\\\/\",\"name\":\"Hay que cuidarse\",\"isPartOf\":{\"@id\":\"https:\\\/\\\/elversiculodeldia.com\\\/blog\\\/#website\"},\"primaryImageOfPage\":{\"@id\":\"https:\\\/\\\/elversiculodeldia.com\\\/blog\\\/hay-que-cuidarse\\\/#primaryimage\"},\"image\":{\"@id\":\"https:\\\/\\\/elversiculodeldia.com\\\/blog\\\/hay-que-cuidarse\\\/#primaryimage\"},\"thumbnailUrl\":\"https:\\\/\\\/elversiculodeldia.com\\\/blog\\\/wp-content\\\/uploads\\\/2026\\\/08\\\/No-os-toca-a-vosotros-saber-1.png\",\"datePublished\":\"2026-08-31T12:01:48+00:00\",\"dateModified\":\"2026-08-31T12:03:05+00:00\",\"description\":\"Hay que cuidarse - El vers\u00edculo del d\u00eda\",\"inLanguage\":\"en-US\",\"potentialAction\":[{\"@type\":\"ReadAction\",\"target\":[\"https:\\\/\\\/elversiculodeldia.com\\\/blog\\\/hay-que-cuidarse\\\/\"]}]},{\"@type\":\"ImageObject\",\"inLanguage\":\"en-US\",\"@id\":\"https:\\\/\\\/elversiculodeldia.com\\\/blog\\\/hay-que-cuidarse\\\/#primaryimage\",\"url\":\"https:\\\/\\\/elversiculodeldia.com\\\/blog\\\/wp-content\\\/uploads\\\/2026\\\/08\\\/No-os-toca-a-vosotros-saber-1.png\",\"contentUrl\":\"https:\\\/\\\/elversiculodeldia.com\\\/blog\\\/wp-content\\\/uploads\\\/2026\\\/08\\\/No-os-toca-a-vosotros-saber-1.png\",\"width\":800,\"height\":500},{\"@type\":\"WebSite\",\"@id\":\"https:\\\/\\\/elversiculodeldia.com\\\/blog\\\/#website\",\"url\":\"https:\\\/\\\/elversiculodeldia.com\\\/blog\\\/\",\"name\":\"El Vers\u00edculo del D\u00eda\",\"description\":\"Llevando un vers\u00edculo de salvaci\u00f3n a cada coraz\u00f3n!\",\"publisher\":{\"@id\":\"https:\\\/\\\/elversiculodeldia.com\\\/blog\\\/#organization\"},\"potentialAction\":[{\"@type\":\"SearchAction\",\"target\":{\"@type\":\"EntryPoint\",\"urlTemplate\":\"https:\\\/\\\/elversiculodeldia.com\\\/blog\\\/?s={search_term_string}\"},\"query-input\":{\"@type\":\"PropertyValueSpecification\",\"valueRequired\":true,\"valueName\":\"search_term_string\"}}],\"inLanguage\":\"en-US\"},{\"@type\":\"Organization\",\"@id\":\"https:\\\/\\\/elversiculodeldia.com\\\/blog\\\/#organization\",\"name\":\"El Versiculo del Dia\",\"url\":\"https:\\\/\\\/elversiculodeldia.com\\\/blog\\\/\",\"logo\":{\"@type\":\"ImageObject\",\"inLanguage\":\"en-US\",\"@id\":\"https:\\\/\\\/elversiculodeldia.com\\\/blog\\\/#\\\/schema\\\/logo\\\/image\\\/\",\"url\":\"https:\\\/\\\/elversiculodeldia.com\\\/blog\\\/wp-content\\\/uploads\\\/2017\\\/04\\\/logoOficialEVD.png\",\"contentUrl\":\"https:\\\/\\\/elversiculodeldia.com\\\/blog\\\/wp-content\\\/uploads\\\/2017\\\/04\\\/logoOficialEVD.png\",\"width\":400,\"height\":100,\"caption\":\"El Versiculo del Dia\"},\"image\":{\"@id\":\"https:\\\/\\\/elversiculodeldia.com\\\/blog\\\/#\\\/schema\\\/logo\\\/image\\\/\"},\"sameAs\":[\"https:\\\/\\\/www.facebook.com\\\/elversiculodeldia\",\"https:\\\/\\\/x.com\\\/elversiculo\",\"https:\\\/\\\/www.instagram.com\\\/elversiculo\",\"https:\\\/\\\/www.youtube.com\\\/user\\\/elversiculodeldia\",\"https:\\\/\\\/chat.whatsapp.com\\\/HreYiXZFT8e0tZUmqriKfb\"]},{\"@type\":\"Person\",\"@id\":\"https:\\\/\\\/elversiculodeldia.com\\\/blog\\\/#\\\/schema\\\/person\\\/8a51da9cfd8288e671ba60d2abe7ef1c\",\"name\":\"Marcos Andujar\",\"image\":{\"@type\":\"ImageObject\",\"inLanguage\":\"en-US\",\"@id\":\"https:\\\/\\\/elversiculodeldia.com\\\/blog\\\/wp-content\\\/uploads\\\/2026\\\/01\\\/Marcos.jpg\",\"url\":\"https:\\\/\\\/elversiculodeldia.com\\\/blog\\\/wp-content\\\/uploads\\\/2026\\\/01\\\/Marcos.jpg\",\"contentUrl\":\"https:\\\/\\\/elversiculodeldia.com\\\/blog\\\/wp-content\\\/uploads\\\/2026\\\/01\\\/Marcos.jpg\",\"caption\":\"Marcos Andujar\"},\"sameAs\":[\"https:\\\/\\\/elversiculodeldia.com\\\/\"],\"url\":\"https:\\\/\\\/elversiculodeldia.com\\\/blog\\\/author\\\/marcosandujar\\\/\"}]}<\/script>\n<!-- \/ Yoast SEO plugin. -->","yoast_head_json":{"title":"Hay que cuidarse","description":"Hay que cuidarse - El vers\u00edculo del d\u00eda","robots":{"index":"index","follow":"follow","max-snippet":"max-snippet:-1","max-image-preview":"max-image-preview:large","max-video-preview":"max-video-preview:-1"},"canonical":"https:\/\/elversiculodeldia.com\/blog\/hay-que-cuidarse\/","og_locale":"en_US","og_type":"article","og_title":"Hay que cuidarse","og_description":"Hay que cuidarse - El vers\u00edculo del d\u00eda","og_url":"https:\/\/elversiculodeldia.com\/blog\/hay-que-cuidarse\/","og_site_name":"El vers\u00edculo del d\u00eda","article_publisher":"https:\/\/www.facebook.com\/elversiculodeldia","article_published_time":"2026-08-31T12:01:48+00:00","article_modified_time":"2026-08-31T12:03:05+00:00","og_image":[{"width":800,"height":500,"url":"https:\/\/elversiculodeldia.com\/blog\/wp-content\/uploads\/2026\/08\/No-os-toca-a-vosotros-saber-1.png","type":"image\/png"}],"author":"Marcos Andujar","twitter_card":"summary_large_image","twitter_creator":"@elversiculo","twitter_site":"@elversiculo","twitter_misc":{"Written by":"Marcos Andujar","Est. reading time":"1 minute"},"schema":{"@context":"https:\/\/schema.org","@graph":[{"@type":"Article","@id":"https:\/\/elversiculodeldia.com\/blog\/hay-que-cuidarse\/#article","isPartOf":{"@id":"https:\/\/elversiculodeldia.com\/blog\/hay-que-cuidarse\/"},"author":{"name":"Marcos Andujar","@id":"https:\/\/elversiculodeldia.com\/blog\/#\/schema\/person\/8a51da9cfd8288e671ba60d2abe7ef1c"},"headline":"Hay que cuidarse","datePublished":"2026-08-31T12:01:48+00:00","dateModified":"2026-08-31T12:03:05+00:00","mainEntityOfPage":{"@id":"https:\/\/elversiculodeldia.com\/blog\/hay-que-cuidarse\/"},"wordCount":231,"commentCount":0,"publisher":{"@id":"https:\/\/elversiculodeldia.com\/blog\/#organization"},"image":{"@id":"https:\/\/elversiculodeldia.com\/blog\/hay-que-cuidarse\/#primaryimage"},"thumbnailUrl":"https:\/\/elversiculodeldia.com\/blog\/wp-content\/uploads\/2026\/08\/No-os-toca-a-vosotros-saber-1.png","articleSection":["Reflexiones"],"inLanguage":"en-US","potentialAction":[{"@type":"CommentAction","name":"Comment","target":["https:\/\/elversiculodeldia.com\/blog\/hay-que-cuidarse\/#respond"]}]},{"@type":"WebPage","@id":"https:\/\/elversiculodeldia.com\/blog\/hay-que-cuidarse\/","url":"https:\/\/elversiculodeldia.com\/blog\/hay-que-cuidarse\/","name":"Hay que cuidarse","isPartOf":{"@id":"https:\/\/elversiculodeldia.com\/blog\/#website"},"primaryImageOfPage":{"@id":"https:\/\/elversiculodeldia.com\/blog\/hay-que-cuidarse\/#primaryimage"},"image":{"@id":"https:\/\/elversiculodeldia.com\/blog\/hay-que-cuidarse\/#primaryimage"},"thumbnailUrl":"https:\/\/elversiculodeldia.com\/blog\/wp-content\/uploads\/2026\/08\/No-os-toca-a-vosotros-saber-1.png","datePublished":"2026-08-31T12:01:48+00:00","dateModified":"2026-08-31T12:03:05+00:00","description":"Hay que cuidarse - El vers\u00edculo del d\u00eda","inLanguage":"en-US","potentialAction":[{"@type":"ReadAction","target":["https:\/\/elversiculodeldia.com\/blog\/hay-que-cuidarse\/"]}]},{"@type":"ImageObject","inLanguage":"en-US","@id":"https:\/\/elversiculodeldia.com\/blog\/hay-que-cuidarse\/#primaryimage","url":"https:\/\/elversiculodeldia.com\/blog\/wp-content\/uploads\/2026\/08\/No-os-toca-a-vosotros-saber-1.png","contentUrl":"https:\/\/elversiculodeldia.com\/blog\/wp-content\/uploads\/2026\/08\/No-os-toca-a-vosotros-saber-1.png","width":800,"height":500},{"@type":"WebSite","@id":"https:\/\/elversiculodeldia.com\/blog\/#website","url":"https:\/\/elversiculodeldia.com\/blog\/","name":"El Vers\u00edculo del D\u00eda","description":"Llevando un vers\u00edculo de salvaci\u00f3n a cada coraz\u00f3n!","publisher":{"@id":"https:\/\/elversiculodeldia.com\/blog\/#organization"},"potentialAction":[{"@type":"SearchAction","target":{"@type":"EntryPoint","urlTemplate":"https:\/\/elversiculodeldia.com\/blog\/?s={search_term_string}"},"query-input":{"@type":"PropertyValueSpecification","valueRequired":true,"valueName":"search_term_string"}}],"inLanguage":"en-US"},{"@type":"Organization","@id":"https:\/\/elversiculodeldia.com\/blog\/#organization","name":"El Versiculo del Dia","url":"https:\/\/elversiculodeldia.com\/blog\/","logo":{"@type":"ImageObject","inLanguage":"en-US","@id":"https:\/\/elversiculodeldia.com\/blog\/#\/schema\/logo\/image\/","url":"https:\/\/elversiculodeldia.com\/blog\/wp-content\/uploads\/2017\/04\/logoOficialEVD.png","contentUrl":"https:\/\/elversiculodeldia.com\/blog\/wp-content\/uploads\/2017\/04\/logoOficialEVD.png","width":400,"height":100,"caption":"El Versiculo del Dia"},"image":{"@id":"https:\/\/elversiculodeldia.com\/blog\/#\/schema\/logo\/image\/"},"sameAs":["https:\/\/www.facebook.com\/elversiculodeldia","https:\/\/x.com\/elversiculo","https:\/\/www.instagram.com\/elversiculo","https:\/\/www.youtube.com\/user\/elversiculodeldia","https:\/\/chat.whatsapp.com\/HreYiXZFT8e0tZUmqriKfb"]},{"@type":"Person","@id":"https:\/\/elversiculodeldia.com\/blog\/#\/schema\/person\/8a51da9cfd8288e671ba60d2abe7ef1c","name":"Marcos Andujar","image":{"@type":"ImageObject","inLanguage":"en-US","@id":"https:\/\/elversiculodeldia.com\/blog\/wp-content\/uploads\/2026\/01\/Marcos.jpg","url":"https:\/\/elversiculodeldia.com\/blog\/wp-content\/uploads\/2026\/01\/Marcos.jpg","contentUrl":"https:\/\/elversiculodeldia.com\/blog\/wp-content\/uploads\/2026\/01\/Marcos.jpg","caption":"Marcos Andujar"},"sameAs":["https:\/\/elversiculodeldia.com\/"],"url":"https:\/\/elversiculodeldia.com\/blog\/author\/marcosandujar\/"}]}},"amp_enabled":true,"_links":{"self":[{"href":"https:\/\/elversiculodeldia.com\/blog\/wp-json\/wp\/v2\/posts\/112294","targetHints":{"allow":["GET"]}}],"collection":[{"href":"https:\/\/elversiculodeldia.com\/blog\/wp-json\/wp\/v2\/posts"}],"about":[{"href":"https:\/\/elversiculodeldia.com\/blog\/wp-json\/wp\/v2\/types\/post"}],"author":[{"embeddable":true,"href":"https:\/\/elversiculodeldia.com\/blog\/wp-json\/wp\/v2\/users\/237"}],"replies":[{"embeddable":true,"href":"https:\/\/elversiculodeldia.com\/blog\/wp-json\/wp\/v2\/comments?post=112294"}],"version-history":[{"count":0,"href":"https:\/\/elversiculodeldia.com\/blog\/wp-json\/wp\/v2\/posts\/112294\/revisions"}],"wp:featuredmedia":[{"embeddable":true,"href":"https:\/\/elversiculodeldia.com\/blog\/wp-json\/wp\/v2\/media\/112295"}],"wp:attachment":[{"href":"https:\/\/elversiculodeldia.com\/blog\/wp-json\/wp\/v2\/media?parent=112294"}],"wp:term":[{"taxonomy":"category","embeddable":true,"href":"https:\/\/elversiculodeldia.com\/blog\/wp-json\/wp\/v2\/categories?post=112294"},{"taxonomy":"post_tag","embeddable":true,"href":"https:\/\/elversiculodeldia.com\/blog\/wp-json\/wp\/v2\/tags?post=112294"}],"curies":[{"name":"wp","href":"https:\/\/api.w.org\/{rel}","templated":true}]}}