{"id":112289,"date":"2026-08-30T20:59:17","date_gmt":"2026-08-31T00:59:17","guid":{"rendered":"https:\/\/elversiculodeldia.com\/blog\/?p=112289"},"modified":"2026-08-30T21:03:05","modified_gmt":"2026-08-31T01:03:05","slug":"el-pensamiento-del-dia-2509","status":"publish","type":"post","link":"https:\/\/elversiculodeldia.com\/blog\/el-pensamiento-del-dia-2509\/","title":{"rendered":"El pensamiento del D\u00eda"},"content":{"rendered":"<div>\n<div>\n<div>\n<p>\u00a0<\/p>\n<p align=\"center\">  <b>En medio de la tormenta, Cristo sigue teniendo  <\/b><\/p>\n<p><b><\/b><\/p>\n<p><b><\/b>  <\/p>\n<p align=\"center\">  <b>el control. Las dificultades pueden parecer m\u00e1s grandes  <\/b><\/p>\n<p><b><\/b><\/p>\n<p><b><\/b>  <\/p>\n<p align=\"center\">  <b>que nuestras fuerzas, pero nunca son m\u00e1s grandes que<\/b><\/p>\n<p><b><\/b><\/p>\n<p><b><\/b>  <\/p>\n<p align=\"center\">  <b>el poder de Dios. Cuando confiamos en \u00c9l, encontramos  <\/b><\/p>\n<p><b><\/b><\/p>\n<p><b><\/b>  <\/p>\n<p align=\"center\">  <b>paz aun en medio de la incertidumbre.<\/b><\/p>\n<p><b><\/b><\/p>\n<p><b><\/b>  <\/p>\n<p align=\"center\">  <b><\/b><\/p>\n<p><b>\u00a0<\/b><\/p>\n<p><b><\/b>  <\/p>\n<p align=\"center\">  <b>Cuando cruces las aguas, yo estar\u00e9 contigo;  <\/b><\/p>\n<p><b><\/b><\/p>\n<p><b><\/b>  <\/p>\n<p align=\"center\">  <b>y si por los r\u00edos, no te anegar\u00e1n.  <\/b><\/p>\n<p><b><\/b><\/p>\n<p><b><\/b>  <\/p>\n<p align=\"center\">  <b>Isa\u00edas 43:2<\/b><\/p>\n<p><b><\/b><\/p>\n<p><b><\/b>  <\/p>\n<p>\u00a0<\/p>\n<\/p><\/div>\n<\/p><\/div>\n<\/div>\n","protected":false},"excerpt":{"rendered":"<p>\u00a0 En medio de la tormenta, Cristo sigue teniendo el control. Las dificultades pueden parecer m\u00e1s grandes que nuestras fuerzas, pero nunca son m\u00e1s grandes que el poder de Dios. Cuando confiamos en \u00c9l, encontramos paz aun en medio de la incertidumbre. \u00a0 Cuando cruces las aguas, yo estar\u00e9 contigo; y si por los r\u00edos, [&hellip;]<\/p>\n","protected":false},"author":26,"featured_media":0,"comment_status":"open","ping_status":"open","sticky":false,"template":"","format":"standard","meta":{"tdm_status":"","tdm_grid_status":"","footnotes":""},"categories":[5],"tags":[],"class_list":{"0":"post-112289","1":"post","2":"type-post","3":"status-publish","4":"format-standard","6":"category-reflexiones"},"yoast_head":"<!-- This site is optimized with the Yoast SEO plugin v27.5 - https:\/\/yoast.com\/product\/yoast-seo-wordpress\/ -->\n<title>El pensamiento del D\u00eda<\/title>\n<meta name=\"description\" content=\"El pensamiento del D\u00eda - El vers\u00edculo del d\u00eda\" \/>\n<meta name=\"robots\" content=\"index, follow, max-snippet:-1, max-image-preview:large, max-video-preview:-1\" \/>\n<link rel=\"canonical\" href=\"https:\/\/elversiculodeldia.com\/blog\/el-pensamiento-del-dia-2509\/\" \/>\n<meta property=\"og:locale\" content=\"en_US\" \/>\n<meta property=\"og:type\" content=\"article\" \/>\n<meta property=\"og:title\" content=\"El pensamiento del D\u00eda\" \/>\n<meta property=\"og:description\" content=\"El pensamiento del D\u00eda - El vers\u00edculo del d\u00eda\" \/>\n<meta property=\"og:url\" content=\"https:\/\/elversiculodeldia.com\/blog\/el-pensamiento-del-dia-2509\/\" \/>\n<meta property=\"og:site_name\" content=\"El vers\u00edculo del d\u00eda\" \/>\n<meta property=\"article:publisher\" content=\"https:\/\/www.facebook.com\/elversiculodeldia\" \/>\n<meta property=\"article:published_time\" content=\"2026-08-31T00:59:17+00:00\" \/>\n<meta property=\"article:modified_time\" content=\"2026-08-31T01:03:05+00:00\" \/>\n<meta property=\"og:image\" content=\"https:\/\/elversiculodeldia.com\/blog\/wp-content\/uploads\/2025\/08\/imagen-seo-el-versiculo-del-dia.jpg\" \/>\n\t<meta property=\"og:image:width\" content=\"1200\" \/>\n\t<meta property=\"og:image:height\" content=\"675\" \/>\n\t<meta property=\"og:image:type\" content=\"image\/jpeg\" \/>\n<meta name=\"author\" content=\"Analidis Alvarez\" \/>\n<meta name=\"twitter:card\" content=\"summary_large_image\" \/>\n<meta name=\"twitter:creator\" content=\"@elversiculo\" \/>\n<meta name=\"twitter:site\" content=\"@elversiculo\" \/>\n<meta name=\"twitter:label1\" content=\"Written by\" \/>\n\t<meta name=\"twitter:data1\" content=\"Analidis Alvarez\" \/>\n<script type=\"application\/ld+json\" class=\"yoast-schema-graph\">{\"@context\":\"https:\\\/\\\/schema.org\",\"@graph\":[{\"@type\":\"Article\",\"@id\":\"https:\\\/\\\/elversiculodeldia.com\\\/blog\\\/el-pensamiento-del-dia-2509\\\/#article\",\"isPartOf\":{\"@id\":\"https:\\\/\\\/elversiculodeldia.com\\\/blog\\\/el-pensamiento-del-dia-2509\\\/\"},\"author\":{\"name\":\"Analidis Alvarez\",\"@id\":\"https:\\\/\\\/elversiculodeldia.com\\\/blog\\\/#\\\/schema\\\/person\\\/ff7461419a57b603c2348187cbb90004\"},\"headline\":\"El pensamiento del D\u00eda\",\"datePublished\":\"2026-08-31T00:59:17+00:00\",\"dateModified\":\"2026-08-31T01:03:05+00:00\",\"mainEntityOfPage\":{\"@id\":\"https:\\\/\\\/elversiculodeldia.com\\\/blog\\\/el-pensamiento-del-dia-2509\\\/\"},\"wordCount\":67,\"commentCount\":0,\"publisher\":{\"@id\":\"https:\\\/\\\/elversiculodeldia.com\\\/blog\\\/#organization\"},\"articleSection\":[\"Reflexiones\"],\"inLanguage\":\"en-US\",\"potentialAction\":[{\"@type\":\"CommentAction\",\"name\":\"Comment\",\"target\":[\"https:\\\/\\\/elversiculodeldia.com\\\/blog\\\/el-pensamiento-del-dia-2509\\\/#respond\"]}]},{\"@type\":\"WebPage\",\"@id\":\"https:\\\/\\\/elversiculodeldia.com\\\/blog\\\/el-pensamiento-del-dia-2509\\\/\",\"url\":\"https:\\\/\\\/elversiculodeldia.com\\\/blog\\\/el-pensamiento-del-dia-2509\\\/\",\"name\":\"El pensamiento del D\u00eda\",\"isPartOf\":{\"@id\":\"https:\\\/\\\/elversiculodeldia.com\\\/blog\\\/#website\"},\"datePublished\":\"2026-08-31T00:59:17+00:00\",\"dateModified\":\"2026-08-31T01:03:05+00:00\",\"description\":\"El pensamiento del D\u00eda - El vers\u00edculo del d\u00eda\",\"inLanguage\":\"en-US\",\"potentialAction\":[{\"@type\":\"ReadAction\",\"target\":[\"https:\\\/\\\/elversiculodeldia.com\\\/blog\\\/el-pensamiento-del-dia-2509\\\/\"]}]},{\"@type\":\"WebSite\",\"@id\":\"https:\\\/\\\/elversiculodeldia.com\\\/blog\\\/#website\",\"url\":\"https:\\\/\\\/elversiculodeldia.com\\\/blog\\\/\",\"name\":\"El Vers\u00edculo del D\u00eda\",\"description\":\"Llevando un vers\u00edculo de salvaci\u00f3n a cada coraz\u00f3n!\",\"publisher\":{\"@id\":\"https:\\\/\\\/elversiculodeldia.com\\\/blog\\\/#organization\"},\"potentialAction\":[{\"@type\":\"SearchAction\",\"target\":{\"@type\":\"EntryPoint\",\"urlTemplate\":\"https:\\\/\\\/elversiculodeldia.com\\\/blog\\\/?s={search_term_string}\"},\"query-input\":{\"@type\":\"PropertyValueSpecification\",\"valueRequired\":true,\"valueName\":\"search_term_string\"}}],\"inLanguage\":\"en-US\"},{\"@type\":\"Organization\",\"@id\":\"https:\\\/\\\/elversiculodeldia.com\\\/blog\\\/#organization\",\"name\":\"El Versiculo del Dia\",\"url\":\"https:\\\/\\\/elversiculodeldia.com\\\/blog\\\/\",\"logo\":{\"@type\":\"ImageObject\",\"inLanguage\":\"en-US\",\"@id\":\"https:\\\/\\\/elversiculodeldia.com\\\/blog\\\/#\\\/schema\\\/logo\\\/image\\\/\",\"url\":\"https:\\\/\\\/elversiculodeldia.com\\\/blog\\\/wp-content\\\/uploads\\\/2017\\\/04\\\/logoOficialEVD.png\",\"contentUrl\":\"https:\\\/\\\/elversiculodeldia.com\\\/blog\\\/wp-content\\\/uploads\\\/2017\\\/04\\\/logoOficialEVD.png\",\"width\":400,\"height\":100,\"caption\":\"El Versiculo del Dia\"},\"image\":{\"@id\":\"https:\\\/\\\/elversiculodeldia.com\\\/blog\\\/#\\\/schema\\\/logo\\\/image\\\/\"},\"sameAs\":[\"https:\\\/\\\/www.facebook.com\\\/elversiculodeldia\",\"https:\\\/\\\/x.com\\\/elversiculo\",\"https:\\\/\\\/www.instagram.com\\\/elversiculo\",\"https:\\\/\\\/www.youtube.com\\\/user\\\/elversiculodeldia\",\"https:\\\/\\\/chat.whatsapp.com\\\/HreYiXZFT8e0tZUmqriKfb\"]},{\"@type\":\"Person\",\"@id\":\"https:\\\/\\\/elversiculodeldia.com\\\/blog\\\/#\\\/schema\\\/person\\\/ff7461419a57b603c2348187cbb90004\",\"name\":\"Analidis Alvarez\",\"image\":{\"@type\":\"ImageObject\",\"inLanguage\":\"en-US\",\"@id\":\"https:\\\/\\\/elversiculodeldia.com\\\/blog\\\/wp-content\\\/uploads\\\/2020\\\/01\\\/useraa.png\",\"url\":\"https:\\\/\\\/elversiculodeldia.com\\\/blog\\\/wp-content\\\/uploads\\\/2020\\\/01\\\/useraa.png\",\"contentUrl\":\"https:\\\/\\\/elversiculodeldia.com\\\/blog\\\/wp-content\\\/uploads\\\/2020\\\/01\\\/useraa.png\",\"caption\":\"Analidis Alvarez\"},\"description\":\"Salva por la gracia de Dios!\",\"sameAs\":[\"http:\\\/\\\/www.elversiculodeldia.com\"],\"url\":\"https:\\\/\\\/elversiculodeldia.com\\\/blog\\\/author\\\/analidis\\\/\"}]}<\/script>\n<!-- \/ Yoast SEO plugin. -->","yoast_head_json":{"title":"El pensamiento del D\u00eda","description":"El pensamiento del D\u00eda - El vers\u00edculo del d\u00eda","robots":{"index":"index","follow":"follow","max-snippet":"max-snippet:-1","max-image-preview":"max-image-preview:large","max-video-preview":"max-video-preview:-1"},"canonical":"https:\/\/elversiculodeldia.com\/blog\/el-pensamiento-del-dia-2509\/","og_locale":"en_US","og_type":"article","og_title":"El pensamiento del D\u00eda","og_description":"El pensamiento del D\u00eda - El vers\u00edculo del d\u00eda","og_url":"https:\/\/elversiculodeldia.com\/blog\/el-pensamiento-del-dia-2509\/","og_site_name":"El vers\u00edculo del d\u00eda","article_publisher":"https:\/\/www.facebook.com\/elversiculodeldia","article_published_time":"2026-08-31T00:59:17+00:00","article_modified_time":"2026-08-31T01:03:05+00:00","og_image":[{"width":1200,"height":675,"url":"https:\/\/elversiculodeldia.com\/blog\/wp-content\/uploads\/2025\/08\/imagen-seo-el-versiculo-del-dia.jpg","type":"image\/jpeg"}],"author":"Analidis Alvarez","twitter_card":"summary_large_image","twitter_creator":"@elversiculo","twitter_site":"@elversiculo","twitter_misc":{"Written by":"Analidis Alvarez"},"schema":{"@context":"https:\/\/schema.org","@graph":[{"@type":"Article","@id":"https:\/\/elversiculodeldia.com\/blog\/el-pensamiento-del-dia-2509\/#article","isPartOf":{"@id":"https:\/\/elversiculodeldia.com\/blog\/el-pensamiento-del-dia-2509\/"},"author":{"name":"Analidis Alvarez","@id":"https:\/\/elversiculodeldia.com\/blog\/#\/schema\/person\/ff7461419a57b603c2348187cbb90004"},"headline":"El pensamiento del D\u00eda","datePublished":"2026-08-31T00:59:17+00:00","dateModified":"2026-08-31T01:03:05+00:00","mainEntityOfPage":{"@id":"https:\/\/elversiculodeldia.com\/blog\/el-pensamiento-del-dia-2509\/"},"wordCount":67,"commentCount":0,"publisher":{"@id":"https:\/\/elversiculodeldia.com\/blog\/#organization"},"articleSection":["Reflexiones"],"inLanguage":"en-US","potentialAction":[{"@type":"CommentAction","name":"Comment","target":["https:\/\/elversiculodeldia.com\/blog\/el-pensamiento-del-dia-2509\/#respond"]}]},{"@type":"WebPage","@id":"https:\/\/elversiculodeldia.com\/blog\/el-pensamiento-del-dia-2509\/","url":"https:\/\/elversiculodeldia.com\/blog\/el-pensamiento-del-dia-2509\/","name":"El pensamiento del D\u00eda","isPartOf":{"@id":"https:\/\/elversiculodeldia.com\/blog\/#website"},"datePublished":"2026-08-31T00:59:17+00:00","dateModified":"2026-08-31T01:03:05+00:00","description":"El pensamiento del D\u00eda - El vers\u00edculo del d\u00eda","inLanguage":"en-US","potentialAction":[{"@type":"ReadAction","target":["https:\/\/elversiculodeldia.com\/blog\/el-pensamiento-del-dia-2509\/"]}]},{"@type":"WebSite","@id":"https:\/\/elversiculodeldia.com\/blog\/#website","url":"https:\/\/elversiculodeldia.com\/blog\/","name":"El Vers\u00edculo del D\u00eda","description":"Llevando un vers\u00edculo de salvaci\u00f3n a cada coraz\u00f3n!","publisher":{"@id":"https:\/\/elversiculodeldia.com\/blog\/#organization"},"potentialAction":[{"@type":"SearchAction","target":{"@type":"EntryPoint","urlTemplate":"https:\/\/elversiculodeldia.com\/blog\/?s={search_term_string}"},"query-input":{"@type":"PropertyValueSpecification","valueRequired":true,"valueName":"search_term_string"}}],"inLanguage":"en-US"},{"@type":"Organization","@id":"https:\/\/elversiculodeldia.com\/blog\/#organization","name":"El Versiculo del Dia","url":"https:\/\/elversiculodeldia.com\/blog\/","logo":{"@type":"ImageObject","inLanguage":"en-US","@id":"https:\/\/elversiculodeldia.com\/blog\/#\/schema\/logo\/image\/","url":"https:\/\/elversiculodeldia.com\/blog\/wp-content\/uploads\/2017\/04\/logoOficialEVD.png","contentUrl":"https:\/\/elversiculodeldia.com\/blog\/wp-content\/uploads\/2017\/04\/logoOficialEVD.png","width":400,"height":100,"caption":"El Versiculo del Dia"},"image":{"@id":"https:\/\/elversiculodeldia.com\/blog\/#\/schema\/logo\/image\/"},"sameAs":["https:\/\/www.facebook.com\/elversiculodeldia","https:\/\/x.com\/elversiculo","https:\/\/www.instagram.com\/elversiculo","https:\/\/www.youtube.com\/user\/elversiculodeldia","https:\/\/chat.whatsapp.com\/HreYiXZFT8e0tZUmqriKfb"]},{"@type":"Person","@id":"https:\/\/elversiculodeldia.com\/blog\/#\/schema\/person\/ff7461419a57b603c2348187cbb90004","name":"Analidis Alvarez","image":{"@type":"ImageObject","inLanguage":"en-US","@id":"https:\/\/elversiculodeldia.com\/blog\/wp-content\/uploads\/2020\/01\/useraa.png","url":"https:\/\/elversiculodeldia.com\/blog\/wp-content\/uploads\/2020\/01\/useraa.png","contentUrl":"https:\/\/elversiculodeldia.com\/blog\/wp-content\/uploads\/2020\/01\/useraa.png","caption":"Analidis Alvarez"},"description":"Salva por la gracia de Dios!","sameAs":["http:\/\/www.elversiculodeldia.com"],"url":"https:\/\/elversiculodeldia.com\/blog\/author\/analidis\/"}]}},"amp_enabled":true,"_links":{"self":[{"href":"https:\/\/elversiculodeldia.com\/blog\/wp-json\/wp\/v2\/posts\/112289","targetHints":{"allow":["GET"]}}],"collection":[{"href":"https:\/\/elversiculodeldia.com\/blog\/wp-json\/wp\/v2\/posts"}],"about":[{"href":"https:\/\/elversiculodeldia.com\/blog\/wp-json\/wp\/v2\/types\/post"}],"author":[{"embeddable":true,"href":"https:\/\/elversiculodeldia.com\/blog\/wp-json\/wp\/v2\/users\/26"}],"replies":[{"embeddable":true,"href":"https:\/\/elversiculodeldia.com\/blog\/wp-json\/wp\/v2\/comments?post=112289"}],"version-history":[{"count":0,"href":"https:\/\/elversiculodeldia.com\/blog\/wp-json\/wp\/v2\/posts\/112289\/revisions"}],"wp:attachment":[{"href":"https:\/\/elversiculodeldia.com\/blog\/wp-json\/wp\/v2\/media?parent=112289"}],"wp:term":[{"taxonomy":"category","embeddable":true,"href":"https:\/\/elversiculodeldia.com\/blog\/wp-json\/wp\/v2\/categories?post=112289"},{"taxonomy":"post_tag","embeddable":true,"href":"https:\/\/elversiculodeldia.com\/blog\/wp-json\/wp\/v2\/tags?post=112289"}],"curies":[{"name":"wp","href":"https:\/\/api.w.org\/{rel}","templated":true}]}}