{"id":112284,"date":"2026-08-30T06:55:47","date_gmt":"2026-08-30T10:55:47","guid":{"rendered":"https:\/\/elversiculodeldia.com\/blog\/?p=112284"},"modified":"2026-08-30T07:03:06","modified_gmt":"2026-08-30T11:03:06","slug":"de-que-me-cuido","status":"publish","type":"post","link":"https:\/\/elversiculodeldia.com\/blog\/de-que-me-cuido\/","title":{"rendered":"De qu\u00e9 me cuido"},"content":{"rendered":"<div>\n<div>  <img decoding=\"async\" src=\"https:\/\/elversiculodeldia.com\/blog\/wp-content\/uploads\/2026\/08\/Ordena-mis-pasos-con-tu-palabra-para-que-el-pecado-no-me-domine-1.png\" alt=\"Ordena mis pasos con tu palabra, para que el pecado no me domine.png\" width=\"675\" \/>    <\/p>\n<div>  <\/div>\n<div>  <\/div>\n<p>  De qu\u00e9 me cuido<\/p>\n<p>  \u00a0<\/p>\n<p>  \u00abLleven una vida limpia e inocente como corresponde a hijos de Dios y brillen como luces radiantes en un mundo lleno de gente perversa y corrupta\u00bb\u00a0Filipenses   2:15 NTV*<\/p>\n<p>  \u00a0<\/p>\n<p>  \u00bfC\u00f3mo discriminamos a la gente perversa y corrupta? La simple observaci\u00f3n del comportamiento y los resultados de su conducta dejan en evidencia los caminos de cada quien.   Aunque hay quienes saben disimularlo muy bien. Al menos por un tiempo.<\/p>\n<p>  \u00a0<\/p>\n<p>  Ahora bien, si yo observo el comportamiento de alguien, y concluyo que es una persona \u201cperversa y corrupta\u201d, \u00bfestoy yo crey\u00e9ndome m\u00e1s santo o mejor que ella por esto?. \u00bfEstoy   \u201cjuzgando\u201d a tal persona?. Si no conozco el car\u00e1cter corrupto y perverso del hombre \u00bfc\u00f3mo me cuido de no caer en eso?.<\/p>\n<p>  \u00a0<\/p>\n<p>  Pienso que la perversidad y la corrupci\u00f3n de la persona se demuestra y confirma en, precisamente, la actitud perseverante en la maldad que produce la huida hacia delante   de tal persona al momento que es se\u00f1alada.<\/p>\n<p>  \u00a0<\/p>\n<p>  30 Agosto 2026<\/p>\n<p>  \u00a0<\/p>\n<p>  *Nueva Traducci\u00f3n Viviente<\/p>\n<div>  <\/div>\n<div>  <\/div>\n<\/p><\/div>\n<div><a href=\"https:\/\/elversiculodeldia.com\/blog\/?attachment_id=112285\"><img loading=\"lazy\" decoding=\"async\" src=\"https:\/\/elversiculodeldia.com\/blog\/wp-content\/uploads\/2026\/08\/Ordena-mis-pasos-con-tu-palabra-para-que-el-pecado-no-me-domine.png\" alt=\"\" title=\"\" width=\"900\" height=\"600\" \/><\/a><\/div>\n<\/div>\n","protected":false},"excerpt":{"rendered":"<p>De qu\u00e9 me cuido \u00a0 \u00abLleven una vida limpia e inocente como corresponde a hijos de Dios y brillen como luces radiantes en un mundo lleno de gente perversa y corrupta\u00bb\u00a0Filipenses 2:15 NTV* \u00a0 \u00bfC\u00f3mo discriminamos a la gente perversa y corrupta? La simple observaci\u00f3n del comportamiento y los resultados de su conducta dejan en [&hellip;]<\/p>\n","protected":false},"author":237,"featured_media":112285,"comment_status":"open","ping_status":"open","sticky":false,"template":"","format":"standard","meta":{"tdm_status":"","tdm_grid_status":"","footnotes":""},"categories":[5],"tags":[],"class_list":{"0":"post-112284","1":"post","2":"type-post","3":"status-publish","4":"format-standard","5":"has-post-thumbnail","7":"category-reflexiones"},"yoast_head":"<!-- This site is optimized with the Yoast SEO plugin v27.5 - https:\/\/yoast.com\/product\/yoast-seo-wordpress\/ -->\n<title>De qu\u00e9 me cuido<\/title>\n<meta name=\"description\" content=\"De qu\u00e9 me cuido - El vers\u00edculo del d\u00eda\" \/>\n<meta name=\"robots\" content=\"index, follow, max-snippet:-1, max-image-preview:large, max-video-preview:-1\" \/>\n<link rel=\"canonical\" href=\"https:\/\/elversiculodeldia.com\/blog\/de-que-me-cuido\/\" \/>\n<meta property=\"og:locale\" content=\"en_US\" \/>\n<meta property=\"og:type\" content=\"article\" \/>\n<meta property=\"og:title\" content=\"De qu\u00e9 me cuido\" \/>\n<meta property=\"og:description\" content=\"De qu\u00e9 me cuido - El vers\u00edculo del d\u00eda\" \/>\n<meta property=\"og:url\" content=\"https:\/\/elversiculodeldia.com\/blog\/de-que-me-cuido\/\" \/>\n<meta property=\"og:site_name\" content=\"El vers\u00edculo del d\u00eda\" \/>\n<meta property=\"article:publisher\" content=\"https:\/\/www.facebook.com\/elversiculodeldia\" \/>\n<meta property=\"article:published_time\" content=\"2026-08-30T10:55:47+00:00\" \/>\n<meta property=\"article:modified_time\" content=\"2026-08-30T11:03:06+00:00\" \/>\n<meta property=\"og:image\" content=\"https:\/\/elversiculodeldia.com\/blog\/wp-content\/uploads\/2026\/08\/Ordena-mis-pasos-con-tu-palabra-para-que-el-pecado-no-me-domine.png\" \/>\n\t<meta property=\"og:image:width\" content=\"900\" \/>\n\t<meta property=\"og:image:height\" content=\"600\" \/>\n\t<meta property=\"og:image:type\" content=\"image\/png\" \/>\n<meta name=\"author\" content=\"Marcos Andujar\" \/>\n<meta name=\"twitter:card\" content=\"summary_large_image\" \/>\n<meta name=\"twitter:creator\" content=\"@elversiculo\" \/>\n<meta name=\"twitter:site\" content=\"@elversiculo\" \/>\n<meta name=\"twitter:label1\" content=\"Written by\" \/>\n\t<meta name=\"twitter:data1\" content=\"Marcos Andujar\" \/>\n\t<meta name=\"twitter:label2\" content=\"Est. reading time\" \/>\n\t<meta name=\"twitter:data2\" content=\"1 minute\" \/>\n<script type=\"application\/ld+json\" class=\"yoast-schema-graph\">{\"@context\":\"https:\\\/\\\/schema.org\",\"@graph\":[{\"@type\":\"Article\",\"@id\":\"https:\\\/\\\/elversiculodeldia.com\\\/blog\\\/de-que-me-cuido\\\/#article\",\"isPartOf\":{\"@id\":\"https:\\\/\\\/elversiculodeldia.com\\\/blog\\\/de-que-me-cuido\\\/\"},\"author\":{\"name\":\"Marcos Andujar\",\"@id\":\"https:\\\/\\\/elversiculodeldia.com\\\/blog\\\/#\\\/schema\\\/person\\\/8a51da9cfd8288e671ba60d2abe7ef1c\"},\"headline\":\"De qu\u00e9 me cuido\",\"datePublished\":\"2026-08-30T10:55:47+00:00\",\"dateModified\":\"2026-08-30T11:03:06+00:00\",\"mainEntityOfPage\":{\"@id\":\"https:\\\/\\\/elversiculodeldia.com\\\/blog\\\/de-que-me-cuido\\\/\"},\"wordCount\":176,\"commentCount\":0,\"publisher\":{\"@id\":\"https:\\\/\\\/elversiculodeldia.com\\\/blog\\\/#organization\"},\"image\":{\"@id\":\"https:\\\/\\\/elversiculodeldia.com\\\/blog\\\/de-que-me-cuido\\\/#primaryimage\"},\"thumbnailUrl\":\"https:\\\/\\\/elversiculodeldia.com\\\/blog\\\/wp-content\\\/uploads\\\/2026\\\/08\\\/Ordena-mis-pasos-con-tu-palabra-para-que-el-pecado-no-me-domine.png\",\"articleSection\":[\"Reflexiones\"],\"inLanguage\":\"en-US\",\"potentialAction\":[{\"@type\":\"CommentAction\",\"name\":\"Comment\",\"target\":[\"https:\\\/\\\/elversiculodeldia.com\\\/blog\\\/de-que-me-cuido\\\/#respond\"]}]},{\"@type\":\"WebPage\",\"@id\":\"https:\\\/\\\/elversiculodeldia.com\\\/blog\\\/de-que-me-cuido\\\/\",\"url\":\"https:\\\/\\\/elversiculodeldia.com\\\/blog\\\/de-que-me-cuido\\\/\",\"name\":\"De qu\u00e9 me cuido\",\"isPartOf\":{\"@id\":\"https:\\\/\\\/elversiculodeldia.com\\\/blog\\\/#website\"},\"primaryImageOfPage\":{\"@id\":\"https:\\\/\\\/elversiculodeldia.com\\\/blog\\\/de-que-me-cuido\\\/#primaryimage\"},\"image\":{\"@id\":\"https:\\\/\\\/elversiculodeldia.com\\\/blog\\\/de-que-me-cuido\\\/#primaryimage\"},\"thumbnailUrl\":\"https:\\\/\\\/elversiculodeldia.com\\\/blog\\\/wp-content\\\/uploads\\\/2026\\\/08\\\/Ordena-mis-pasos-con-tu-palabra-para-que-el-pecado-no-me-domine.png\",\"datePublished\":\"2026-08-30T10:55:47+00:00\",\"dateModified\":\"2026-08-30T11:03:06+00:00\",\"description\":\"De qu\u00e9 me cuido - El vers\u00edculo del d\u00eda\",\"inLanguage\":\"en-US\",\"potentialAction\":[{\"@type\":\"ReadAction\",\"target\":[\"https:\\\/\\\/elversiculodeldia.com\\\/blog\\\/de-que-me-cuido\\\/\"]}]},{\"@type\":\"ImageObject\",\"inLanguage\":\"en-US\",\"@id\":\"https:\\\/\\\/elversiculodeldia.com\\\/blog\\\/de-que-me-cuido\\\/#primaryimage\",\"url\":\"https:\\\/\\\/elversiculodeldia.com\\\/blog\\\/wp-content\\\/uploads\\\/2026\\\/08\\\/Ordena-mis-pasos-con-tu-palabra-para-que-el-pecado-no-me-domine.png\",\"contentUrl\":\"https:\\\/\\\/elversiculodeldia.com\\\/blog\\\/wp-content\\\/uploads\\\/2026\\\/08\\\/Ordena-mis-pasos-con-tu-palabra-para-que-el-pecado-no-me-domine.png\",\"width\":900,\"height\":600},{\"@type\":\"WebSite\",\"@id\":\"https:\\\/\\\/elversiculodeldia.com\\\/blog\\\/#website\",\"url\":\"https:\\\/\\\/elversiculodeldia.com\\\/blog\\\/\",\"name\":\"El Vers\u00edculo del D\u00eda\",\"description\":\"Llevando un vers\u00edculo de salvaci\u00f3n a cada coraz\u00f3n!\",\"publisher\":{\"@id\":\"https:\\\/\\\/elversiculodeldia.com\\\/blog\\\/#organization\"},\"potentialAction\":[{\"@type\":\"SearchAction\",\"target\":{\"@type\":\"EntryPoint\",\"urlTemplate\":\"https:\\\/\\\/elversiculodeldia.com\\\/blog\\\/?s={search_term_string}\"},\"query-input\":{\"@type\":\"PropertyValueSpecification\",\"valueRequired\":true,\"valueName\":\"search_term_string\"}}],\"inLanguage\":\"en-US\"},{\"@type\":\"Organization\",\"@id\":\"https:\\\/\\\/elversiculodeldia.com\\\/blog\\\/#organization\",\"name\":\"El Versiculo del Dia\",\"url\":\"https:\\\/\\\/elversiculodeldia.com\\\/blog\\\/\",\"logo\":{\"@type\":\"ImageObject\",\"inLanguage\":\"en-US\",\"@id\":\"https:\\\/\\\/elversiculodeldia.com\\\/blog\\\/#\\\/schema\\\/logo\\\/image\\\/\",\"url\":\"https:\\\/\\\/elversiculodeldia.com\\\/blog\\\/wp-content\\\/uploads\\\/2017\\\/04\\\/logoOficialEVD.png\",\"contentUrl\":\"https:\\\/\\\/elversiculodeldia.com\\\/blog\\\/wp-content\\\/uploads\\\/2017\\\/04\\\/logoOficialEVD.png\",\"width\":400,\"height\":100,\"caption\":\"El Versiculo del Dia\"},\"image\":{\"@id\":\"https:\\\/\\\/elversiculodeldia.com\\\/blog\\\/#\\\/schema\\\/logo\\\/image\\\/\"},\"sameAs\":[\"https:\\\/\\\/www.facebook.com\\\/elversiculodeldia\",\"https:\\\/\\\/x.com\\\/elversiculo\",\"https:\\\/\\\/www.instagram.com\\\/elversiculo\",\"https:\\\/\\\/www.youtube.com\\\/user\\\/elversiculodeldia\",\"https:\\\/\\\/chat.whatsapp.com\\\/HreYiXZFT8e0tZUmqriKfb\"]},{\"@type\":\"Person\",\"@id\":\"https:\\\/\\\/elversiculodeldia.com\\\/blog\\\/#\\\/schema\\\/person\\\/8a51da9cfd8288e671ba60d2abe7ef1c\",\"name\":\"Marcos Andujar\",\"image\":{\"@type\":\"ImageObject\",\"inLanguage\":\"en-US\",\"@id\":\"https:\\\/\\\/elversiculodeldia.com\\\/blog\\\/wp-content\\\/uploads\\\/2026\\\/01\\\/Marcos.jpg\",\"url\":\"https:\\\/\\\/elversiculodeldia.com\\\/blog\\\/wp-content\\\/uploads\\\/2026\\\/01\\\/Marcos.jpg\",\"contentUrl\":\"https:\\\/\\\/elversiculodeldia.com\\\/blog\\\/wp-content\\\/uploads\\\/2026\\\/01\\\/Marcos.jpg\",\"caption\":\"Marcos Andujar\"},\"sameAs\":[\"https:\\\/\\\/elversiculodeldia.com\\\/\"],\"url\":\"https:\\\/\\\/elversiculodeldia.com\\\/blog\\\/author\\\/marcosandujar\\\/\"}]}<\/script>\n<!-- \/ Yoast SEO plugin. -->","yoast_head_json":{"title":"De qu\u00e9 me cuido","description":"De qu\u00e9 me cuido - El vers\u00edculo del d\u00eda","robots":{"index":"index","follow":"follow","max-snippet":"max-snippet:-1","max-image-preview":"max-image-preview:large","max-video-preview":"max-video-preview:-1"},"canonical":"https:\/\/elversiculodeldia.com\/blog\/de-que-me-cuido\/","og_locale":"en_US","og_type":"article","og_title":"De qu\u00e9 me cuido","og_description":"De qu\u00e9 me cuido - El vers\u00edculo del d\u00eda","og_url":"https:\/\/elversiculodeldia.com\/blog\/de-que-me-cuido\/","og_site_name":"El vers\u00edculo del d\u00eda","article_publisher":"https:\/\/www.facebook.com\/elversiculodeldia","article_published_time":"2026-08-30T10:55:47+00:00","article_modified_time":"2026-08-30T11:03:06+00:00","og_image":[{"width":900,"height":600,"url":"https:\/\/elversiculodeldia.com\/blog\/wp-content\/uploads\/2026\/08\/Ordena-mis-pasos-con-tu-palabra-para-que-el-pecado-no-me-domine.png","type":"image\/png"}],"author":"Marcos Andujar","twitter_card":"summary_large_image","twitter_creator":"@elversiculo","twitter_site":"@elversiculo","twitter_misc":{"Written by":"Marcos Andujar","Est. reading time":"1 minute"},"schema":{"@context":"https:\/\/schema.org","@graph":[{"@type":"Article","@id":"https:\/\/elversiculodeldia.com\/blog\/de-que-me-cuido\/#article","isPartOf":{"@id":"https:\/\/elversiculodeldia.com\/blog\/de-que-me-cuido\/"},"author":{"name":"Marcos Andujar","@id":"https:\/\/elversiculodeldia.com\/blog\/#\/schema\/person\/8a51da9cfd8288e671ba60d2abe7ef1c"},"headline":"De qu\u00e9 me cuido","datePublished":"2026-08-30T10:55:47+00:00","dateModified":"2026-08-30T11:03:06+00:00","mainEntityOfPage":{"@id":"https:\/\/elversiculodeldia.com\/blog\/de-que-me-cuido\/"},"wordCount":176,"commentCount":0,"publisher":{"@id":"https:\/\/elversiculodeldia.com\/blog\/#organization"},"image":{"@id":"https:\/\/elversiculodeldia.com\/blog\/de-que-me-cuido\/#primaryimage"},"thumbnailUrl":"https:\/\/elversiculodeldia.com\/blog\/wp-content\/uploads\/2026\/08\/Ordena-mis-pasos-con-tu-palabra-para-que-el-pecado-no-me-domine.png","articleSection":["Reflexiones"],"inLanguage":"en-US","potentialAction":[{"@type":"CommentAction","name":"Comment","target":["https:\/\/elversiculodeldia.com\/blog\/de-que-me-cuido\/#respond"]}]},{"@type":"WebPage","@id":"https:\/\/elversiculodeldia.com\/blog\/de-que-me-cuido\/","url":"https:\/\/elversiculodeldia.com\/blog\/de-que-me-cuido\/","name":"De qu\u00e9 me cuido","isPartOf":{"@id":"https:\/\/elversiculodeldia.com\/blog\/#website"},"primaryImageOfPage":{"@id":"https:\/\/elversiculodeldia.com\/blog\/de-que-me-cuido\/#primaryimage"},"image":{"@id":"https:\/\/elversiculodeldia.com\/blog\/de-que-me-cuido\/#primaryimage"},"thumbnailUrl":"https:\/\/elversiculodeldia.com\/blog\/wp-content\/uploads\/2026\/08\/Ordena-mis-pasos-con-tu-palabra-para-que-el-pecado-no-me-domine.png","datePublished":"2026-08-30T10:55:47+00:00","dateModified":"2026-08-30T11:03:06+00:00","description":"De qu\u00e9 me cuido - El vers\u00edculo del d\u00eda","inLanguage":"en-US","potentialAction":[{"@type":"ReadAction","target":["https:\/\/elversiculodeldia.com\/blog\/de-que-me-cuido\/"]}]},{"@type":"ImageObject","inLanguage":"en-US","@id":"https:\/\/elversiculodeldia.com\/blog\/de-que-me-cuido\/#primaryimage","url":"https:\/\/elversiculodeldia.com\/blog\/wp-content\/uploads\/2026\/08\/Ordena-mis-pasos-con-tu-palabra-para-que-el-pecado-no-me-domine.png","contentUrl":"https:\/\/elversiculodeldia.com\/blog\/wp-content\/uploads\/2026\/08\/Ordena-mis-pasos-con-tu-palabra-para-que-el-pecado-no-me-domine.png","width":900,"height":600},{"@type":"WebSite","@id":"https:\/\/elversiculodeldia.com\/blog\/#website","url":"https:\/\/elversiculodeldia.com\/blog\/","name":"El Vers\u00edculo del D\u00eda","description":"Llevando un vers\u00edculo de salvaci\u00f3n a cada coraz\u00f3n!","publisher":{"@id":"https:\/\/elversiculodeldia.com\/blog\/#organization"},"potentialAction":[{"@type":"SearchAction","target":{"@type":"EntryPoint","urlTemplate":"https:\/\/elversiculodeldia.com\/blog\/?s={search_term_string}"},"query-input":{"@type":"PropertyValueSpecification","valueRequired":true,"valueName":"search_term_string"}}],"inLanguage":"en-US"},{"@type":"Organization","@id":"https:\/\/elversiculodeldia.com\/blog\/#organization","name":"El Versiculo del Dia","url":"https:\/\/elversiculodeldia.com\/blog\/","logo":{"@type":"ImageObject","inLanguage":"en-US","@id":"https:\/\/elversiculodeldia.com\/blog\/#\/schema\/logo\/image\/","url":"https:\/\/elversiculodeldia.com\/blog\/wp-content\/uploads\/2017\/04\/logoOficialEVD.png","contentUrl":"https:\/\/elversiculodeldia.com\/blog\/wp-content\/uploads\/2017\/04\/logoOficialEVD.png","width":400,"height":100,"caption":"El Versiculo del Dia"},"image":{"@id":"https:\/\/elversiculodeldia.com\/blog\/#\/schema\/logo\/image\/"},"sameAs":["https:\/\/www.facebook.com\/elversiculodeldia","https:\/\/x.com\/elversiculo","https:\/\/www.instagram.com\/elversiculo","https:\/\/www.youtube.com\/user\/elversiculodeldia","https:\/\/chat.whatsapp.com\/HreYiXZFT8e0tZUmqriKfb"]},{"@type":"Person","@id":"https:\/\/elversiculodeldia.com\/blog\/#\/schema\/person\/8a51da9cfd8288e671ba60d2abe7ef1c","name":"Marcos Andujar","image":{"@type":"ImageObject","inLanguage":"en-US","@id":"https:\/\/elversiculodeldia.com\/blog\/wp-content\/uploads\/2026\/01\/Marcos.jpg","url":"https:\/\/elversiculodeldia.com\/blog\/wp-content\/uploads\/2026\/01\/Marcos.jpg","contentUrl":"https:\/\/elversiculodeldia.com\/blog\/wp-content\/uploads\/2026\/01\/Marcos.jpg","caption":"Marcos Andujar"},"sameAs":["https:\/\/elversiculodeldia.com\/"],"url":"https:\/\/elversiculodeldia.com\/blog\/author\/marcosandujar\/"}]}},"amp_enabled":true,"_links":{"self":[{"href":"https:\/\/elversiculodeldia.com\/blog\/wp-json\/wp\/v2\/posts\/112284","targetHints":{"allow":["GET"]}}],"collection":[{"href":"https:\/\/elversiculodeldia.com\/blog\/wp-json\/wp\/v2\/posts"}],"about":[{"href":"https:\/\/elversiculodeldia.com\/blog\/wp-json\/wp\/v2\/types\/post"}],"author":[{"embeddable":true,"href":"https:\/\/elversiculodeldia.com\/blog\/wp-json\/wp\/v2\/users\/237"}],"replies":[{"embeddable":true,"href":"https:\/\/elversiculodeldia.com\/blog\/wp-json\/wp\/v2\/comments?post=112284"}],"version-history":[{"count":0,"href":"https:\/\/elversiculodeldia.com\/blog\/wp-json\/wp\/v2\/posts\/112284\/revisions"}],"wp:featuredmedia":[{"embeddable":true,"href":"https:\/\/elversiculodeldia.com\/blog\/wp-json\/wp\/v2\/media\/112285"}],"wp:attachment":[{"href":"https:\/\/elversiculodeldia.com\/blog\/wp-json\/wp\/v2\/media?parent=112284"}],"wp:term":[{"taxonomy":"category","embeddable":true,"href":"https:\/\/elversiculodeldia.com\/blog\/wp-json\/wp\/v2\/categories?post=112284"},{"taxonomy":"post_tag","embeddable":true,"href":"https:\/\/elversiculodeldia.com\/blog\/wp-json\/wp\/v2\/tags?post=112284"}],"curies":[{"name":"wp","href":"https:\/\/api.w.org\/{rel}","templated":true}]}}