{"id":112276,"date":"2026-08-31T07:24:52","date_gmt":"2026-08-31T11:24:52","guid":{"rendered":"https:\/\/elversiculodeldia.com\/blog\/?p=112276"},"modified":"2026-08-29T13:25:25","modified_gmt":"2026-08-29T17:25:25","slug":"abrazando-la-humildad","status":"publish","type":"post","link":"https:\/\/elversiculodeldia.com\/blog\/abrazando-la-humildad\/","title":{"rendered":"Abrazando la humildad"},"content":{"rendered":"<p><img loading=\"lazy\" decoding=\"async\" class=\"alignnone size-full wp-image-112277\" src=\"https:\/\/elversiculodeldia.com\/blog\/wp-content\/uploads\/2026\/08\/Abrazando-la-humildad.png\" alt=\"\" width=\"1920\" height=\"1080\" srcset=\"https:\/\/elversiculodeldia.com\/blog\/wp-content\/uploads\/2026\/08\/Abrazando-la-humildad.png 1920w, https:\/\/elversiculodeldia.com\/blog\/wp-content\/uploads\/2026\/08\/Abrazando-la-humildad-768x432.png 768w, https:\/\/elversiculodeldia.com\/blog\/wp-content\/uploads\/2026\/08\/Abrazando-la-humildad-1536x864.png 1536w\" sizes=\"auto, (max-width: 1920px) 100vw, 1920px\" \/><\/p>\n<!--[if lt IE 9]><script>document.createElement('audio');<\/script><![endif]-->\n<audio class=\"wp-audio-shortcode\" id=\"audio-112276-1\" preload=\"none\" style=\"width: 100%;\" controls=\"controls\"><source type=\"audio\/mpeg\" src=\"https:\/\/elversiculodeldia.com\/blog\/wp-content\/uploads\/2026\/08\/Abrazando-la-humildad.mp3?_=1\" \/><a href=\"https:\/\/elversiculodeldia.com\/blog\/wp-content\/uploads\/2026\/08\/Abrazando-la-humildad.mp3\">https:\/\/elversiculodeldia.com\/blog\/wp-content\/uploads\/2026\/08\/Abrazando-la-humildad.mp3<\/a><\/audio>\n<p style=\"font-weight: 400\">El orgullo, acorde con el diccionario, puede entenderse de dos formas<em>: como una sana satisfacci\u00f3n por los logros propios, o como una excesiva estimaci\u00f3n propia que ciega el coraz\u00f3n y que genera arrogancia<\/em>.<\/p>\n<p style=\"font-weight: 400\">Esa clase de orgullo levanta muros; pero la humildad construye puentes; adem\u00e1s, es la tierra f\u00e9rtil donde crecen todas las dem\u00e1s virtudes.<\/p>\n<p style=\"font-weight: 400\">Esto dijo Juan el Bautista y est\u00e1 en el evangelio de Juan, cap\u00edtulo 3, verso 30:\u00a0<em>\u201cEs necesario que \u00e9l crezca, y que yo decrezca.\u00bb\u201d\u00a0<\/em>(RVC)<\/p>\n<p style=\"font-weight: 400\">Juan el Bautista se refer\u00eda a que Cristo crezca, pero que nosotros menguemos en nuestro interior.<\/p>\n<p style=\"font-weight: 400\">Vivir como Jes\u00fas es aprender a morir: morir a nuestro orgullo, a nuestro ego y a nuestra necesidad de tener la raz\u00f3n; y equivale a la decisi\u00f3n diaria de bajarnos del trono de nuestras propias vidas y ponerlo a \u00c9l en el centro.<\/p>\n<p style=\"font-weight: 400\">Pero es importante saber que la humildad no consiste en considerarnos equivocadamente como desechados, sino en pensar menos \u201cen nosotros mismos y en nuestros intereses\u201d.<\/p>\n<p style=\"font-weight: 400\">Es tener actitud de siervos, lo que equivale a parecernos a Jes\u00fas, quien ten\u00eda todo el derecho a ser adorado como Dios, pero que eligi\u00f3 hacerse como nosotros, para servirnos y darlo todo\u2026 hasta su propia vida. Este es el ejemplo supremo de entrega.<\/p>\n<p style=\"font-weight: 400\">Vivir como Jes\u00fas significa aprender a escuchar antes de hablar. Significa admitir cuando te equivocas. Tambi\u00e9n dar a Dios la gloria por tus \u00e9xitos y confiarle tus fracasos. Es estar dispuesto a ser el \u00faltimo de la sala porque sabes qui\u00e9n te sostiene. Es la libertad de saber que no tienes que demostrarle nada a nadie. Porque ya eres amado(a) y aceptado(a) en Cristo.<\/p>\n<p style=\"font-weight: 400\">Pero adem\u00e1s, la humildad es la llave que abre la puerta a la gracia de Dios, porque la Biblia nos ense\u00f1a que los orgullosos encuentran resistencia; pero los humildes reciben gracia.<\/p>\n<p style=\"font-weight: 400\">Practica ser\u00a0<em>&#8220;nadie&#8221;\u00a0<\/em>ante los ojos del mundo, sabiendo que eres\u00a0<em>&#8220;alguien&#8221;<\/em>\u00a0ante los ojos de tu Padre.<\/p>\n<p style=\"font-weight: 400\">Oremos:\u00a0<em>\u201cAmado Se\u00f1or, te pido que me ayudes a vaciarme de m\u00ed para ser lleno de ti. Renuncio al esp\u00edritu de orgullo y aprendo de Jes\u00fas, quien es el modelo perfecto de humildad. Hazme ser una persona nueva, que admite los errores y que sabe pedir perd\u00f3n y perdona; lo oro en el nombre de Jes\u00fas. Am\u00e9n\u201d.<\/em><\/p>\n<p>Buen D\u00eda<br \/>\nJuan C Quintero<br \/>\n<a href=\"https:\/\/vidawc.short.gy\/De362V\" target=\"_blank\" rel=\"noopener\">Buendiatodoslosdias.com<\/a><\/p>\n","protected":false},"excerpt":{"rendered":"<p>El orgullo, acorde con el diccionario, puede entenderse de dos formas: como una sana satisfacci\u00f3n por los logros propios, o como una excesiva estimaci\u00f3n propia que ciega el coraz\u00f3n y que genera arrogancia. Esa clase de orgullo levanta muros; pero la humildad construye puentes; adem\u00e1s, es la tierra f\u00e9rtil donde crecen todas las dem\u00e1s virtudes. [&hellip;]<\/p>\n","protected":false},"author":30,"featured_media":0,"comment_status":"open","ping_status":"open","sticky":false,"template":"","format":"standard","meta":{"tdm_status":"","tdm_grid_status":"","footnotes":""},"categories":[7,958,1326,2839,2152,2384,1139,5,2293,1328],"tags":[6807,117,1617,1341,50,6809,5687,38,3272,6812,203,462,6808,67,3322],"class_list":{"0":"post-112276","1":"post","2":"type-post","3":"status-publish","4":"format-standard","6":"category-devocionales","7":"category-el-versiculo-del-dia","8":"category-imagenes-3","9":"category-lecturas","10":"category-mensajes-cristianos","11":"category-nuestro-pan-diario","12":"category-pensamiento-del-dia","13":"category-reflexiones","14":"category-uncategorized-en","15":"category-varios","16":"tag-coral-springs","17":"tag-cristo","18":"tag-devocional","19":"tag-espiritu-santo","20":"tag-iglesia","21":"tag-iglesia-online","22":"tag-iglesia-vida","23":"tag-jesus","24":"tag-juan-c-quintero","25":"tag-mensaje-diario","26":"tag-palabra-de-dios","27":"tag-pastor","28":"tag-ven-a-la-iglesia","29":"tag-vida","30":"tag-vida-worship-center"},"yoast_head":"<!-- This site is optimized with the Yoast SEO plugin v27.5 - https:\/\/yoast.com\/product\/yoast-seo-wordpress\/ -->\n<title>Abrazando la humildad<\/title>\n<meta name=\"description\" content=\"Abrazando la humildad - El vers\u00edculo del d\u00eda\" \/>\n<meta name=\"robots\" content=\"index, follow, max-snippet:-1, max-image-preview:large, max-video-preview:-1\" \/>\n<link rel=\"canonical\" href=\"https:\/\/elversiculodeldia.com\/blog\/abrazando-la-humildad\/\" \/>\n<meta property=\"og:locale\" content=\"en_US\" \/>\n<meta property=\"og:type\" content=\"article\" \/>\n<meta property=\"og:title\" content=\"Abrazando la humildad\" \/>\n<meta property=\"og:description\" content=\"Abrazando la humildad - El vers\u00edculo del d\u00eda\" \/>\n<meta property=\"og:url\" content=\"https:\/\/elversiculodeldia.com\/blog\/abrazando-la-humildad\/\" \/>\n<meta property=\"og:site_name\" content=\"El vers\u00edculo del d\u00eda\" \/>\n<meta property=\"article:publisher\" content=\"https:\/\/www.facebook.com\/elversiculodeldia\" \/>\n<meta property=\"article:author\" content=\"https:\/\/www.facebook.com\/pastorjuanquintero\/\" \/>\n<meta property=\"article:published_time\" content=\"2026-08-31T11:24:52+00:00\" \/>\n<meta property=\"og:image\" content=\"https:\/\/elversiculodeldia.com\/blog\/wp-content\/uploads\/2026\/08\/Abrazando-la-humildad.png\" \/>\n\t<meta property=\"og:image:width\" content=\"1920\" \/>\n\t<meta property=\"og:image:height\" content=\"1080\" \/>\n\t<meta property=\"og:image:type\" content=\"image\/png\" \/>\n<meta name=\"author\" content=\"Juan Quintero\" \/>\n<meta name=\"twitter:card\" content=\"summary_large_image\" \/>\n<meta name=\"twitter:creator\" content=\"@elversiculo\" \/>\n<meta name=\"twitter:site\" content=\"@elversiculo\" \/>\n<meta name=\"twitter:label1\" content=\"Written by\" \/>\n\t<meta name=\"twitter:data1\" content=\"Juan Quintero\" \/>\n\t<meta name=\"twitter:label2\" content=\"Est. reading time\" \/>\n\t<meta name=\"twitter:data2\" content=\"2 minutes\" \/>\n<script type=\"application\/ld+json\" class=\"yoast-schema-graph\">{\"@context\":\"https:\\\/\\\/schema.org\",\"@graph\":[{\"@type\":\"Article\",\"@id\":\"https:\\\/\\\/elversiculodeldia.com\\\/blog\\\/abrazando-la-humildad\\\/#article\",\"isPartOf\":{\"@id\":\"https:\\\/\\\/elversiculodeldia.com\\\/blog\\\/abrazando-la-humildad\\\/\"},\"author\":{\"name\":\"Juan Quintero\",\"@id\":\"https:\\\/\\\/elversiculodeldia.com\\\/blog\\\/#\\\/schema\\\/person\\\/bead3290281db357e2b7d33ebdc876d2\"},\"headline\":\"Abrazando la humildad\",\"datePublished\":\"2026-08-31T11:24:52+00:00\",\"mainEntityOfPage\":{\"@id\":\"https:\\\/\\\/elversiculodeldia.com\\\/blog\\\/abrazando-la-humildad\\\/\"},\"wordCount\":425,\"commentCount\":0,\"publisher\":{\"@id\":\"https:\\\/\\\/elversiculodeldia.com\\\/blog\\\/#organization\"},\"image\":{\"@id\":\"https:\\\/\\\/elversiculodeldia.com\\\/blog\\\/abrazando-la-humildad\\\/#primaryimage\"},\"thumbnailUrl\":\"https:\\\/\\\/elversiculodeldia.com\\\/blog\\\/wp-content\\\/uploads\\\/2026\\\/08\\\/Abrazando-la-humildad.png\",\"keywords\":[\"coral springs\",\"Cristo\",\"Devocional\",\"Espiritu Santo\",\"iglesia\",\"iglesia online\",\"IGLESIA VIDA\",\"Jesus\",\"JUAN C QUINTERO\",\"mensaje diario\",\"Palabra de Dios\",\"Pastor\",\"ven a la iglesia\",\"vida\",\"VIDA WORSHIP CENTER\"],\"articleSection\":{\"0\":\"Devocionales\",\"1\":\"El Versiculo del dia\",\"2\":\"Imagenes\",\"3\":\"Lecturas\",\"4\":\"Mensajes\",\"5\":\"Nuestro Pan Diario\",\"6\":\"Pensamiento del dia\",\"7\":\"Reflexiones\",\"9\":\"Varios\"},\"inLanguage\":\"en-US\",\"potentialAction\":[{\"@type\":\"CommentAction\",\"name\":\"Comment\",\"target\":[\"https:\\\/\\\/elversiculodeldia.com\\\/blog\\\/abrazando-la-humildad\\\/#respond\"]}]},{\"@type\":\"WebPage\",\"@id\":\"https:\\\/\\\/elversiculodeldia.com\\\/blog\\\/abrazando-la-humildad\\\/\",\"url\":\"https:\\\/\\\/elversiculodeldia.com\\\/blog\\\/abrazando-la-humildad\\\/\",\"name\":\"Abrazando la humildad\",\"isPartOf\":{\"@id\":\"https:\\\/\\\/elversiculodeldia.com\\\/blog\\\/#website\"},\"primaryImageOfPage\":{\"@id\":\"https:\\\/\\\/elversiculodeldia.com\\\/blog\\\/abrazando-la-humildad\\\/#primaryimage\"},\"image\":{\"@id\":\"https:\\\/\\\/elversiculodeldia.com\\\/blog\\\/abrazando-la-humildad\\\/#primaryimage\"},\"thumbnailUrl\":\"https:\\\/\\\/elversiculodeldia.com\\\/blog\\\/wp-content\\\/uploads\\\/2026\\\/08\\\/Abrazando-la-humildad.png\",\"datePublished\":\"2026-08-31T11:24:52+00:00\",\"description\":\"Abrazando la humildad - El vers\u00edculo del d\u00eda\",\"inLanguage\":\"en-US\",\"potentialAction\":[{\"@type\":\"ReadAction\",\"target\":[\"https:\\\/\\\/elversiculodeldia.com\\\/blog\\\/abrazando-la-humildad\\\/\"]}]},{\"@type\":\"ImageObject\",\"inLanguage\":\"en-US\",\"@id\":\"https:\\\/\\\/elversiculodeldia.com\\\/blog\\\/abrazando-la-humildad\\\/#primaryimage\",\"url\":\"https:\\\/\\\/elversiculodeldia.com\\\/blog\\\/wp-content\\\/uploads\\\/2026\\\/08\\\/Abrazando-la-humildad.png\",\"contentUrl\":\"https:\\\/\\\/elversiculodeldia.com\\\/blog\\\/wp-content\\\/uploads\\\/2026\\\/08\\\/Abrazando-la-humildad.png\",\"width\":1920,\"height\":1080},{\"@type\":\"WebSite\",\"@id\":\"https:\\\/\\\/elversiculodeldia.com\\\/blog\\\/#website\",\"url\":\"https:\\\/\\\/elversiculodeldia.com\\\/blog\\\/\",\"name\":\"El Vers\u00edculo del D\u00eda\",\"description\":\"Llevando un vers\u00edculo de salvaci\u00f3n a cada coraz\u00f3n!\",\"publisher\":{\"@id\":\"https:\\\/\\\/elversiculodeldia.com\\\/blog\\\/#organization\"},\"potentialAction\":[{\"@type\":\"SearchAction\",\"target\":{\"@type\":\"EntryPoint\",\"urlTemplate\":\"https:\\\/\\\/elversiculodeldia.com\\\/blog\\\/?s={search_term_string}\"},\"query-input\":{\"@type\":\"PropertyValueSpecification\",\"valueRequired\":true,\"valueName\":\"search_term_string\"}}],\"inLanguage\":\"en-US\"},{\"@type\":\"Organization\",\"@id\":\"https:\\\/\\\/elversiculodeldia.com\\\/blog\\\/#organization\",\"name\":\"El Versiculo del Dia\",\"url\":\"https:\\\/\\\/elversiculodeldia.com\\\/blog\\\/\",\"logo\":{\"@type\":\"ImageObject\",\"inLanguage\":\"en-US\",\"@id\":\"https:\\\/\\\/elversiculodeldia.com\\\/blog\\\/#\\\/schema\\\/logo\\\/image\\\/\",\"url\":\"https:\\\/\\\/elversiculodeldia.com\\\/blog\\\/wp-content\\\/uploads\\\/2017\\\/04\\\/logoOficialEVD.png\",\"contentUrl\":\"https:\\\/\\\/elversiculodeldia.com\\\/blog\\\/wp-content\\\/uploads\\\/2017\\\/04\\\/logoOficialEVD.png\",\"width\":400,\"height\":100,\"caption\":\"El Versiculo del Dia\"},\"image\":{\"@id\":\"https:\\\/\\\/elversiculodeldia.com\\\/blog\\\/#\\\/schema\\\/logo\\\/image\\\/\"},\"sameAs\":[\"https:\\\/\\\/www.facebook.com\\\/elversiculodeldia\",\"https:\\\/\\\/x.com\\\/elversiculo\",\"https:\\\/\\\/www.instagram.com\\\/elversiculo\",\"https:\\\/\\\/www.youtube.com\\\/user\\\/elversiculodeldia\",\"https:\\\/\\\/chat.whatsapp.com\\\/HreYiXZFT8e0tZUmqriKfb\"]},{\"@type\":\"Person\",\"@id\":\"https:\\\/\\\/elversiculodeldia.com\\\/blog\\\/#\\\/schema\\\/person\\\/bead3290281db357e2b7d33ebdc876d2\",\"name\":\"Juan Quintero\",\"image\":{\"@type\":\"ImageObject\",\"inLanguage\":\"en-US\",\"@id\":\"https:\\\/\\\/elversiculodeldia.com\\\/blog\\\/wp-content\\\/uploads\\\/2021\\\/02\\\/JCQ-BIBLIA.png\",\"url\":\"https:\\\/\\\/elversiculodeldia.com\\\/blog\\\/wp-content\\\/uploads\\\/2021\\\/02\\\/JCQ-BIBLIA.png\",\"contentUrl\":\"https:\\\/\\\/elversiculodeldia.com\\\/blog\\\/wp-content\\\/uploads\\\/2021\\\/02\\\/JCQ-BIBLIA.png\",\"caption\":\"Juan Quintero\"},\"description\":\"Me llamo Juan C Quintero, soy pastor y coach en Coral Springs, Florida, en este lugar compartir\u00e9 mucho contenido gratuito de fe, de exhortaci\u00f3n y motivacional, para brindar crecimiento espiritual y personal. Encontraras videos con informaci\u00f3n relevante, interesante, actual, as\u00ed como tambi\u00e9n predicaciones cristianas, para toda la familia. Tengo la misi\u00f3n de empoderar tu vida, para que alcances todo el potencial que Dios a determinado para ti. Creo que somos seres integrales en alma, cuerpo y esp\u00edritu y que, con la ayuda de Jes\u00fas, con el poder del Esp\u00edritu Santo y con el amor de Dios el Padre llegaras a alcanzar niveles insospechados en tu vida. Todos los mensajes, art\u00edculos, videos y comentarios est\u00e1n enfocados en lograr cuatro cosas: - Que seas edificado a la manera de Jes\u00fas - Que tu familia sea cuidada - Que cumplas tu prop\u00f3sito en esta vida - Que crezcamos y nos multipliquemos como personas, entidades, organismos y como comunidad de fe Gracias por ver estos estudios y mensajes de fe y esperanza. Sinceramente Juan C Quintero Senior Pastor Vida Worship Center 10303 Royal Palm Blvd, Coral Springs, Fl 33065 email: pastor@vidawc.com Web: www.VidaWC.com\",\"sameAs\":[\"http:\\\/\\\/www.buendiatodoslosdias.com\",\"https:\\\/\\\/www.facebook.com\\\/pastorjuanquintero\\\/\",\"https:\\\/\\\/www.instagram.com\\\/vidawc\\\/\",\"https:\\\/\\\/www.youtube.com\\\/playlist?list=PLqlmwAuBIF8qNKALCu9VGBtAmN7t3Enz0\"],\"url\":\"https:\\\/\\\/elversiculodeldia.com\\\/blog\\\/author\\\/jcqpastor\\\/\"}]}<\/script>\n<!-- \/ Yoast SEO plugin. -->","yoast_head_json":{"title":"Abrazando la humildad","description":"Abrazando la humildad - El vers\u00edculo del d\u00eda","robots":{"index":"index","follow":"follow","max-snippet":"max-snippet:-1","max-image-preview":"max-image-preview:large","max-video-preview":"max-video-preview:-1"},"canonical":"https:\/\/elversiculodeldia.com\/blog\/abrazando-la-humildad\/","og_locale":"en_US","og_type":"article","og_title":"Abrazando la humildad","og_description":"Abrazando la humildad - El vers\u00edculo del d\u00eda","og_url":"https:\/\/elversiculodeldia.com\/blog\/abrazando-la-humildad\/","og_site_name":"El vers\u00edculo del d\u00eda","article_publisher":"https:\/\/www.facebook.com\/elversiculodeldia","article_author":"https:\/\/www.facebook.com\/pastorjuanquintero\/","article_published_time":"2026-08-31T11:24:52+00:00","og_image":[{"url":"https:\/\/elversiculodeldia.com\/blog\/wp-content\/uploads\/2026\/08\/Abrazando-la-humildad.png","width":1920,"height":1080,"type":"image\/png"}],"author":"Juan Quintero","twitter_card":"summary_large_image","twitter_creator":"@elversiculo","twitter_site":"@elversiculo","twitter_misc":{"Written by":"Juan Quintero","Est. reading time":"2 minutes"},"schema":{"@context":"https:\/\/schema.org","@graph":[{"@type":"Article","@id":"https:\/\/elversiculodeldia.com\/blog\/abrazando-la-humildad\/#article","isPartOf":{"@id":"https:\/\/elversiculodeldia.com\/blog\/abrazando-la-humildad\/"},"author":{"name":"Juan Quintero","@id":"https:\/\/elversiculodeldia.com\/blog\/#\/schema\/person\/bead3290281db357e2b7d33ebdc876d2"},"headline":"Abrazando la humildad","datePublished":"2026-08-31T11:24:52+00:00","mainEntityOfPage":{"@id":"https:\/\/elversiculodeldia.com\/blog\/abrazando-la-humildad\/"},"wordCount":425,"commentCount":0,"publisher":{"@id":"https:\/\/elversiculodeldia.com\/blog\/#organization"},"image":{"@id":"https:\/\/elversiculodeldia.com\/blog\/abrazando-la-humildad\/#primaryimage"},"thumbnailUrl":"https:\/\/elversiculodeldia.com\/blog\/wp-content\/uploads\/2026\/08\/Abrazando-la-humildad.png","keywords":["coral springs","Cristo","Devocional","Espiritu Santo","iglesia","iglesia online","IGLESIA VIDA","Jesus","JUAN C QUINTERO","mensaje diario","Palabra de Dios","Pastor","ven a la iglesia","vida","VIDA WORSHIP CENTER"],"articleSection":{"0":"Devocionales","1":"El Versiculo del dia","2":"Imagenes","3":"Lecturas","4":"Mensajes","5":"Nuestro Pan Diario","6":"Pensamiento del dia","7":"Reflexiones","9":"Varios"},"inLanguage":"en-US","potentialAction":[{"@type":"CommentAction","name":"Comment","target":["https:\/\/elversiculodeldia.com\/blog\/abrazando-la-humildad\/#respond"]}]},{"@type":"WebPage","@id":"https:\/\/elversiculodeldia.com\/blog\/abrazando-la-humildad\/","url":"https:\/\/elversiculodeldia.com\/blog\/abrazando-la-humildad\/","name":"Abrazando la humildad","isPartOf":{"@id":"https:\/\/elversiculodeldia.com\/blog\/#website"},"primaryImageOfPage":{"@id":"https:\/\/elversiculodeldia.com\/blog\/abrazando-la-humildad\/#primaryimage"},"image":{"@id":"https:\/\/elversiculodeldia.com\/blog\/abrazando-la-humildad\/#primaryimage"},"thumbnailUrl":"https:\/\/elversiculodeldia.com\/blog\/wp-content\/uploads\/2026\/08\/Abrazando-la-humildad.png","datePublished":"2026-08-31T11:24:52+00:00","description":"Abrazando la humildad - El vers\u00edculo del d\u00eda","inLanguage":"en-US","potentialAction":[{"@type":"ReadAction","target":["https:\/\/elversiculodeldia.com\/blog\/abrazando-la-humildad\/"]}]},{"@type":"ImageObject","inLanguage":"en-US","@id":"https:\/\/elversiculodeldia.com\/blog\/abrazando-la-humildad\/#primaryimage","url":"https:\/\/elversiculodeldia.com\/blog\/wp-content\/uploads\/2026\/08\/Abrazando-la-humildad.png","contentUrl":"https:\/\/elversiculodeldia.com\/blog\/wp-content\/uploads\/2026\/08\/Abrazando-la-humildad.png","width":1920,"height":1080},{"@type":"WebSite","@id":"https:\/\/elversiculodeldia.com\/blog\/#website","url":"https:\/\/elversiculodeldia.com\/blog\/","name":"El Vers\u00edculo del D\u00eda","description":"Llevando un vers\u00edculo de salvaci\u00f3n a cada coraz\u00f3n!","publisher":{"@id":"https:\/\/elversiculodeldia.com\/blog\/#organization"},"potentialAction":[{"@type":"SearchAction","target":{"@type":"EntryPoint","urlTemplate":"https:\/\/elversiculodeldia.com\/blog\/?s={search_term_string}"},"query-input":{"@type":"PropertyValueSpecification","valueRequired":true,"valueName":"search_term_string"}}],"inLanguage":"en-US"},{"@type":"Organization","@id":"https:\/\/elversiculodeldia.com\/blog\/#organization","name":"El Versiculo del Dia","url":"https:\/\/elversiculodeldia.com\/blog\/","logo":{"@type":"ImageObject","inLanguage":"en-US","@id":"https:\/\/elversiculodeldia.com\/blog\/#\/schema\/logo\/image\/","url":"https:\/\/elversiculodeldia.com\/blog\/wp-content\/uploads\/2017\/04\/logoOficialEVD.png","contentUrl":"https:\/\/elversiculodeldia.com\/blog\/wp-content\/uploads\/2017\/04\/logoOficialEVD.png","width":400,"height":100,"caption":"El Versiculo del Dia"},"image":{"@id":"https:\/\/elversiculodeldia.com\/blog\/#\/schema\/logo\/image\/"},"sameAs":["https:\/\/www.facebook.com\/elversiculodeldia","https:\/\/x.com\/elversiculo","https:\/\/www.instagram.com\/elversiculo","https:\/\/www.youtube.com\/user\/elversiculodeldia","https:\/\/chat.whatsapp.com\/HreYiXZFT8e0tZUmqriKfb"]},{"@type":"Person","@id":"https:\/\/elversiculodeldia.com\/blog\/#\/schema\/person\/bead3290281db357e2b7d33ebdc876d2","name":"Juan Quintero","image":{"@type":"ImageObject","inLanguage":"en-US","@id":"https:\/\/elversiculodeldia.com\/blog\/wp-content\/uploads\/2021\/02\/JCQ-BIBLIA.png","url":"https:\/\/elversiculodeldia.com\/blog\/wp-content\/uploads\/2021\/02\/JCQ-BIBLIA.png","contentUrl":"https:\/\/elversiculodeldia.com\/blog\/wp-content\/uploads\/2021\/02\/JCQ-BIBLIA.png","caption":"Juan Quintero"},"description":"Me llamo Juan C Quintero, soy pastor y coach en Coral Springs, Florida, en este lugar compartir\u00e9 mucho contenido gratuito de fe, de exhortaci\u00f3n y motivacional, para brindar crecimiento espiritual y personal. Encontraras videos con informaci\u00f3n relevante, interesante, actual, as\u00ed como tambi\u00e9n predicaciones cristianas, para toda la familia. Tengo la misi\u00f3n de empoderar tu vida, para que alcances todo el potencial que Dios a determinado para ti. Creo que somos seres integrales en alma, cuerpo y esp\u00edritu y que, con la ayuda de Jes\u00fas, con el poder del Esp\u00edritu Santo y con el amor de Dios el Padre llegaras a alcanzar niveles insospechados en tu vida. Todos los mensajes, art\u00edculos, videos y comentarios est\u00e1n enfocados en lograr cuatro cosas: - Que seas edificado a la manera de Jes\u00fas - Que tu familia sea cuidada - Que cumplas tu prop\u00f3sito en esta vida - Que crezcamos y nos multipliquemos como personas, entidades, organismos y como comunidad de fe Gracias por ver estos estudios y mensajes de fe y esperanza. Sinceramente Juan C Quintero Senior Pastor Vida Worship Center 10303 Royal Palm Blvd, Coral Springs, Fl 33065 email: pastor@vidawc.com Web: www.VidaWC.com","sameAs":["http:\/\/www.buendiatodoslosdias.com","https:\/\/www.facebook.com\/pastorjuanquintero\/","https:\/\/www.instagram.com\/vidawc\/","https:\/\/www.youtube.com\/playlist?list=PLqlmwAuBIF8qNKALCu9VGBtAmN7t3Enz0"],"url":"https:\/\/elversiculodeldia.com\/blog\/author\/jcqpastor\/"}]}},"amp_enabled":true,"_links":{"self":[{"href":"https:\/\/elversiculodeldia.com\/blog\/wp-json\/wp\/v2\/posts\/112276","targetHints":{"allow":["GET"]}}],"collection":[{"href":"https:\/\/elversiculodeldia.com\/blog\/wp-json\/wp\/v2\/posts"}],"about":[{"href":"https:\/\/elversiculodeldia.com\/blog\/wp-json\/wp\/v2\/types\/post"}],"author":[{"embeddable":true,"href":"https:\/\/elversiculodeldia.com\/blog\/wp-json\/wp\/v2\/users\/30"}],"replies":[{"embeddable":true,"href":"https:\/\/elversiculodeldia.com\/blog\/wp-json\/wp\/v2\/comments?post=112276"}],"version-history":[{"count":1,"href":"https:\/\/elversiculodeldia.com\/blog\/wp-json\/wp\/v2\/posts\/112276\/revisions"}],"predecessor-version":[{"id":112279,"href":"https:\/\/elversiculodeldia.com\/blog\/wp-json\/wp\/v2\/posts\/112276\/revisions\/112279"}],"wp:attachment":[{"href":"https:\/\/elversiculodeldia.com\/blog\/wp-json\/wp\/v2\/media?parent=112276"}],"wp:term":[{"taxonomy":"category","embeddable":true,"href":"https:\/\/elversiculodeldia.com\/blog\/wp-json\/wp\/v2\/categories?post=112276"},{"taxonomy":"post_tag","embeddable":true,"href":"https:\/\/elversiculodeldia.com\/blog\/wp-json\/wp\/v2\/tags?post=112276"}],"curies":[{"name":"wp","href":"https:\/\/api.w.org\/{rel}","templated":true}]}}