{"id":112262,"date":"2026-08-28T08:26:22","date_gmt":"2026-08-28T12:26:22","guid":{"rendered":"https:\/\/elversiculodeldia.com\/blog\/?p=112262"},"modified":"2026-08-28T09:03:05","modified_gmt":"2026-08-28T13:03:05","slug":"el-centro-del-calvinismo","status":"publish","type":"post","link":"https:\/\/elversiculodeldia.com\/blog\/el-centro-del-calvinismo\/","title":{"rendered":"El centro del \u201ccalvinismo\u201d"},"content":{"rendered":"<div>\n<div>  <img decoding=\"async\" src=\"https:\/\/elversiculodeldia.com\/blog\/wp-content\/uploads\/2026\/08\/image.png\" alt=\"image.png\" width=\"1080\" \/>    <\/p>\n<div>  <\/div>\n<div>  <\/div>\n<p>  El centro del \u201ccalvinismo\u201d<\/p>\n<p>  \u00a0<\/p>\n<p>  \u00abQueridos amigos, siempre siguieron mis instrucciones cuando estaba con ustedes; y ahora que estoy lejos, es a\u00fan m\u00e1s importante que lo hagan. Esfu\u00e9rcense por demostrar   los resultados de su salvaci\u00f3n obedeciendo a Dios con profunda reverencia y temor. Pues Dios trabaja en ustedes y les da el deseo y el poder para que hagan lo que a \u00e9l le   agrada\u00bb\u00a0Filipenses 2:12-13 NTV*<\/p>\n<p>  \u00a0<\/p>\n<p>  Aqu\u00ed tenemos el n\u00facleo de la doctrina calvinista, el meollo. El hombre no hace nada, si Dios no lo induce. Es Dios Quien motiva en nosotros cada buena acci\u00f3n; no s\u00f3lo la   actitud, el querer, sino la ejecuci\u00f3n, llevarlo a cabo.<\/p>\n<p>  \u00a0<\/p>\n<p>  El prop\u00f3sito de \u201cCalvino\u201d siempre fue arrebatarle al hombre toda soberbia y falso orgullo, es decir, el querer ufanarse de las buenas obras que hace. Esto quedaba descartado,   en cuanto se advert\u00eda que cualquier cosa buena que hagamos, no es por nuestros m\u00e9ritos, porque seamos \u201cbuenos\u201d, o queramos serlo.<\/p>\n<p>  \u00a0<\/p>\n<p>  Y pongo \u201cCalvino\u201d, entre comillas, porque, al menos en este tema, \u00e9l no inventa nada, \u00e9l s\u00f3lo explica lo que dicen las Escrituras.<\/p>\n<p>  \u00a0<\/p>\n<p>  28 Agosto 2026<\/p>\n<p>  \u00a0<\/p>\n<p>  *Nueva Traducci\u00f3n Viviente<\/p>\n<div>  <\/div>\n<div>  <\/div>\n<\/p><\/div>\n<div><a href=\"https:\/\/elversiculodeldia.com\/blog\/?attachment_id=112263\"><img loading=\"lazy\" decoding=\"async\" src=\"https:\/\/elversiculodeldia.com\/blog\/wp-content\/uploads\/2026\/08\/La-Biblia-la-escribio-un-calvinista.jpg\" alt=\"\" title=\"\" width=\"1080\" height=\"1080\" \/><\/a><\/div>\n<\/div>\n","protected":false},"excerpt":{"rendered":"<p>El centro del \u201ccalvinismo\u201d \u00a0 \u00abQueridos amigos, siempre siguieron mis instrucciones cuando estaba con ustedes; y ahora que estoy lejos, es a\u00fan m\u00e1s importante que lo hagan. Esfu\u00e9rcense por demostrar los resultados de su salvaci\u00f3n obedeciendo a Dios con profunda reverencia y temor. Pues Dios trabaja en ustedes y les da el deseo y el [&hellip;]<\/p>\n","protected":false},"author":237,"featured_media":112263,"comment_status":"open","ping_status":"open","sticky":false,"template":"","format":"standard","meta":{"tdm_status":"","tdm_grid_status":"","footnotes":""},"categories":[5],"tags":[],"class_list":{"0":"post-112262","1":"post","2":"type-post","3":"status-publish","4":"format-standard","5":"has-post-thumbnail","7":"category-reflexiones"},"yoast_head":"<!-- This site is optimized with the Yoast SEO plugin v27.5 - https:\/\/yoast.com\/product\/yoast-seo-wordpress\/ -->\n<title>El centro del \u201ccalvinismo\u201d<\/title>\n<meta name=\"description\" content=\"El centro del \u201ccalvinismo\u201d - El vers\u00edculo del d\u00eda\" \/>\n<meta name=\"robots\" content=\"index, follow, max-snippet:-1, max-image-preview:large, max-video-preview:-1\" \/>\n<link rel=\"canonical\" href=\"https:\/\/elversiculodeldia.com\/blog\/el-centro-del-calvinismo\/\" \/>\n<meta property=\"og:locale\" content=\"en_US\" \/>\n<meta property=\"og:type\" content=\"article\" \/>\n<meta property=\"og:title\" content=\"El centro del \u201ccalvinismo\u201d\" \/>\n<meta property=\"og:description\" content=\"El centro del \u201ccalvinismo\u201d - El vers\u00edculo del d\u00eda\" \/>\n<meta property=\"og:url\" content=\"https:\/\/elversiculodeldia.com\/blog\/el-centro-del-calvinismo\/\" \/>\n<meta property=\"og:site_name\" content=\"El vers\u00edculo del d\u00eda\" \/>\n<meta property=\"article:publisher\" content=\"https:\/\/www.facebook.com\/elversiculodeldia\" \/>\n<meta property=\"article:published_time\" content=\"2026-08-28T12:26:22+00:00\" \/>\n<meta property=\"article:modified_time\" content=\"2026-08-28T13:03:05+00:00\" \/>\n<meta property=\"og:image\" content=\"https:\/\/elversiculodeldia.com\/blog\/wp-content\/uploads\/2026\/08\/La-Biblia-la-escribio-un-calvinista.jpg\" \/>\n\t<meta property=\"og:image:width\" content=\"1080\" \/>\n\t<meta property=\"og:image:height\" content=\"1080\" \/>\n\t<meta property=\"og:image:type\" content=\"image\/jpeg\" \/>\n<meta name=\"author\" content=\"Marcos Andujar\" \/>\n<meta name=\"twitter:card\" content=\"summary_large_image\" \/>\n<meta name=\"twitter:creator\" content=\"@elversiculo\" \/>\n<meta name=\"twitter:site\" content=\"@elversiculo\" \/>\n<meta name=\"twitter:label1\" content=\"Written by\" \/>\n\t<meta name=\"twitter:data1\" content=\"Marcos Andujar\" \/>\n\t<meta name=\"twitter:label2\" content=\"Est. reading time\" \/>\n\t<meta name=\"twitter:data2\" content=\"1 minute\" \/>\n<script type=\"application\/ld+json\" class=\"yoast-schema-graph\">{\"@context\":\"https:\\\/\\\/schema.org\",\"@graph\":[{\"@type\":\"Article\",\"@id\":\"https:\\\/\\\/elversiculodeldia.com\\\/blog\\\/el-centro-del-calvinismo\\\/#article\",\"isPartOf\":{\"@id\":\"https:\\\/\\\/elversiculodeldia.com\\\/blog\\\/el-centro-del-calvinismo\\\/\"},\"author\":{\"name\":\"Marcos Andujar\",\"@id\":\"https:\\\/\\\/elversiculodeldia.com\\\/blog\\\/#\\\/schema\\\/person\\\/8a51da9cfd8288e671ba60d2abe7ef1c\"},\"headline\":\"El centro del \u201ccalvinismo\u201d\",\"datePublished\":\"2026-08-28T12:26:22+00:00\",\"dateModified\":\"2026-08-28T13:03:05+00:00\",\"mainEntityOfPage\":{\"@id\":\"https:\\\/\\\/elversiculodeldia.com\\\/blog\\\/el-centro-del-calvinismo\\\/\"},\"wordCount\":201,\"commentCount\":0,\"publisher\":{\"@id\":\"https:\\\/\\\/elversiculodeldia.com\\\/blog\\\/#organization\"},\"image\":{\"@id\":\"https:\\\/\\\/elversiculodeldia.com\\\/blog\\\/el-centro-del-calvinismo\\\/#primaryimage\"},\"thumbnailUrl\":\"https:\\\/\\\/elversiculodeldia.com\\\/blog\\\/wp-content\\\/uploads\\\/2026\\\/08\\\/La-Biblia-la-escribio-un-calvinista.jpg\",\"articleSection\":[\"Reflexiones\"],\"inLanguage\":\"en-US\",\"potentialAction\":[{\"@type\":\"CommentAction\",\"name\":\"Comment\",\"target\":[\"https:\\\/\\\/elversiculodeldia.com\\\/blog\\\/el-centro-del-calvinismo\\\/#respond\"]}]},{\"@type\":\"WebPage\",\"@id\":\"https:\\\/\\\/elversiculodeldia.com\\\/blog\\\/el-centro-del-calvinismo\\\/\",\"url\":\"https:\\\/\\\/elversiculodeldia.com\\\/blog\\\/el-centro-del-calvinismo\\\/\",\"name\":\"El centro del \u201ccalvinismo\u201d\",\"isPartOf\":{\"@id\":\"https:\\\/\\\/elversiculodeldia.com\\\/blog\\\/#website\"},\"primaryImageOfPage\":{\"@id\":\"https:\\\/\\\/elversiculodeldia.com\\\/blog\\\/el-centro-del-calvinismo\\\/#primaryimage\"},\"image\":{\"@id\":\"https:\\\/\\\/elversiculodeldia.com\\\/blog\\\/el-centro-del-calvinismo\\\/#primaryimage\"},\"thumbnailUrl\":\"https:\\\/\\\/elversiculodeldia.com\\\/blog\\\/wp-content\\\/uploads\\\/2026\\\/08\\\/La-Biblia-la-escribio-un-calvinista.jpg\",\"datePublished\":\"2026-08-28T12:26:22+00:00\",\"dateModified\":\"2026-08-28T13:03:05+00:00\",\"description\":\"El centro del \u201ccalvinismo\u201d - El vers\u00edculo del d\u00eda\",\"inLanguage\":\"en-US\",\"potentialAction\":[{\"@type\":\"ReadAction\",\"target\":[\"https:\\\/\\\/elversiculodeldia.com\\\/blog\\\/el-centro-del-calvinismo\\\/\"]}]},{\"@type\":\"ImageObject\",\"inLanguage\":\"en-US\",\"@id\":\"https:\\\/\\\/elversiculodeldia.com\\\/blog\\\/el-centro-del-calvinismo\\\/#primaryimage\",\"url\":\"https:\\\/\\\/elversiculodeldia.com\\\/blog\\\/wp-content\\\/uploads\\\/2026\\\/08\\\/La-Biblia-la-escribio-un-calvinista.jpg\",\"contentUrl\":\"https:\\\/\\\/elversiculodeldia.com\\\/blog\\\/wp-content\\\/uploads\\\/2026\\\/08\\\/La-Biblia-la-escribio-un-calvinista.jpg\",\"width\":1080,\"height\":1080},{\"@type\":\"WebSite\",\"@id\":\"https:\\\/\\\/elversiculodeldia.com\\\/blog\\\/#website\",\"url\":\"https:\\\/\\\/elversiculodeldia.com\\\/blog\\\/\",\"name\":\"El Vers\u00edculo del D\u00eda\",\"description\":\"Llevando un vers\u00edculo de salvaci\u00f3n a cada coraz\u00f3n!\",\"publisher\":{\"@id\":\"https:\\\/\\\/elversiculodeldia.com\\\/blog\\\/#organization\"},\"potentialAction\":[{\"@type\":\"SearchAction\",\"target\":{\"@type\":\"EntryPoint\",\"urlTemplate\":\"https:\\\/\\\/elversiculodeldia.com\\\/blog\\\/?s={search_term_string}\"},\"query-input\":{\"@type\":\"PropertyValueSpecification\",\"valueRequired\":true,\"valueName\":\"search_term_string\"}}],\"inLanguage\":\"en-US\"},{\"@type\":\"Organization\",\"@id\":\"https:\\\/\\\/elversiculodeldia.com\\\/blog\\\/#organization\",\"name\":\"El Versiculo del Dia\",\"url\":\"https:\\\/\\\/elversiculodeldia.com\\\/blog\\\/\",\"logo\":{\"@type\":\"ImageObject\",\"inLanguage\":\"en-US\",\"@id\":\"https:\\\/\\\/elversiculodeldia.com\\\/blog\\\/#\\\/schema\\\/logo\\\/image\\\/\",\"url\":\"https:\\\/\\\/elversiculodeldia.com\\\/blog\\\/wp-content\\\/uploads\\\/2017\\\/04\\\/logoOficialEVD.png\",\"contentUrl\":\"https:\\\/\\\/elversiculodeldia.com\\\/blog\\\/wp-content\\\/uploads\\\/2017\\\/04\\\/logoOficialEVD.png\",\"width\":400,\"height\":100,\"caption\":\"El Versiculo del Dia\"},\"image\":{\"@id\":\"https:\\\/\\\/elversiculodeldia.com\\\/blog\\\/#\\\/schema\\\/logo\\\/image\\\/\"},\"sameAs\":[\"https:\\\/\\\/www.facebook.com\\\/elversiculodeldia\",\"https:\\\/\\\/x.com\\\/elversiculo\",\"https:\\\/\\\/www.instagram.com\\\/elversiculo\",\"https:\\\/\\\/www.youtube.com\\\/user\\\/elversiculodeldia\",\"https:\\\/\\\/chat.whatsapp.com\\\/HreYiXZFT8e0tZUmqriKfb\"]},{\"@type\":\"Person\",\"@id\":\"https:\\\/\\\/elversiculodeldia.com\\\/blog\\\/#\\\/schema\\\/person\\\/8a51da9cfd8288e671ba60d2abe7ef1c\",\"name\":\"Marcos Andujar\",\"image\":{\"@type\":\"ImageObject\",\"inLanguage\":\"en-US\",\"@id\":\"https:\\\/\\\/elversiculodeldia.com\\\/blog\\\/wp-content\\\/uploads\\\/2026\\\/01\\\/Marcos.jpg\",\"url\":\"https:\\\/\\\/elversiculodeldia.com\\\/blog\\\/wp-content\\\/uploads\\\/2026\\\/01\\\/Marcos.jpg\",\"contentUrl\":\"https:\\\/\\\/elversiculodeldia.com\\\/blog\\\/wp-content\\\/uploads\\\/2026\\\/01\\\/Marcos.jpg\",\"caption\":\"Marcos Andujar\"},\"sameAs\":[\"https:\\\/\\\/elversiculodeldia.com\\\/\"],\"url\":\"https:\\\/\\\/elversiculodeldia.com\\\/blog\\\/author\\\/marcosandujar\\\/\"}]}<\/script>\n<!-- \/ Yoast SEO plugin. -->","yoast_head_json":{"title":"El centro del \u201ccalvinismo\u201d","description":"El centro del \u201ccalvinismo\u201d - El vers\u00edculo del d\u00eda","robots":{"index":"index","follow":"follow","max-snippet":"max-snippet:-1","max-image-preview":"max-image-preview:large","max-video-preview":"max-video-preview:-1"},"canonical":"https:\/\/elversiculodeldia.com\/blog\/el-centro-del-calvinismo\/","og_locale":"en_US","og_type":"article","og_title":"El centro del \u201ccalvinismo\u201d","og_description":"El centro del \u201ccalvinismo\u201d - El vers\u00edculo del d\u00eda","og_url":"https:\/\/elversiculodeldia.com\/blog\/el-centro-del-calvinismo\/","og_site_name":"El vers\u00edculo del d\u00eda","article_publisher":"https:\/\/www.facebook.com\/elversiculodeldia","article_published_time":"2026-08-28T12:26:22+00:00","article_modified_time":"2026-08-28T13:03:05+00:00","og_image":[{"width":1080,"height":1080,"url":"https:\/\/elversiculodeldia.com\/blog\/wp-content\/uploads\/2026\/08\/La-Biblia-la-escribio-un-calvinista.jpg","type":"image\/jpeg"}],"author":"Marcos Andujar","twitter_card":"summary_large_image","twitter_creator":"@elversiculo","twitter_site":"@elversiculo","twitter_misc":{"Written by":"Marcos Andujar","Est. reading time":"1 minute"},"schema":{"@context":"https:\/\/schema.org","@graph":[{"@type":"Article","@id":"https:\/\/elversiculodeldia.com\/blog\/el-centro-del-calvinismo\/#article","isPartOf":{"@id":"https:\/\/elversiculodeldia.com\/blog\/el-centro-del-calvinismo\/"},"author":{"name":"Marcos Andujar","@id":"https:\/\/elversiculodeldia.com\/blog\/#\/schema\/person\/8a51da9cfd8288e671ba60d2abe7ef1c"},"headline":"El centro del \u201ccalvinismo\u201d","datePublished":"2026-08-28T12:26:22+00:00","dateModified":"2026-08-28T13:03:05+00:00","mainEntityOfPage":{"@id":"https:\/\/elversiculodeldia.com\/blog\/el-centro-del-calvinismo\/"},"wordCount":201,"commentCount":0,"publisher":{"@id":"https:\/\/elversiculodeldia.com\/blog\/#organization"},"image":{"@id":"https:\/\/elversiculodeldia.com\/blog\/el-centro-del-calvinismo\/#primaryimage"},"thumbnailUrl":"https:\/\/elversiculodeldia.com\/blog\/wp-content\/uploads\/2026\/08\/La-Biblia-la-escribio-un-calvinista.jpg","articleSection":["Reflexiones"],"inLanguage":"en-US","potentialAction":[{"@type":"CommentAction","name":"Comment","target":["https:\/\/elversiculodeldia.com\/blog\/el-centro-del-calvinismo\/#respond"]}]},{"@type":"WebPage","@id":"https:\/\/elversiculodeldia.com\/blog\/el-centro-del-calvinismo\/","url":"https:\/\/elversiculodeldia.com\/blog\/el-centro-del-calvinismo\/","name":"El centro del \u201ccalvinismo\u201d","isPartOf":{"@id":"https:\/\/elversiculodeldia.com\/blog\/#website"},"primaryImageOfPage":{"@id":"https:\/\/elversiculodeldia.com\/blog\/el-centro-del-calvinismo\/#primaryimage"},"image":{"@id":"https:\/\/elversiculodeldia.com\/blog\/el-centro-del-calvinismo\/#primaryimage"},"thumbnailUrl":"https:\/\/elversiculodeldia.com\/blog\/wp-content\/uploads\/2026\/08\/La-Biblia-la-escribio-un-calvinista.jpg","datePublished":"2026-08-28T12:26:22+00:00","dateModified":"2026-08-28T13:03:05+00:00","description":"El centro del \u201ccalvinismo\u201d - El vers\u00edculo del d\u00eda","inLanguage":"en-US","potentialAction":[{"@type":"ReadAction","target":["https:\/\/elversiculodeldia.com\/blog\/el-centro-del-calvinismo\/"]}]},{"@type":"ImageObject","inLanguage":"en-US","@id":"https:\/\/elversiculodeldia.com\/blog\/el-centro-del-calvinismo\/#primaryimage","url":"https:\/\/elversiculodeldia.com\/blog\/wp-content\/uploads\/2026\/08\/La-Biblia-la-escribio-un-calvinista.jpg","contentUrl":"https:\/\/elversiculodeldia.com\/blog\/wp-content\/uploads\/2026\/08\/La-Biblia-la-escribio-un-calvinista.jpg","width":1080,"height":1080},{"@type":"WebSite","@id":"https:\/\/elversiculodeldia.com\/blog\/#website","url":"https:\/\/elversiculodeldia.com\/blog\/","name":"El Vers\u00edculo del D\u00eda","description":"Llevando un vers\u00edculo de salvaci\u00f3n a cada coraz\u00f3n!","publisher":{"@id":"https:\/\/elversiculodeldia.com\/blog\/#organization"},"potentialAction":[{"@type":"SearchAction","target":{"@type":"EntryPoint","urlTemplate":"https:\/\/elversiculodeldia.com\/blog\/?s={search_term_string}"},"query-input":{"@type":"PropertyValueSpecification","valueRequired":true,"valueName":"search_term_string"}}],"inLanguage":"en-US"},{"@type":"Organization","@id":"https:\/\/elversiculodeldia.com\/blog\/#organization","name":"El Versiculo del Dia","url":"https:\/\/elversiculodeldia.com\/blog\/","logo":{"@type":"ImageObject","inLanguage":"en-US","@id":"https:\/\/elversiculodeldia.com\/blog\/#\/schema\/logo\/image\/","url":"https:\/\/elversiculodeldia.com\/blog\/wp-content\/uploads\/2017\/04\/logoOficialEVD.png","contentUrl":"https:\/\/elversiculodeldia.com\/blog\/wp-content\/uploads\/2017\/04\/logoOficialEVD.png","width":400,"height":100,"caption":"El Versiculo del Dia"},"image":{"@id":"https:\/\/elversiculodeldia.com\/blog\/#\/schema\/logo\/image\/"},"sameAs":["https:\/\/www.facebook.com\/elversiculodeldia","https:\/\/x.com\/elversiculo","https:\/\/www.instagram.com\/elversiculo","https:\/\/www.youtube.com\/user\/elversiculodeldia","https:\/\/chat.whatsapp.com\/HreYiXZFT8e0tZUmqriKfb"]},{"@type":"Person","@id":"https:\/\/elversiculodeldia.com\/blog\/#\/schema\/person\/8a51da9cfd8288e671ba60d2abe7ef1c","name":"Marcos Andujar","image":{"@type":"ImageObject","inLanguage":"en-US","@id":"https:\/\/elversiculodeldia.com\/blog\/wp-content\/uploads\/2026\/01\/Marcos.jpg","url":"https:\/\/elversiculodeldia.com\/blog\/wp-content\/uploads\/2026\/01\/Marcos.jpg","contentUrl":"https:\/\/elversiculodeldia.com\/blog\/wp-content\/uploads\/2026\/01\/Marcos.jpg","caption":"Marcos Andujar"},"sameAs":["https:\/\/elversiculodeldia.com\/"],"url":"https:\/\/elversiculodeldia.com\/blog\/author\/marcosandujar\/"}]}},"amp_enabled":true,"_links":{"self":[{"href":"https:\/\/elversiculodeldia.com\/blog\/wp-json\/wp\/v2\/posts\/112262","targetHints":{"allow":["GET"]}}],"collection":[{"href":"https:\/\/elversiculodeldia.com\/blog\/wp-json\/wp\/v2\/posts"}],"about":[{"href":"https:\/\/elversiculodeldia.com\/blog\/wp-json\/wp\/v2\/types\/post"}],"author":[{"embeddable":true,"href":"https:\/\/elversiculodeldia.com\/blog\/wp-json\/wp\/v2\/users\/237"}],"replies":[{"embeddable":true,"href":"https:\/\/elversiculodeldia.com\/blog\/wp-json\/wp\/v2\/comments?post=112262"}],"version-history":[{"count":0,"href":"https:\/\/elversiculodeldia.com\/blog\/wp-json\/wp\/v2\/posts\/112262\/revisions"}],"wp:featuredmedia":[{"embeddable":true,"href":"https:\/\/elversiculodeldia.com\/blog\/wp-json\/wp\/v2\/media\/112263"}],"wp:attachment":[{"href":"https:\/\/elversiculodeldia.com\/blog\/wp-json\/wp\/v2\/media?parent=112262"}],"wp:term":[{"taxonomy":"category","embeddable":true,"href":"https:\/\/elversiculodeldia.com\/blog\/wp-json\/wp\/v2\/categories?post=112262"},{"taxonomy":"post_tag","embeddable":true,"href":"https:\/\/elversiculodeldia.com\/blog\/wp-json\/wp\/v2\/tags?post=112262"}],"curies":[{"name":"wp","href":"https:\/\/api.w.org\/{rel}","templated":true}]}}