{"id":112038,"date":"2026-08-07T09:10:13","date_gmt":"2026-08-07T13:10:13","guid":{"rendered":"https:\/\/elversiculodeldia.com\/blog\/?p=112038"},"modified":"2026-08-07T10:03:06","modified_gmt":"2026-08-07T14:03:06","slug":"en-donde-termina","status":"publish","type":"post","link":"https:\/\/elversiculodeldia.com\/blog\/en-donde-termina\/","title":{"rendered":"En d\u00f3nde termina"},"content":{"rendered":"<div>\n<div>\n<p>  <\/p>\n<p>  <img decoding=\"async\" src=\"https:\/\/elversiculodeldia.com\/blog\/wp-content\/uploads\/2026\/08\/todos-los-llamados-de-mi-nombre-para-gloria-mia-los-he-creado-los-forme-y-los-hice.png\" alt=\"todos los llamados de mi nombre; para gloria m\u00eda los he creado, los form\u00e9 y los hice..png\" width=\"600\" \/><\/p>\n<p>  <\/p>\n<p>  <a>En d\u00f3nde termina<\/a><\/p>\n<p>  \u00a0<\/p>\n<p>  \u00abLe pido a Dios que ustedes se amen cada vez m\u00e1s, y que todo lo aprendan bien y lo juzguen correctamente,\u00a0para que sepan c\u00f3mo elegir lo mejor. As\u00ed, cuando\u00a0Cristo\u00a0vuelva,   estar\u00e1n sin\u00a0pecado\u00a0y nadie podr\u00e1 acusarlos de nada.\u00a0Porque, con la ayuda de Jesucristo, ustedes har\u00e1n lo bueno, para que la gente alabe y honre a Dios\u00bb  Filipenses 1:9-11 TLA*<\/p>\n<p>  \u00a0<\/p>\n<p>  A ver: si nos amamos los unos a los otros, juzgamos correctamente, y tomamos decisiones clave en cada ocasi\u00f3n, el ineludible y totalmente obligatorio resultado de esto ser\u00e1   una vida de santidad. Esto ser\u00e1 tan firme y duradero que aun ser\u00e1 cierto cuando Cristo vuelva.<\/p>\n<p>  \u00a0<\/p>\n<p>  Quien vive una vida as\u00ed, est\u00e1 pr\u00f3ximo a alcanzar \u201cla estatura de Cristo\u201d que se menciona m\u00e1s adelante en Efesios 4:13. Y est\u00e1 justo en el medio del prop\u00f3sito de Dios para   la vida del hombre: Su Gloria y Alabanza.<\/p>\n<p>  \u00a0<\/p>\n<p>  7 Agosto 2026<\/p>\n<p>  \u00a0<\/p>\n<p>  *Traducci\u00f3n En Lenguaje Actual<\/p>\n<p>  \u00a0<\/p>\n<div>  <\/div>\n<div>  <\/div>\n<\/p><\/div>\n<\/div>\n","protected":false},"excerpt":{"rendered":"<p>En d\u00f3nde termina \u00a0 \u00abLe pido a Dios que ustedes se amen cada vez m\u00e1s, y que todo lo aprendan bien y lo juzguen correctamente,\u00a0para que sepan c\u00f3mo elegir lo mejor. As\u00ed, cuando\u00a0Cristo\u00a0vuelva, estar\u00e1n sin\u00a0pecado\u00a0y nadie podr\u00e1 acusarlos de nada.\u00a0Porque, con la ayuda de Jesucristo, ustedes har\u00e1n lo bueno, para que la gente alabe y [&hellip;]<\/p>\n","protected":false},"author":237,"featured_media":112039,"comment_status":"open","ping_status":"open","sticky":false,"template":"","format":"standard","meta":{"tdm_status":"","tdm_grid_status":"","footnotes":""},"categories":[5],"tags":[],"class_list":{"0":"post-112038","1":"post","2":"type-post","3":"status-publish","4":"format-standard","5":"has-post-thumbnail","7":"category-reflexiones"},"yoast_head":"<!-- This site is optimized with the Yoast SEO plugin v27.5 - https:\/\/yoast.com\/product\/yoast-seo-wordpress\/ -->\n<title>En d\u00f3nde termina<\/title>\n<meta name=\"description\" content=\"En d\u00f3nde termina - El vers\u00edculo del d\u00eda\" \/>\n<meta name=\"robots\" content=\"index, follow, max-snippet:-1, max-image-preview:large, max-video-preview:-1\" \/>\n<link rel=\"canonical\" href=\"https:\/\/elversiculodeldia.com\/blog\/en-donde-termina\/\" \/>\n<meta property=\"og:locale\" content=\"en_US\" \/>\n<meta property=\"og:type\" content=\"article\" \/>\n<meta property=\"og:title\" content=\"En d\u00f3nde termina\" \/>\n<meta property=\"og:description\" content=\"En d\u00f3nde termina - El vers\u00edculo del d\u00eda\" \/>\n<meta property=\"og:url\" content=\"https:\/\/elversiculodeldia.com\/blog\/en-donde-termina\/\" \/>\n<meta property=\"og:site_name\" content=\"El vers\u00edculo del d\u00eda\" \/>\n<meta property=\"article:publisher\" content=\"https:\/\/www.facebook.com\/elversiculodeldia\" \/>\n<meta property=\"article:published_time\" content=\"2026-08-07T13:10:13+00:00\" \/>\n<meta property=\"article:modified_time\" content=\"2026-08-07T14:03:06+00:00\" \/>\n<meta property=\"og:image\" content=\"https:\/\/elversiculodeldia.com\/blog\/wp-content\/uploads\/2026\/08\/todos-los-llamados-de-mi-nombre-para-gloria-mia-los-he-creado-los-forme-y-los-hice.png\" \/>\n\t<meta property=\"og:image:width\" content=\"800\" \/>\n\t<meta property=\"og:image:height\" content=\"500\" \/>\n\t<meta property=\"og:image:type\" content=\"image\/png\" \/>\n<meta name=\"author\" content=\"Marcos Andujar\" \/>\n<meta name=\"twitter:card\" content=\"summary_large_image\" \/>\n<meta name=\"twitter:creator\" content=\"@elversiculo\" \/>\n<meta name=\"twitter:site\" content=\"@elversiculo\" \/>\n<meta name=\"twitter:label1\" content=\"Written by\" \/>\n\t<meta name=\"twitter:data1\" content=\"Marcos Andujar\" \/>\n\t<meta name=\"twitter:label2\" content=\"Est. reading time\" \/>\n\t<meta name=\"twitter:data2\" content=\"1 minute\" \/>\n<script type=\"application\/ld+json\" class=\"yoast-schema-graph\">{\"@context\":\"https:\\\/\\\/schema.org\",\"@graph\":[{\"@type\":\"Article\",\"@id\":\"https:\\\/\\\/elversiculodeldia.com\\\/blog\\\/en-donde-termina\\\/#article\",\"isPartOf\":{\"@id\":\"https:\\\/\\\/elversiculodeldia.com\\\/blog\\\/en-donde-termina\\\/\"},\"author\":{\"name\":\"Marcos Andujar\",\"@id\":\"https:\\\/\\\/elversiculodeldia.com\\\/blog\\\/#\\\/schema\\\/person\\\/8a51da9cfd8288e671ba60d2abe7ef1c\"},\"headline\":\"En d\u00f3nde termina\",\"datePublished\":\"2026-08-07T13:10:13+00:00\",\"dateModified\":\"2026-08-07T14:03:06+00:00\",\"mainEntityOfPage\":{\"@id\":\"https:\\\/\\\/elversiculodeldia.com\\\/blog\\\/en-donde-termina\\\/\"},\"wordCount\":169,\"commentCount\":0,\"publisher\":{\"@id\":\"https:\\\/\\\/elversiculodeldia.com\\\/blog\\\/#organization\"},\"image\":{\"@id\":\"https:\\\/\\\/elversiculodeldia.com\\\/blog\\\/en-donde-termina\\\/#primaryimage\"},\"thumbnailUrl\":\"https:\\\/\\\/elversiculodeldia.com\\\/blog\\\/wp-content\\\/uploads\\\/2026\\\/08\\\/todos-los-llamados-de-mi-nombre-para-gloria-mia-los-he-creado-los-forme-y-los-hice.png\",\"articleSection\":[\"Reflexiones\"],\"inLanguage\":\"en-US\",\"potentialAction\":[{\"@type\":\"CommentAction\",\"name\":\"Comment\",\"target\":[\"https:\\\/\\\/elversiculodeldia.com\\\/blog\\\/en-donde-termina\\\/#respond\"]}]},{\"@type\":\"WebPage\",\"@id\":\"https:\\\/\\\/elversiculodeldia.com\\\/blog\\\/en-donde-termina\\\/\",\"url\":\"https:\\\/\\\/elversiculodeldia.com\\\/blog\\\/en-donde-termina\\\/\",\"name\":\"En d\u00f3nde termina\",\"isPartOf\":{\"@id\":\"https:\\\/\\\/elversiculodeldia.com\\\/blog\\\/#website\"},\"primaryImageOfPage\":{\"@id\":\"https:\\\/\\\/elversiculodeldia.com\\\/blog\\\/en-donde-termina\\\/#primaryimage\"},\"image\":{\"@id\":\"https:\\\/\\\/elversiculodeldia.com\\\/blog\\\/en-donde-termina\\\/#primaryimage\"},\"thumbnailUrl\":\"https:\\\/\\\/elversiculodeldia.com\\\/blog\\\/wp-content\\\/uploads\\\/2026\\\/08\\\/todos-los-llamados-de-mi-nombre-para-gloria-mia-los-he-creado-los-forme-y-los-hice.png\",\"datePublished\":\"2026-08-07T13:10:13+00:00\",\"dateModified\":\"2026-08-07T14:03:06+00:00\",\"description\":\"En d\u00f3nde termina - El vers\u00edculo del d\u00eda\",\"inLanguage\":\"en-US\",\"potentialAction\":[{\"@type\":\"ReadAction\",\"target\":[\"https:\\\/\\\/elversiculodeldia.com\\\/blog\\\/en-donde-termina\\\/\"]}]},{\"@type\":\"ImageObject\",\"inLanguage\":\"en-US\",\"@id\":\"https:\\\/\\\/elversiculodeldia.com\\\/blog\\\/en-donde-termina\\\/#primaryimage\",\"url\":\"https:\\\/\\\/elversiculodeldia.com\\\/blog\\\/wp-content\\\/uploads\\\/2026\\\/08\\\/todos-los-llamados-de-mi-nombre-para-gloria-mia-los-he-creado-los-forme-y-los-hice.png\",\"contentUrl\":\"https:\\\/\\\/elversiculodeldia.com\\\/blog\\\/wp-content\\\/uploads\\\/2026\\\/08\\\/todos-los-llamados-de-mi-nombre-para-gloria-mia-los-he-creado-los-forme-y-los-hice.png\",\"width\":800,\"height\":500},{\"@type\":\"WebSite\",\"@id\":\"https:\\\/\\\/elversiculodeldia.com\\\/blog\\\/#website\",\"url\":\"https:\\\/\\\/elversiculodeldia.com\\\/blog\\\/\",\"name\":\"El Vers\u00edculo del D\u00eda\",\"description\":\"Llevando un vers\u00edculo de salvaci\u00f3n a cada coraz\u00f3n!\",\"publisher\":{\"@id\":\"https:\\\/\\\/elversiculodeldia.com\\\/blog\\\/#organization\"},\"potentialAction\":[{\"@type\":\"SearchAction\",\"target\":{\"@type\":\"EntryPoint\",\"urlTemplate\":\"https:\\\/\\\/elversiculodeldia.com\\\/blog\\\/?s={search_term_string}\"},\"query-input\":{\"@type\":\"PropertyValueSpecification\",\"valueRequired\":true,\"valueName\":\"search_term_string\"}}],\"inLanguage\":\"en-US\"},{\"@type\":\"Organization\",\"@id\":\"https:\\\/\\\/elversiculodeldia.com\\\/blog\\\/#organization\",\"name\":\"El Versiculo del Dia\",\"url\":\"https:\\\/\\\/elversiculodeldia.com\\\/blog\\\/\",\"logo\":{\"@type\":\"ImageObject\",\"inLanguage\":\"en-US\",\"@id\":\"https:\\\/\\\/elversiculodeldia.com\\\/blog\\\/#\\\/schema\\\/logo\\\/image\\\/\",\"url\":\"https:\\\/\\\/elversiculodeldia.com\\\/blog\\\/wp-content\\\/uploads\\\/2017\\\/04\\\/logoOficialEVD.png\",\"contentUrl\":\"https:\\\/\\\/elversiculodeldia.com\\\/blog\\\/wp-content\\\/uploads\\\/2017\\\/04\\\/logoOficialEVD.png\",\"width\":400,\"height\":100,\"caption\":\"El Versiculo del Dia\"},\"image\":{\"@id\":\"https:\\\/\\\/elversiculodeldia.com\\\/blog\\\/#\\\/schema\\\/logo\\\/image\\\/\"},\"sameAs\":[\"https:\\\/\\\/www.facebook.com\\\/elversiculodeldia\",\"https:\\\/\\\/x.com\\\/elversiculo\",\"https:\\\/\\\/www.instagram.com\\\/elversiculo\",\"https:\\\/\\\/www.youtube.com\\\/user\\\/elversiculodeldia\",\"https:\\\/\\\/chat.whatsapp.com\\\/HreYiXZFT8e0tZUmqriKfb\"]},{\"@type\":\"Person\",\"@id\":\"https:\\\/\\\/elversiculodeldia.com\\\/blog\\\/#\\\/schema\\\/person\\\/8a51da9cfd8288e671ba60d2abe7ef1c\",\"name\":\"Marcos Andujar\",\"image\":{\"@type\":\"ImageObject\",\"inLanguage\":\"en-US\",\"@id\":\"https:\\\/\\\/elversiculodeldia.com\\\/blog\\\/wp-content\\\/uploads\\\/2026\\\/01\\\/Marcos.jpg\",\"url\":\"https:\\\/\\\/elversiculodeldia.com\\\/blog\\\/wp-content\\\/uploads\\\/2026\\\/01\\\/Marcos.jpg\",\"contentUrl\":\"https:\\\/\\\/elversiculodeldia.com\\\/blog\\\/wp-content\\\/uploads\\\/2026\\\/01\\\/Marcos.jpg\",\"caption\":\"Marcos Andujar\"},\"sameAs\":[\"https:\\\/\\\/elversiculodeldia.com\\\/\"],\"url\":\"https:\\\/\\\/elversiculodeldia.com\\\/blog\\\/author\\\/marcosandujar\\\/\"}]}<\/script>\n<!-- \/ Yoast SEO plugin. -->","yoast_head_json":{"title":"En d\u00f3nde termina","description":"En d\u00f3nde termina - El vers\u00edculo del d\u00eda","robots":{"index":"index","follow":"follow","max-snippet":"max-snippet:-1","max-image-preview":"max-image-preview:large","max-video-preview":"max-video-preview:-1"},"canonical":"https:\/\/elversiculodeldia.com\/blog\/en-donde-termina\/","og_locale":"en_US","og_type":"article","og_title":"En d\u00f3nde termina","og_description":"En d\u00f3nde termina - El vers\u00edculo del d\u00eda","og_url":"https:\/\/elversiculodeldia.com\/blog\/en-donde-termina\/","og_site_name":"El vers\u00edculo del d\u00eda","article_publisher":"https:\/\/www.facebook.com\/elversiculodeldia","article_published_time":"2026-08-07T13:10:13+00:00","article_modified_time":"2026-08-07T14:03:06+00:00","og_image":[{"width":800,"height":500,"url":"https:\/\/elversiculodeldia.com\/blog\/wp-content\/uploads\/2026\/08\/todos-los-llamados-de-mi-nombre-para-gloria-mia-los-he-creado-los-forme-y-los-hice.png","type":"image\/png"}],"author":"Marcos Andujar","twitter_card":"summary_large_image","twitter_creator":"@elversiculo","twitter_site":"@elversiculo","twitter_misc":{"Written by":"Marcos Andujar","Est. reading time":"1 minute"},"schema":{"@context":"https:\/\/schema.org","@graph":[{"@type":"Article","@id":"https:\/\/elversiculodeldia.com\/blog\/en-donde-termina\/#article","isPartOf":{"@id":"https:\/\/elversiculodeldia.com\/blog\/en-donde-termina\/"},"author":{"name":"Marcos Andujar","@id":"https:\/\/elversiculodeldia.com\/blog\/#\/schema\/person\/8a51da9cfd8288e671ba60d2abe7ef1c"},"headline":"En d\u00f3nde termina","datePublished":"2026-08-07T13:10:13+00:00","dateModified":"2026-08-07T14:03:06+00:00","mainEntityOfPage":{"@id":"https:\/\/elversiculodeldia.com\/blog\/en-donde-termina\/"},"wordCount":169,"commentCount":0,"publisher":{"@id":"https:\/\/elversiculodeldia.com\/blog\/#organization"},"image":{"@id":"https:\/\/elversiculodeldia.com\/blog\/en-donde-termina\/#primaryimage"},"thumbnailUrl":"https:\/\/elversiculodeldia.com\/blog\/wp-content\/uploads\/2026\/08\/todos-los-llamados-de-mi-nombre-para-gloria-mia-los-he-creado-los-forme-y-los-hice.png","articleSection":["Reflexiones"],"inLanguage":"en-US","potentialAction":[{"@type":"CommentAction","name":"Comment","target":["https:\/\/elversiculodeldia.com\/blog\/en-donde-termina\/#respond"]}]},{"@type":"WebPage","@id":"https:\/\/elversiculodeldia.com\/blog\/en-donde-termina\/","url":"https:\/\/elversiculodeldia.com\/blog\/en-donde-termina\/","name":"En d\u00f3nde termina","isPartOf":{"@id":"https:\/\/elversiculodeldia.com\/blog\/#website"},"primaryImageOfPage":{"@id":"https:\/\/elversiculodeldia.com\/blog\/en-donde-termina\/#primaryimage"},"image":{"@id":"https:\/\/elversiculodeldia.com\/blog\/en-donde-termina\/#primaryimage"},"thumbnailUrl":"https:\/\/elversiculodeldia.com\/blog\/wp-content\/uploads\/2026\/08\/todos-los-llamados-de-mi-nombre-para-gloria-mia-los-he-creado-los-forme-y-los-hice.png","datePublished":"2026-08-07T13:10:13+00:00","dateModified":"2026-08-07T14:03:06+00:00","description":"En d\u00f3nde termina - El vers\u00edculo del d\u00eda","inLanguage":"en-US","potentialAction":[{"@type":"ReadAction","target":["https:\/\/elversiculodeldia.com\/blog\/en-donde-termina\/"]}]},{"@type":"ImageObject","inLanguage":"en-US","@id":"https:\/\/elversiculodeldia.com\/blog\/en-donde-termina\/#primaryimage","url":"https:\/\/elversiculodeldia.com\/blog\/wp-content\/uploads\/2026\/08\/todos-los-llamados-de-mi-nombre-para-gloria-mia-los-he-creado-los-forme-y-los-hice.png","contentUrl":"https:\/\/elversiculodeldia.com\/blog\/wp-content\/uploads\/2026\/08\/todos-los-llamados-de-mi-nombre-para-gloria-mia-los-he-creado-los-forme-y-los-hice.png","width":800,"height":500},{"@type":"WebSite","@id":"https:\/\/elversiculodeldia.com\/blog\/#website","url":"https:\/\/elversiculodeldia.com\/blog\/","name":"El Vers\u00edculo del D\u00eda","description":"Llevando un vers\u00edculo de salvaci\u00f3n a cada coraz\u00f3n!","publisher":{"@id":"https:\/\/elversiculodeldia.com\/blog\/#organization"},"potentialAction":[{"@type":"SearchAction","target":{"@type":"EntryPoint","urlTemplate":"https:\/\/elversiculodeldia.com\/blog\/?s={search_term_string}"},"query-input":{"@type":"PropertyValueSpecification","valueRequired":true,"valueName":"search_term_string"}}],"inLanguage":"en-US"},{"@type":"Organization","@id":"https:\/\/elversiculodeldia.com\/blog\/#organization","name":"El Versiculo del Dia","url":"https:\/\/elversiculodeldia.com\/blog\/","logo":{"@type":"ImageObject","inLanguage":"en-US","@id":"https:\/\/elversiculodeldia.com\/blog\/#\/schema\/logo\/image\/","url":"https:\/\/elversiculodeldia.com\/blog\/wp-content\/uploads\/2017\/04\/logoOficialEVD.png","contentUrl":"https:\/\/elversiculodeldia.com\/blog\/wp-content\/uploads\/2017\/04\/logoOficialEVD.png","width":400,"height":100,"caption":"El Versiculo del Dia"},"image":{"@id":"https:\/\/elversiculodeldia.com\/blog\/#\/schema\/logo\/image\/"},"sameAs":["https:\/\/www.facebook.com\/elversiculodeldia","https:\/\/x.com\/elversiculo","https:\/\/www.instagram.com\/elversiculo","https:\/\/www.youtube.com\/user\/elversiculodeldia","https:\/\/chat.whatsapp.com\/HreYiXZFT8e0tZUmqriKfb"]},{"@type":"Person","@id":"https:\/\/elversiculodeldia.com\/blog\/#\/schema\/person\/8a51da9cfd8288e671ba60d2abe7ef1c","name":"Marcos Andujar","image":{"@type":"ImageObject","inLanguage":"en-US","@id":"https:\/\/elversiculodeldia.com\/blog\/wp-content\/uploads\/2026\/01\/Marcos.jpg","url":"https:\/\/elversiculodeldia.com\/blog\/wp-content\/uploads\/2026\/01\/Marcos.jpg","contentUrl":"https:\/\/elversiculodeldia.com\/blog\/wp-content\/uploads\/2026\/01\/Marcos.jpg","caption":"Marcos Andujar"},"sameAs":["https:\/\/elversiculodeldia.com\/"],"url":"https:\/\/elversiculodeldia.com\/blog\/author\/marcosandujar\/"}]}},"amp_enabled":true,"_links":{"self":[{"href":"https:\/\/elversiculodeldia.com\/blog\/wp-json\/wp\/v2\/posts\/112038","targetHints":{"allow":["GET"]}}],"collection":[{"href":"https:\/\/elversiculodeldia.com\/blog\/wp-json\/wp\/v2\/posts"}],"about":[{"href":"https:\/\/elversiculodeldia.com\/blog\/wp-json\/wp\/v2\/types\/post"}],"author":[{"embeddable":true,"href":"https:\/\/elversiculodeldia.com\/blog\/wp-json\/wp\/v2\/users\/237"}],"replies":[{"embeddable":true,"href":"https:\/\/elversiculodeldia.com\/blog\/wp-json\/wp\/v2\/comments?post=112038"}],"version-history":[{"count":0,"href":"https:\/\/elversiculodeldia.com\/blog\/wp-json\/wp\/v2\/posts\/112038\/revisions"}],"wp:featuredmedia":[{"embeddable":true,"href":"https:\/\/elversiculodeldia.com\/blog\/wp-json\/wp\/v2\/media\/112039"}],"wp:attachment":[{"href":"https:\/\/elversiculodeldia.com\/blog\/wp-json\/wp\/v2\/media?parent=112038"}],"wp:term":[{"taxonomy":"category","embeddable":true,"href":"https:\/\/elversiculodeldia.com\/blog\/wp-json\/wp\/v2\/categories?post=112038"},{"taxonomy":"post_tag","embeddable":true,"href":"https:\/\/elversiculodeldia.com\/blog\/wp-json\/wp\/v2\/tags?post=112038"}],"curies":[{"name":"wp","href":"https:\/\/api.w.org\/{rel}","templated":true}]}}